{"id":5764,"date":"2023-03-21T18:53:00","date_gmt":"2023-03-21T18:53:00","guid":{"rendered":"https:\/\/noticiasdestaque.com.br\/index.php\/2023\/03\/21\/haddad-espera-aprovar-plano-economico-ate-final-do-ano\/"},"modified":"2023-03-21T18:53:00","modified_gmt":"2023-03-21T18:53:00","slug":"haddad-espera-aprovar-plano-economico-ate-final-do-ano","status":"publish","type":"post","link":"https:\/\/noticiasdestaque.com.br\/index.php\/2023\/03\/21\/haddad-espera-aprovar-plano-economico-ate-final-do-ano\/","title":{"rendered":"Haddad espera aprovar plano\u00a0econ\u00f4mico at\u00e9 final do ano"},"content":{"rendered":"<style> bloco.meta {font-style: italic; color: #666;font-weight: 600;font-size: .8em; \/* line-height: .3em; *\/}  text h2 { font-weight: 700 !important;  color: #062f46 !important;} text img { width: none; left: none;}<\/style>\n<\/p>\n<p>O ministro da Fazenda, Fernando Haddad, disse hoje (21) que est\u00e1 otimista sobre o governo encontrar equil\u00edbrio entre sustentabilidade fiscal e desenvolvimento s\u00f3cio-econ\u00f4mico e estimou que as medidas necess\u00e1rias para isso devem ser aprovadas at\u00e9 o fim deste ano. De Bras\u00edlia, Haddad participou, virtualmente, do encerramento do semin\u00e1rio Estrat\u00e9gias de Desenvolvimento Sustent\u00e1vel para o S\u00e9culo XXI, realizado no Banco Nacional do Desenvolvimento Econ\u00f4mico e Social (BNDES), no Rio de Janeiro. <aimg src=\"https:\/\/aagenciabrasil.ebc.com.br\/ebc.apng?id=1517799\n<\/p>\n<input type=\"hidden\" id=\"baseurl\" value=\"https:\/\/noticiasdestaque.com.br\"><input type=\"hidden\" id=\"audio_nonce\" value=\"6a24ca502e\">","protected":false},"excerpt":{"rendered":"<p>Medidas j\u00e1 aprovadas come\u00e7am a vigorar a partir de 1\u00b0 de maio<\/p>\n","protected":false},"author":1,"featured_media":5766,"comment_status":"open","ping_status":"open","sticky":false,"template":"","format":"standard","meta":{"fifu_image_url":"","fifu_image_alt":"","footnotes":""},"categories":[1],"tags":[107],"class_list":["post-5764","post","type-post","status-publish","format-standard","has-post-thumbnail","hentry","category-uncategorized","tag-closer-vendedor-milionario"],"distributor_meta":false,"distributor_terms":false,"distributor_media":false,"distributor_original_site_name":"Noticias em Destaque","distributor_original_site_url":"https:\/\/noticiasdestaque.com.br","push-errors":false,"_links":{"self":[{"href":"https:\/\/noticiasdestaque.com.br\/index.php\/wp-json\/wp\/v2\/posts\/5764","targetHints":{"allow":["GET"]}}],"collection":[{"href":"https:\/\/noticiasdestaque.com.br\/index.php\/wp-json\/wp\/v2\/posts"}],"about":[{"href":"https:\/\/noticiasdestaque.com.br\/index.php\/wp-json\/wp\/v2\/types\/post"}],"author":[{"embeddable":true,"href":"https:\/\/noticiasdestaque.com.br\/index.php\/wp-json\/wp\/v2\/users\/1"}],"replies":[{"embeddable":true,"href":"https:\/\/noticiasdestaque.com.br\/index.php\/wp-json\/wp\/v2\/comments?post=5764"}],"version-history":[{"count":1,"href":"https:\/\/noticiasdestaque.com.br\/index.php\/wp-json\/wp\/v2\/posts\/5764\/revisions"}],"predecessor-version":[{"id":5765,"href":"https:\/\/noticiasdestaque.com.br\/index.php\/wp-json\/wp\/v2\/posts\/5764\/revisions\/5765"}],"wp:featuredmedia":[{"embeddable":true,"href":"https:\/\/noticiasdestaque.com.br\/index.php\/wp-json\/wp\/v2\/media\/5766"}],"wp:attachment":[{"href":"https:\/\/noticiasdestaque.com.br\/index.php\/wp-json\/wp\/v2\/media?parent=5764"}],"wp:term":[{"taxonomy":"category","embeddable":true,"href":"https:\/\/noticiasdestaque.com.br\/index.php\/wp-json\/wp\/v2\/categories?post=5764"},{"taxonomy":"post_tag","embeddable":true,"href":"https:\/\/noticiasdestaque.com.br\/index.php\/wp-json\/wp\/v2\/tags?post=5764"}],"curies":[{"name":"wp","href":"https:\/\/api.w.org\/{rel}","templated":true}]}}