{"id":5761,"date":"2023-03-21T17:53:00","date_gmt":"2023-03-21T17:53:00","guid":{"rendered":"https:\/\/noticiasdestaque.com.br\/index.php\/2023\/03\/21\/intencao-de-consumo-das-familias-cresce-no-brasil\/"},"modified":"2023-03-21T17:53:00","modified_gmt":"2023-03-21T17:53:00","slug":"intencao-de-consumo-das-familias-cresce-no-brasil","status":"publish","type":"post","link":"https:\/\/noticiasdestaque.com.br\/index.php\/2023\/03\/21\/intencao-de-consumo-das-familias-cresce-no-brasil\/","title":{"rendered":"Inten\u00e7\u00e3o de Consumo das Fam\u00edlias cresce 0,8% no Brasil"},"content":{"rendered":"<style> bloco.meta {font-style: italic; color: #666;font-weight: 600;font-size: .8em; \/* line-height: .3em; *\/}  text h2 { font-weight: 700 !important;  color: #062f46 !important;} text img { width: none; left: none;}<\/style>\n<\/p>\n<p>O indicador Inten\u00e7\u00e3o de Consumo das Fam\u00edlias (ICF) cresceu 0,8% em mar\u00e7o e atingiu 96,7 pontos, o maior n\u00edvel desde mar\u00e7o de 2020, ficando acima tamb\u00e9m do resultado de fevereiro quando alcan\u00e7ou 95,7 pontos. Com isso, a inten\u00e7\u00e3o de consumo permanece abaixo da zona de avalia\u00e7\u00e3o positiva de 100 pontos desde 2015. O resultado foi divulgado nesta ter\u00e7a-feira (21), no Rio de Janeiro, pela Confedera\u00e7\u00e3o Nacional do Com\u00e9rcio de Bens, Servi\u00e7os e Turismo (CNC), que apura o \u00edndice mensalmente desde 2011.<aimg src=\"https:\/\/aagenciabrasil.ebc.com.br\/ebc.apng?id=1517791\n<\/p>\n<input type=\"hidden\" id=\"baseurl\" value=\"https:\/\/noticiasdestaque.com.br\"><input type=\"hidden\" id=\"audio_nonce\" value=\"6a24ca502e\">","protected":false},"excerpt":{"rendered":"<p>Em mar\u00e7o, inten\u00e7\u00e3o de compras das mulheres subiu 1,5%<\/p>\n","protected":false},"author":1,"featured_media":5763,"comment_status":"open","ping_status":"open","sticky":false,"template":"","format":"standard","meta":{"fifu_image_url":"","fifu_image_alt":"","footnotes":""},"categories":[1],"tags":[107],"class_list":["post-5761","post","type-post","status-publish","format-standard","has-post-thumbnail","hentry","category-uncategorized","tag-closer-vendedor-milionario"],"distributor_meta":false,"distributor_terms":false,"distributor_media":false,"distributor_original_site_name":"Noticias em Destaque","distributor_original_site_url":"https:\/\/noticiasdestaque.com.br","push-errors":false,"_links":{"self":[{"href":"https:\/\/noticiasdestaque.com.br\/index.php\/wp-json\/wp\/v2\/posts\/5761","targetHints":{"allow":["GET"]}}],"collection":[{"href":"https:\/\/noticiasdestaque.com.br\/index.php\/wp-json\/wp\/v2\/posts"}],"about":[{"href":"https:\/\/noticiasdestaque.com.br\/index.php\/wp-json\/wp\/v2\/types\/post"}],"author":[{"embeddable":true,"href":"https:\/\/noticiasdestaque.com.br\/index.php\/wp-json\/wp\/v2\/users\/1"}],"replies":[{"embeddable":true,"href":"https:\/\/noticiasdestaque.com.br\/index.php\/wp-json\/wp\/v2\/comments?post=5761"}],"version-history":[{"count":1,"href":"https:\/\/noticiasdestaque.com.br\/index.php\/wp-json\/wp\/v2\/posts\/5761\/revisions"}],"predecessor-version":[{"id":5762,"href":"https:\/\/noticiasdestaque.com.br\/index.php\/wp-json\/wp\/v2\/posts\/5761\/revisions\/5762"}],"wp:featuredmedia":[{"embeddable":true,"href":"https:\/\/noticiasdestaque.com.br\/index.php\/wp-json\/wp\/v2\/media\/5763"}],"wp:attachment":[{"href":"https:\/\/noticiasdestaque.com.br\/index.php\/wp-json\/wp\/v2\/media?parent=5761"}],"wp:term":[{"taxonomy":"category","embeddable":true,"href":"https:\/\/noticiasdestaque.com.br\/index.php\/wp-json\/wp\/v2\/categories?post=5761"},{"taxonomy":"post_tag","embeddable":true,"href":"https:\/\/noticiasdestaque.com.br\/index.php\/wp-json\/wp\/v2\/tags?post=5761"}],"curies":[{"name":"wp","href":"https:\/\/api.w.org\/{rel}","templated":true}]}}