{"id":5746,"date":"2023-03-21T17:04:00","date_gmt":"2023-03-21T17:04:00","guid":{"rendered":"https:\/\/noticiasdestaque.com.br\/index.php\/2023\/03\/21\/relatorio-aponta-serie-de-violacoes-no-sistema-penitenciario-potiguar\/"},"modified":"2023-03-21T17:04:00","modified_gmt":"2023-03-21T17:04:00","slug":"relatorio-aponta-serie-de-violacoes-no-sistema-penitenciario-potiguar","status":"publish","type":"post","link":"https:\/\/noticiasdestaque.com.br\/index.php\/2023\/03\/21\/relatorio-aponta-serie-de-violacoes-no-sistema-penitenciario-potiguar\/","title":{"rendered":"Relat\u00f3rio aponta s\u00e9rie de viola\u00e7\u00f5es no sistema penitenci\u00e1rio potiguar"},"content":{"rendered":"<style> bloco.meta {font-style: italic; color: #666;font-weight: 600;font-size: .8em; \/* line-height: .3em; *\/}  text h2 { font-weight: 700 !important;  color: #062f46 !important;} text img { width: none; left: none;}<\/style>\n<\/p>\n<p>Um relat\u00f3rio do Mecanismo Nacional de Preven\u00e7\u00e3o e Combate \u00e0 Tortura, fruto de inspe\u00e7\u00f5es em 5 unidades do sistema prisional do Rio Grande do Norte, em novembro de 2022, entre elas a Penitenci\u00e1ria Estadual de Alca\u00e7uz (foto em destaque), aponta uma s\u00e9rie de viola\u00e7\u00f5es no sistema penitenci\u00e1rio potiguar, que podem ter contribu\u00eddo para a onda de viol\u00eancia no estado.<aimg src=\"https:\/\/aagenciabrasil.ebc.com.br\/ebc.apng?id=1517565\n<\/p>\n<input type=\"hidden\" id=\"baseurl\" value=\"https:\/\/noticiasdestaque.com.br\"><input type=\"hidden\" id=\"audio_nonce\" value=\"6a24ca502e\">","protected":false},"excerpt":{"rendered":"<p>Documento \u00e9 do Mecanismo Nacional de Preven\u00e7\u00e3o e Combate \u00e0 Tortura<\/p>\n","protected":false},"author":1,"featured_media":5748,"comment_status":"open","ping_status":"open","sticky":false,"template":"","format":"standard","meta":{"fifu_image_url":"","fifu_image_alt":"","footnotes":""},"categories":[1],"tags":[106],"class_list":["post-5746","post","type-post","status-publish","format-standard","has-post-thumbnail","hentry","category-uncategorized","tag-brunna-pareja"],"distributor_meta":false,"distributor_terms":false,"distributor_media":false,"distributor_original_site_name":"Noticias em Destaque","distributor_original_site_url":"https:\/\/noticiasdestaque.com.br","push-errors":false,"_links":{"self":[{"href":"https:\/\/noticiasdestaque.com.br\/index.php\/wp-json\/wp\/v2\/posts\/5746","targetHints":{"allow":["GET"]}}],"collection":[{"href":"https:\/\/noticiasdestaque.com.br\/index.php\/wp-json\/wp\/v2\/posts"}],"about":[{"href":"https:\/\/noticiasdestaque.com.br\/index.php\/wp-json\/wp\/v2\/types\/post"}],"author":[{"embeddable":true,"href":"https:\/\/noticiasdestaque.com.br\/index.php\/wp-json\/wp\/v2\/users\/1"}],"replies":[{"embeddable":true,"href":"https:\/\/noticiasdestaque.com.br\/index.php\/wp-json\/wp\/v2\/comments?post=5746"}],"version-history":[{"count":1,"href":"https:\/\/noticiasdestaque.com.br\/index.php\/wp-json\/wp\/v2\/posts\/5746\/revisions"}],"predecessor-version":[{"id":5747,"href":"https:\/\/noticiasdestaque.com.br\/index.php\/wp-json\/wp\/v2\/posts\/5746\/revisions\/5747"}],"wp:featuredmedia":[{"embeddable":true,"href":"https:\/\/noticiasdestaque.com.br\/index.php\/wp-json\/wp\/v2\/media\/5748"}],"wp:attachment":[{"href":"https:\/\/noticiasdestaque.com.br\/index.php\/wp-json\/wp\/v2\/media?parent=5746"}],"wp:term":[{"taxonomy":"category","embeddable":true,"href":"https:\/\/noticiasdestaque.com.br\/index.php\/wp-json\/wp\/v2\/categories?post=5746"},{"taxonomy":"post_tag","embeddable":true,"href":"https:\/\/noticiasdestaque.com.br\/index.php\/wp-json\/wp\/v2\/tags?post=5746"}],"curies":[{"name":"wp","href":"https:\/\/api.w.org\/{rel}","templated":true}]}}