{"id":5743,"date":"2023-03-21T16:34:00","date_gmt":"2023-03-21T16:34:00","guid":{"rendered":"https:\/\/noticiasdestaque.com.br\/index.php\/2023\/03\/21\/pf-combate-garimpo-ilegal-na-terra-indigena-sarare\/"},"modified":"2023-03-21T16:34:00","modified_gmt":"2023-03-21T16:34:00","slug":"pf-combate-garimpo-ilegal-na-terra-indigena-sarare","status":"publish","type":"post","link":"https:\/\/noticiasdestaque.com.br\/index.php\/2023\/03\/21\/pf-combate-garimpo-ilegal-na-terra-indigena-sarare\/","title":{"rendered":"PF combate garimpo ilegal na Terra Ind\u00edgena Sarar\u00e9"},"content":{"rendered":"<style> bloco.meta {font-style: italic; color: #666;font-weight: 600;font-size: .8em; \/* line-height: .3em; *\/}  text h2 { font-weight: 700 !important;  color: #062f46 !important;} text img { width: none; left: none;}<\/style>\n<\/p>\n<p>Com o objetivo de combater a extra\u00e7\u00e3o ilegal de ouro na Terra Ind\u00edgena Sarar\u00e9, em Mato Grosso, a Pol\u00edcia Federal (PF) deflagrou, nesta ter\u00e7a-feira (21), mais uma fase da Opera\u00e7\u00e3o Alfeu. A s\u00e9tima fase da opera\u00e7\u00e3o ocorre de forma simult\u00e2nea e coordenada com opera\u00e7\u00f5es de outros \u00f3rg\u00e3os como Ex\u00e9rcito (Opera\u00e7\u00e3o \u00c1gata), a Pol\u00edcia Militar Ambiental e a Funda\u00e7\u00e3o Nacional dos Povos Ind\u00edgenas (Funai).<aimg src=\"https:\/\/aagenciabrasil.ebc.com.br\/ebc.apng?id=1517706\n<\/p>\n<input type=\"hidden\" id=\"baseurl\" value=\"https:\/\/noticiasdestaque.com.br\"><input type=\"hidden\" id=\"audio_nonce\" value=\"6a24ca502e\">","protected":false},"excerpt":{"rendered":"<p>Ex\u00e9rcito, Funai e pol\u00edcia ambiental atuam na opera\u00e7\u00e3o<\/p>\n","protected":false},"author":1,"featured_media":5745,"comment_status":"open","ping_status":"open","sticky":false,"template":"","format":"standard","meta":{"fifu_image_url":"","fifu_image_alt":"","footnotes":""},"categories":[1],"tags":[106],"class_list":["post-5743","post","type-post","status-publish","format-standard","has-post-thumbnail","hentry","category-uncategorized","tag-brunna-pareja"],"distributor_meta":false,"distributor_terms":false,"distributor_media":false,"distributor_original_site_name":"Noticias em Destaque","distributor_original_site_url":"https:\/\/noticiasdestaque.com.br","push-errors":false,"_links":{"self":[{"href":"https:\/\/noticiasdestaque.com.br\/index.php\/wp-json\/wp\/v2\/posts\/5743","targetHints":{"allow":["GET"]}}],"collection":[{"href":"https:\/\/noticiasdestaque.com.br\/index.php\/wp-json\/wp\/v2\/posts"}],"about":[{"href":"https:\/\/noticiasdestaque.com.br\/index.php\/wp-json\/wp\/v2\/types\/post"}],"author":[{"embeddable":true,"href":"https:\/\/noticiasdestaque.com.br\/index.php\/wp-json\/wp\/v2\/users\/1"}],"replies":[{"embeddable":true,"href":"https:\/\/noticiasdestaque.com.br\/index.php\/wp-json\/wp\/v2\/comments?post=5743"}],"version-history":[{"count":1,"href":"https:\/\/noticiasdestaque.com.br\/index.php\/wp-json\/wp\/v2\/posts\/5743\/revisions"}],"predecessor-version":[{"id":5744,"href":"https:\/\/noticiasdestaque.com.br\/index.php\/wp-json\/wp\/v2\/posts\/5743\/revisions\/5744"}],"wp:featuredmedia":[{"embeddable":true,"href":"https:\/\/noticiasdestaque.com.br\/index.php\/wp-json\/wp\/v2\/media\/5745"}],"wp:attachment":[{"href":"https:\/\/noticiasdestaque.com.br\/index.php\/wp-json\/wp\/v2\/media?parent=5743"}],"wp:term":[{"taxonomy":"category","embeddable":true,"href":"https:\/\/noticiasdestaque.com.br\/index.php\/wp-json\/wp\/v2\/categories?post=5743"},{"taxonomy":"post_tag","embeddable":true,"href":"https:\/\/noticiasdestaque.com.br\/index.php\/wp-json\/wp\/v2\/tags?post=5743"}],"curies":[{"name":"wp","href":"https:\/\/api.w.org\/{rel}","templated":true}]}}