{"id":5737,"date":"2023-03-21T15:04:00","date_gmt":"2023-03-21T15:04:00","guid":{"rendered":"https:\/\/noticiasdestaque.com.br\/index.php\/2023\/03\/21\/governo-concede-titulos-a-territorios-quilombolas-em-minas-e-sergipe\/"},"modified":"2023-03-21T15:04:00","modified_gmt":"2023-03-21T15:04:00","slug":"governo-concede-titulos-a-territorios-quilombolas-em-minas-e-sergipe","status":"publish","type":"post","link":"https:\/\/noticiasdestaque.com.br\/index.php\/2023\/03\/21\/governo-concede-titulos-a-territorios-quilombolas-em-minas-e-sergipe\/","title":{"rendered":"Governo concede t\u00edtulos a territ\u00f3rios quilombolas em Minas e Sergipe"},"content":{"rendered":"<style> bloco.meta {font-style: italic; color: #666;font-weight: 600;font-size: .8em; \/* line-height: .3em; *\/}  text h2 { font-weight: 700 !important;  color: #062f46 !important;} text img { width: none; left: none;}<\/style>\n<\/p>\n<p>Nesta ter\u00e7a-feira (21), quando \u00e9 celebrado o <a href=\"https:\/\/agenciabrasil.ebc.com.br\/geral\/noticia\/2023-03\/violencia-policial-e-expressao-do-racismo-em-diversas-partes-do-mundo\" target=\"_blank\">Dia Internacional pela Elimina\u00e7\u00e3o da Discrimina\u00e7\u00e3o Racial<\/a>, o governo federal anunciar\u00e1 sete medidas para promo\u00e7\u00e3o da igualdade racial no pa\u00eds. Dentre elas, est\u00e1 a titula\u00e7\u00e3o de tr\u00eas \u00e1reas quilombolas que aguardam h\u00e1 duas d\u00e9cadas pela regulariza\u00e7\u00e3o: Brejo dos Crioulos (MG), Lagoa dos Campinhos (SE) e Serra da Guia (SE). Al\u00e9m disso, o governo tamb\u00e9m formular\u00e1 a\u00e7\u00f5es de combate \u00e0 viol\u00eancia contra religi\u00f5es de matriz africana e criar\u00e1 um programa de prote\u00e7\u00e3o aos jovens negros.<aimg src=\"https:\/\/aagenciabrasil.ebc.com.br\/ebc.apng?id=1517659\n<\/p>\n<input type=\"hidden\" id=\"baseurl\" value=\"https:\/\/noticiasdestaque.com.br\"><input type=\"hidden\" id=\"audio_nonce\" value=\"6a24ca502e\">","protected":false},"excerpt":{"rendered":"<p>Medida comp\u00f5e pacote anunciado em dia contra discrimina\u00e7\u00e3o racial<\/p>\n","protected":false},"author":1,"featured_media":5739,"comment_status":"open","ping_status":"open","sticky":false,"template":"","format":"standard","meta":{"fifu_image_url":"","fifu_image_alt":"","footnotes":""},"categories":[1],"tags":[106],"class_list":["post-5737","post","type-post","status-publish","format-standard","has-post-thumbnail","hentry","category-uncategorized","tag-brunna-pareja"],"distributor_meta":false,"distributor_terms":false,"distributor_media":false,"distributor_original_site_name":"Noticias em Destaque","distributor_original_site_url":"https:\/\/noticiasdestaque.com.br","push-errors":false,"_links":{"self":[{"href":"https:\/\/noticiasdestaque.com.br\/index.php\/wp-json\/wp\/v2\/posts\/5737","targetHints":{"allow":["GET"]}}],"collection":[{"href":"https:\/\/noticiasdestaque.com.br\/index.php\/wp-json\/wp\/v2\/posts"}],"about":[{"href":"https:\/\/noticiasdestaque.com.br\/index.php\/wp-json\/wp\/v2\/types\/post"}],"author":[{"embeddable":true,"href":"https:\/\/noticiasdestaque.com.br\/index.php\/wp-json\/wp\/v2\/users\/1"}],"replies":[{"embeddable":true,"href":"https:\/\/noticiasdestaque.com.br\/index.php\/wp-json\/wp\/v2\/comments?post=5737"}],"version-history":[{"count":1,"href":"https:\/\/noticiasdestaque.com.br\/index.php\/wp-json\/wp\/v2\/posts\/5737\/revisions"}],"predecessor-version":[{"id":5738,"href":"https:\/\/noticiasdestaque.com.br\/index.php\/wp-json\/wp\/v2\/posts\/5737\/revisions\/5738"}],"wp:featuredmedia":[{"embeddable":true,"href":"https:\/\/noticiasdestaque.com.br\/index.php\/wp-json\/wp\/v2\/media\/5739"}],"wp:attachment":[{"href":"https:\/\/noticiasdestaque.com.br\/index.php\/wp-json\/wp\/v2\/media?parent=5737"}],"wp:term":[{"taxonomy":"category","embeddable":true,"href":"https:\/\/noticiasdestaque.com.br\/index.php\/wp-json\/wp\/v2\/categories?post=5737"},{"taxonomy":"post_tag","embeddable":true,"href":"https:\/\/noticiasdestaque.com.br\/index.php\/wp-json\/wp\/v2\/tags?post=5737"}],"curies":[{"name":"wp","href":"https:\/\/api.w.org\/{rel}","templated":true}]}}