{"id":5725,"date":"2023-03-21T09:34:00","date_gmt":"2023-03-21T09:34:00","guid":{"rendered":"https:\/\/noticiasdestaque.com.br\/index.php\/2023\/03\/21\/luta-antiracista-e-tema-de-sessao-solene-no-senado\/"},"modified":"2023-03-21T09:34:00","modified_gmt":"2023-03-21T09:34:00","slug":"luta-antiracista-e-tema-de-sessao-solene-no-senado","status":"publish","type":"post","link":"https:\/\/noticiasdestaque.com.br\/index.php\/2023\/03\/21\/luta-antiracista-e-tema-de-sessao-solene-no-senado\/","title":{"rendered":"Luta antiracista \u00e9 tema de sess\u00e3o solene no Senado"},"content":{"rendered":"<style> bloco.meta {font-style: italic; color: #666;font-weight: 600;font-size: .8em; \/* line-height: .3em; *\/}  text h2 { font-weight: 700 !important;  color: #062f46 !important;} text img { width: none; left: none;}<\/style>\n<\/p>\n<p>A luta de d\u00e9cadas em esfor\u00e7os individuais e coletivos para combater o racismo, o preconceito e a discrimina\u00e7\u00e3o, ainda enraizados na sociedade, foram destacadas durante sess\u00e3o especial do Senado que celebrou o Dia Internacional pela Elimina\u00e7\u00e3o da Discrimina\u00e7\u00e3o Racial, nesta segunda-feira (20). A data, 21 de mar\u00e7o, definida pela Organiza\u00e7\u00e3o das Na\u00e7\u00f5es Unidas ( ONU), lembra o chamado Massacre de Shaperville, na \u00c1frica do Sul. A trag\u00e9dia resultou em 69 pessoas mortas e mais de 180 feridas ap\u00f3s um protesto contra uma lei que limitava os lugares onde os negros podiam andar. O epis\u00f3dio atraiu a aten\u00e7\u00e3o da opini\u00e3o p\u00fablica mundial para o <em>apartheid<\/em> \u2014 sistema de segrega\u00e7\u00e3o racial que vigorou na \u00c1frica do Sul entre 1948 e 1994.<\/p>\n<p>\u201cO racismo \u00e9 repugnante, trai\u00e7oeiro, mesquinho, desumano. O racismo, o preconceito e a discrimina\u00e7\u00e3o continuam a impregnar de \u00f3dio, de viol\u00eancia e de intoler\u00e2ncia a sociedade e as institui\u00e7\u00f5es. Est\u00e3o enraizados, presos \u00e0s cotidianas estruturas pol\u00edticas, sociais e econ\u00f4micas, agridem, reprimem, verbalizam iras e sentimentos viscerais de repulsa e avers\u00e3o contra negros e negras, quilombolas, ind\u00edgenas, LGBTQI , mulheres, pessoas com defici\u00eancia, idosos, pobres, asi\u00e1ticos, judeus, palestinos, migrantes e refugiados, as chamadas minorias \u00e9tnicas\u201d, destacou o senador, Paulo Paim, autor da homenagem\u201d.<\/p>\n<h2>Brasil Quilombola<\/h2>\n<p>Secret\u00e1ria-executiva do Minist\u00e9rio da Igualdade Racial, Roberta Eug\u00eanio considerou a promo\u00e7\u00e3o dos direitos iguais para todos um dos desafios institucionais mais ousados e mais urgentes no Brasil. Para ela, apesar de ainda n\u00e3o ser o ideal, o Minist\u00e9rio da Igualdade Racial est\u00e1 hoje com o maior or\u00e7amento que teve hist\u00f3ria. \u201cLan\u00e7aremos uma s\u00e9rie de atos normativos, como o Programa Brasil Quilombola, a titula\u00e7\u00e3o de cinco territ\u00f3rios quilombolas, a cria\u00e7\u00e3o de grupos de trabalhos interministeriais, com a retomada do Plano Nacional de A\u00e7\u00f5es Afirmativas, do Plano Juventude Negra Viva, entre outros\u201d, adiantou.<\/p>\n<h2>Frente Parlamentar<\/h2>\n<p>Tamb\u00e9m presente a sess\u00e3o, a ex-ministra da Mulher, Fam\u00edlia e Direitos Humanos, Nilma Lino Gomes, destacou que a data n\u00e3o \u00e9 um dia de comemora\u00e7\u00e3o. Ela comemorou a cria\u00e7\u00e3o da Frente Parlamentar Mista Antirracista do Congresso que vai ser instalada em abril. \u201c\u00c9 um avan\u00e7o, \u00e9 um compromisso pol\u00edtico \u00e9tico muito importante nesta caminhada rumo \u00e0 elimina\u00e7\u00e3o, \u00e0 supera\u00e7\u00e3o do racismo na nossa sociedade, nas inst\u00e2ncias pol\u00edticas, na educa\u00e7\u00e3o e nos mais diversos setores da nossa sociedade\u201d, afirmou.<\/p>\n<p class=\"alt-font font-italic my-2 small text-info\">\n                                                Edi\u00e7\u00e3o:   Val\u00e9ria Aguiar                    <\/p>\n<p>            <!-- blog End --><\/p>\n<p>            <!-- tag and share --><\/p>\n<p> Fonte: EBC <\/p>\n<input type=\"hidden\" id=\"baseurl\" value=\"https:\/\/noticiasdestaque.com.br\"><input type=\"hidden\" id=\"audio_nonce\" value=\"6a24ca502e\">","protected":false},"excerpt":{"rendered":"<p>A data lembra Massacre de Shaperville, na Africa do Sul<\/p>\n","protected":false},"author":1,"featured_media":5727,"comment_status":"open","ping_status":"open","sticky":false,"template":"","format":"standard","meta":{"fifu_image_url":"","fifu_image_alt":"","footnotes":""},"categories":[1],"tags":[106],"class_list":["post-5725","post","type-post","status-publish","format-standard","has-post-thumbnail","hentry","category-uncategorized","tag-brunna-pareja"],"distributor_meta":false,"distributor_terms":false,"distributor_media":false,"distributor_original_site_name":"Noticias em Destaque","distributor_original_site_url":"https:\/\/noticiasdestaque.com.br","push-errors":false,"_links":{"self":[{"href":"https:\/\/noticiasdestaque.com.br\/index.php\/wp-json\/wp\/v2\/posts\/5725","targetHints":{"allow":["GET"]}}],"collection":[{"href":"https:\/\/noticiasdestaque.com.br\/index.php\/wp-json\/wp\/v2\/posts"}],"about":[{"href":"https:\/\/noticiasdestaque.com.br\/index.php\/wp-json\/wp\/v2\/types\/post"}],"author":[{"embeddable":true,"href":"https:\/\/noticiasdestaque.com.br\/index.php\/wp-json\/wp\/v2\/users\/1"}],"replies":[{"embeddable":true,"href":"https:\/\/noticiasdestaque.com.br\/index.php\/wp-json\/wp\/v2\/comments?post=5725"}],"version-history":[{"count":1,"href":"https:\/\/noticiasdestaque.com.br\/index.php\/wp-json\/wp\/v2\/posts\/5725\/revisions"}],"predecessor-version":[{"id":5726,"href":"https:\/\/noticiasdestaque.com.br\/index.php\/wp-json\/wp\/v2\/posts\/5725\/revisions\/5726"}],"wp:featuredmedia":[{"embeddable":true,"href":"https:\/\/noticiasdestaque.com.br\/index.php\/wp-json\/wp\/v2\/media\/5727"}],"wp:attachment":[{"href":"https:\/\/noticiasdestaque.com.br\/index.php\/wp-json\/wp\/v2\/media?parent=5725"}],"wp:term":[{"taxonomy":"category","embeddable":true,"href":"https:\/\/noticiasdestaque.com.br\/index.php\/wp-json\/wp\/v2\/categories?post=5725"},{"taxonomy":"post_tag","embeddable":true,"href":"https:\/\/noticiasdestaque.com.br\/index.php\/wp-json\/wp\/v2\/tags?post=5725"}],"curies":[{"name":"wp","href":"https:\/\/api.w.org\/{rel}","templated":true}]}}