{"id":5722,"date":"2023-03-21T08:04:00","date_gmt":"2023-03-21T08:04:00","guid":{"rendered":"https:\/\/noticiasdestaque.com.br\/index.php\/2023\/03\/21\/indicadores-boi-gordo-inicia-a-terca-feira-com-queda-de-no-preco-da-arroba\/"},"modified":"2023-03-21T08:04:00","modified_gmt":"2023-03-21T08:04:00","slug":"indicadores-boi-gordo-inicia-a-terca-feira-com-queda-de-no-preco-da-arroba","status":"publish","type":"post","link":"https:\/\/noticiasdestaque.com.br\/index.php\/2023\/03\/21\/indicadores-boi-gordo-inicia-a-terca-feira-com-queda-de-no-preco-da-arroba\/","title":{"rendered":"INDICADORES: boi gordo inicia a ter\u00e7a-feira (21) com queda de 0,39% no pre\u00e7o da arroba"},"content":{"rendered":"<p dir=\"ltr\" id=\"docs-internal-guid-b27ce961-7fff-1180-3807-34b1b93ef544\">A cota\u00e7\u00e3o da arroba do boi gordo iniciou a semana com o pre\u00e7o registrando queda de 0,39% com a arroba de 15kg sendo negociada a R$277,80. No estado de S\u00e3o Paulo, o pre\u00e7o do boi gordo registrou uma leve queda de 0,17%, sendo negociado a R$ 277,58. <\/p>\n<p dir=\"ltr\">O pre\u00e7o do quilo do frango congelado tamb\u00e9m n\u00e3o sofreu altera\u00e7\u00f5es e o produto \u00e9 vendido a R$ 7,30. J\u00e1 \u00e9 o s\u00e9timo dia consecutivo que o valor do produto n\u00e3o sofre oscila\u00e7\u00f5es no mercado financeiro. O quilo do frango resfriado tamb\u00e9m n\u00e3o registrou altera\u00e7\u00f5es no pre\u00e7o nesta ter\u00e7a-feira (21) e a mercadoria \u00e9 comercializada a R$ 7,30. <\/p>\n<p dir=\"ltr\">A carca\u00e7a su\u00edna especial seguiu o ritmo de queda com o produto sendo negociado a R$ 10,49. Uma baixa de 0,94%. Em Minas Gerais, o su\u00edno vivo \u00e9 vendido a R$ 7,36. No Paran\u00e1, o produto \u00e9 comercializado \u00e0 vista a R$ 6,81.  Em Santa Catarina, o produto custa R$ 6,81. As informa\u00e7\u00f5es s\u00e3o do Cepea.<\/p>\n<p> Fonte: Brasil61<\/p>\n<input type=\"hidden\" id=\"baseurl\" value=\"https:\/\/noticiasdestaque.com.br\"><input type=\"hidden\" id=\"audio_nonce\" value=\"6a24ca502e\">","protected":false},"excerpt":{"rendered":"<p>A carca\u00e7a su\u00edna especial seguiu o ritmo de queda com o produto sendo negociado a R$ 10,49<\/p>\n","protected":false},"author":1,"featured_media":5724,"comment_status":"open","ping_status":"open","sticky":false,"template":"","format":"standard","meta":{"fifu_image_url":"","fifu_image_alt":"","footnotes":""},"categories":[1],"tags":[107],"class_list":["post-5722","post","type-post","status-publish","format-standard","has-post-thumbnail","hentry","category-uncategorized","tag-closer-vendedor-milionario"],"distributor_meta":false,"distributor_terms":false,"distributor_media":false,"distributor_original_site_name":"Noticias em Destaque","distributor_original_site_url":"https:\/\/noticiasdestaque.com.br","push-errors":false,"_links":{"self":[{"href":"https:\/\/noticiasdestaque.com.br\/index.php\/wp-json\/wp\/v2\/posts\/5722","targetHints":{"allow":["GET"]}}],"collection":[{"href":"https:\/\/noticiasdestaque.com.br\/index.php\/wp-json\/wp\/v2\/posts"}],"about":[{"href":"https:\/\/noticiasdestaque.com.br\/index.php\/wp-json\/wp\/v2\/types\/post"}],"author":[{"embeddable":true,"href":"https:\/\/noticiasdestaque.com.br\/index.php\/wp-json\/wp\/v2\/users\/1"}],"replies":[{"embeddable":true,"href":"https:\/\/noticiasdestaque.com.br\/index.php\/wp-json\/wp\/v2\/comments?post=5722"}],"version-history":[{"count":1,"href":"https:\/\/noticiasdestaque.com.br\/index.php\/wp-json\/wp\/v2\/posts\/5722\/revisions"}],"predecessor-version":[{"id":5723,"href":"https:\/\/noticiasdestaque.com.br\/index.php\/wp-json\/wp\/v2\/posts\/5722\/revisions\/5723"}],"wp:featuredmedia":[{"embeddable":true,"href":"https:\/\/noticiasdestaque.com.br\/index.php\/wp-json\/wp\/v2\/media\/5724"}],"wp:attachment":[{"href":"https:\/\/noticiasdestaque.com.br\/index.php\/wp-json\/wp\/v2\/media?parent=5722"}],"wp:term":[{"taxonomy":"category","embeddable":true,"href":"https:\/\/noticiasdestaque.com.br\/index.php\/wp-json\/wp\/v2\/categories?post=5722"},{"taxonomy":"post_tag","embeddable":true,"href":"https:\/\/noticiasdestaque.com.br\/index.php\/wp-json\/wp\/v2\/tags?post=5722"}],"curies":[{"name":"wp","href":"https:\/\/api.w.org\/{rel}","templated":true}]}}