{"id":5702,"date":"2023-03-21T10:25:00","date_gmt":"2023-03-21T10:25:00","guid":{"rendered":"https:\/\/noticiasdestaque.com.br\/index.php\/2023\/03\/21\/pronasci-e-retomado-com-foco-na-reducao-de-feminicidios\/"},"modified":"2023-03-21T10:25:00","modified_gmt":"2023-03-21T10:25:00","slug":"pronasci-e-retomado-com-foco-na-reducao-de-feminicidios","status":"publish","type":"post","link":"https:\/\/noticiasdestaque.com.br\/index.php\/2023\/03\/21\/pronasci-e-retomado-com-foco-na-reducao-de-feminicidios\/","title":{"rendered":"Pronasci \u00e9 retomado com foco na redu\u00e7\u00e3o de feminic\u00eddios"},"content":{"rendered":"<style> bloco.meta {font-style: italic; color: #666;font-weight: 600;font-size: .8em; \/* line-height: .3em; *\/}  text h2 { font-weight: 700 !important;  color: #062f46 !important;} text img { width: none; left: none;}<\/style>\n<\/p>\n<p>Todas as formas de viol\u00eancia contra a mulher, sobretudo contra as mulheres negras, aumentaram no Brasil no ano passado, revela <a href=\"https:\/\/forumseguranca.org.br\/\" target=\"_blank\">pesquisa<\/a> do F\u00f3rum Brasileiro de Seguran\u00e7a P\u00fablica. Com o enfrentamento desse tipo de viol\u00eancia como um dos eixos norteadores das suas a\u00e7\u00f5es, o Programa Nacional de Seguran\u00e7a P\u00fablica com Cidadania (Pronasci) foi relan\u00e7ado na \u00faltima semana.<\/p>\n<p>A coordenadora do Pronasci, Tamires Sampaio, falou sobre o fortalecimento da estrutura de combate ao feminic\u00eddio no pa\u00eds em entrevista ao programa <em>Brasil em Pauta<\/em>, que vai ao ar neste domingo (19), na<strong> TV Brasil<\/strong>.<\/p>\n<p>\u201cA cada seis horas, uma mulher \u00e9 assassinada no Brasil. Isso \u00e9 resultado de um processo de falta de investimento e de quebra das pol\u00edticas de enfrentamento e de preven\u00e7\u00e3o \u00e0 viol\u00eancia, e n\u00f3s, a partir do Pronasci, em parceria com o Minist\u00e9rio das Mulheres, estamos retomando o investimento, e retomando isso como prioridade\u201d, destacou Tamires Sampaio durante a entrevista.<\/p>\n<h2>Reestrutura\u00e7\u00e3o<\/h2>\n<p>O Pronasci foi relan\u00e7ado na \u00faltima quarta-feira (15), no Pal\u00e1cio do Planalto, na presen\u00e7a do presidente Luiz In\u00e1cio Lula da Silva. Na cerim\u00f4nia, foram entregues 270 viaturas das patrulhas Maria da Penha, a partir de um investimento de R$ 34 milh\u00f5es. A expectativa \u00e9 que o total de viaturas chegue a 500 at\u00e9 o final do ano.<\/p>\n<p>O governo anunciou tamb\u00e9m a constru\u00e7\u00e3o de 40 unidades da Casa da Mulher, institui\u00e7\u00e3o que d\u00e1 suporte a mulheres v\u00edtimas de viol\u00eancia dom\u00e9stica. Cerca de R$ 344 milh\u00f5es, oriundos do Fundo Nacional de Seguran\u00e7a P\u00fablica, ser\u00e3o destinados \u00e0 constru\u00e7\u00e3o das unidades, que devem ser entregues at\u00e9 o fim de 2024.<\/p>\n<p>Criado em 2007, no segundo mandato presidencial de Lula, o Pronasci, agora relan\u00e7ado, passou por uma reestrutura\u00e7\u00e3o. \u201cO Pronasci tinha, <em>a priori<\/em>, 95 a\u00e7\u00f5es, que envolviam articula\u00e7\u00f5es em v\u00e1rias \u00e1reas de produ\u00e7\u00e3o de pol\u00edtica p\u00fablica. Quando se tem 95 prioridades, acaba n\u00e3o havendo foco no que de fato \u00e9 importante ser constru\u00eddo\u201d, disse Tamires.<\/p>\n<p>Ele explicou que, na reestrutura\u00e7\u00e3o, foram institu\u00eddos cinco eixos priorit\u00e1rios de atua\u00e7\u00e3o, cada um com um conjunto de pol\u00edticas e a\u00e7\u00f5es combinadas nas secretarias do Minist\u00e9rio da Justi\u00e7a, mas tamb\u00e9m em parceria com os demais minist\u00e9rios para que, em um trabalho com os estados e os munic\u00edpios, fique garantida a chegada de pol\u00edticas aos locais onde precisam ser implementadas.<\/p>\n<p>Os eixos que v\u00e3o nortear o trabalho na nova estrutura do programa s\u00e3o: preven\u00e7\u00e3o e enfrentamento da viol\u00eancia contra a mulher; fomento \u00e0s pol\u00edticas de seguran\u00e7a p\u00fablica com cidadania (com foco em territ\u00f3rios mais vulner\u00e1veis e com altos indicadores de viol\u00eancia); fomento \u00e0s pol\u00edticas de cidadania (focado no trabalho e ensino formal e profissionalizante para presos e egressos); apoio \u00e0s v\u00edtimas da criminalidade; e, finalmente, combate ao racismo estrutural e a todos os crimes dele derivados.<\/p>\n<p>\u201cO Pronasci \u00e9 um programa que traz um novo paradigma para a seguran\u00e7a p\u00fablica, constr\u00f3i a no\u00e7\u00e3o de seguran\u00e7a a partir do combate \u00e0 desigualdade [e] a partir da garantia de direitos. Tem a import\u00e2ncia do fortalecimento das for\u00e7as de seguran\u00e7a, do equipamento, da capacita\u00e7\u00e3o dos agentes de seguran\u00e7a, que s\u00e3o fundamentais, mas tamb\u00e9m tem a perspectiva do fomento \u00e0 cultura, ao esporte, \u00e0 moradia e gera\u00e7\u00e3o de emprego, e entende o quanto que \u00e9 atrav\u00e9s do conjunto das pol\u00edticas p\u00fablicas que de fato se constr\u00f3i seguran\u00e7a no pa\u00eds\u201d, acrescentou Tamires.<\/p>\n<p>A coordenadora do Pronasci enfatizou ainda a import\u00e2ncia da cidadania plena na garantia da seguran\u00e7a. \u201cA gente pode ter viaturas em todas as ruas do pa\u00eds, ampliar o efetivo policial em todas as cidades, armar toda a popula\u00e7\u00e3o, mas, se as pessoas continuarem desempregadas, se n\u00e3o tiverem acesso \u00e0 alimenta\u00e7\u00e3o saud\u00e1vel todos os dias, se n\u00e3o tiverem acesso \u00e0 educa\u00e7\u00e3o, \u00e0 cultura, ao esporte e lazer e \u00e0 mobilidade, se os direitos e garantias fundamentais delas n\u00e3o estiverem de fato sendo cumpridos, se n\u00e3o tiverem acesso \u00e0 cidadania plena, o problema da inseguran\u00e7a vai continuar no pa\u00eds.\u201d<\/p>\n<p>\u201c\u00c0s vezes, o seu CEP [C\u00f3digo de Endere\u00e7amento Postal], [que revela] onde voc\u00ea mora, a cor da sua pele determinam se voc\u00ea tem acesso, ou n\u00e3o, a determinadas pol\u00edticas que deveriam ser universais\u201d, acrescentou Tamires.<\/p>\n<p>Confira a entrevista completa no programa <strong>Brasil em Pauta<\/strong> vai que ao ar neste domingo (19) \u00e0s 22h30.<\/p>\n<p>Clique<a href=\"https:\/\/tvbrasil.ebc.com.br\/comosintonizar\" target=\"_blank\"> aqui<\/a> e saiba como sintonizar a <strong>TV Brasil<\/strong>.<\/p>\n<p class=\"alt-font font-italic my-2 small text-info\">\n                                                Edi\u00e7\u00e3o:   N\u00e1dia Franco                    <\/p>\n<p>            <!-- blog End --><\/p>\n<p>            <!-- tag and share --><\/p>\n<p> Fonte: EBC <\/p>\n<input type=\"hidden\" id=\"baseurl\" value=\"https:\/\/noticiasdestaque.com.br\"><input type=\"hidden\" id=\"audio_nonce\" value=\"6a24ca502e\">","protected":false},"excerpt":{"rendered":"<p>Em entrevista \u00e0 TV Brasil, coordenadora aponta prioridades do programa<\/p>\n","protected":false},"author":1,"featured_media":5704,"comment_status":"open","ping_status":"open","sticky":false,"template":"","format":"standard","meta":{"fifu_image_url":"","fifu_image_alt":"","footnotes":""},"categories":[1],"tags":[106],"class_list":["post-5702","post","type-post","status-publish","format-standard","has-post-thumbnail","hentry","category-uncategorized","tag-brunna-pareja"],"distributor_meta":false,"distributor_terms":false,"distributor_media":false,"distributor_original_site_name":"Noticias em Destaque","distributor_original_site_url":"https:\/\/noticiasdestaque.com.br","push-errors":false,"_links":{"self":[{"href":"https:\/\/noticiasdestaque.com.br\/index.php\/wp-json\/wp\/v2\/posts\/5702","targetHints":{"allow":["GET"]}}],"collection":[{"href":"https:\/\/noticiasdestaque.com.br\/index.php\/wp-json\/wp\/v2\/posts"}],"about":[{"href":"https:\/\/noticiasdestaque.com.br\/index.php\/wp-json\/wp\/v2\/types\/post"}],"author":[{"embeddable":true,"href":"https:\/\/noticiasdestaque.com.br\/index.php\/wp-json\/wp\/v2\/users\/1"}],"replies":[{"embeddable":true,"href":"https:\/\/noticiasdestaque.com.br\/index.php\/wp-json\/wp\/v2\/comments?post=5702"}],"version-history":[{"count":1,"href":"https:\/\/noticiasdestaque.com.br\/index.php\/wp-json\/wp\/v2\/posts\/5702\/revisions"}],"predecessor-version":[{"id":5703,"href":"https:\/\/noticiasdestaque.com.br\/index.php\/wp-json\/wp\/v2\/posts\/5702\/revisions\/5703"}],"wp:featuredmedia":[{"embeddable":true,"href":"https:\/\/noticiasdestaque.com.br\/index.php\/wp-json\/wp\/v2\/media\/5704"}],"wp:attachment":[{"href":"https:\/\/noticiasdestaque.com.br\/index.php\/wp-json\/wp\/v2\/media?parent=5702"}],"wp:term":[{"taxonomy":"category","embeddable":true,"href":"https:\/\/noticiasdestaque.com.br\/index.php\/wp-json\/wp\/v2\/categories?post=5702"},{"taxonomy":"post_tag","embeddable":true,"href":"https:\/\/noticiasdestaque.com.br\/index.php\/wp-json\/wp\/v2\/tags?post=5702"}],"curies":[{"name":"wp","href":"https:\/\/api.w.org\/{rel}","templated":true}]}}