{"id":5696,"date":"2023-03-21T08:25:00","date_gmt":"2023-03-21T08:25:00","guid":{"rendered":"https:\/\/noticiasdestaque.com.br\/index.php\/2023\/03\/21\/ministro-entra-com-noticia-crime-contra-sete-parlamentares\/"},"modified":"2023-03-21T08:25:00","modified_gmt":"2023-03-21T08:25:00","slug":"ministro-entra-com-noticia-crime-contra-sete-parlamentares","status":"publish","type":"post","link":"https:\/\/noticiasdestaque.com.br\/index.php\/2023\/03\/21\/ministro-entra-com-noticia-crime-contra-sete-parlamentares\/","title":{"rendered":"Ministro entra com not\u00edcia-crime contra sete parlamentares"},"content":{"rendered":"<style> bloco.meta {font-style: italic; color: #666;font-weight: 600;font-size: .8em; \/* line-height: .3em; *\/}  text h2 { font-weight: 700 !important;  color: #062f46 !important;} text img { width: none; left: none;}<\/style>\n<\/p>\n<p>O ministro da Justi\u00e7a e Seguran\u00e7a P\u00fablica, Fl\u00e1vio Dino, vai ingressar no Supremo Tribunal Federal (STF) com not\u00edcia-crime contra seis parlamentares de oposi\u00e7\u00e3o, incluindo o deputado federal Eduardo Bolsonaro (PL-SP) e o senador Fl\u00e1vio Bolsonaro (PL-RJ), por causa de postagens nas redes sociais associando o ministro ao crime organizado ap\u00f3s uma visita ao Complexo de Favelas da Mar\u00e9, no Rio de Janeiro.<\/p>\n<p>A representa\u00e7\u00e3o foi proposta no \u00e2mbito do Inqu\u00e9rito n\u00ba 4.781, conhecido como Inqu\u00e9rito das <em>Fake News <\/em>(not\u00edcias falsas), que tramita na Suprema Corte sob relatoria do ministro Alexandre de Moraes. <\/p>\n<p>\u201c[Vou representar] contra alguns parlamentares que est\u00e3o propagando, em associa\u00e7\u00e3o delituosa, duas <em>fake news<\/em>. A primeira \u00e9 de que eu estive no Complexo da Mar\u00e9 reunido com o Comando Vermelho. A segunda, igualmente criminosa, \u00e9 que estava l\u00e1 sem escolta policial\u201d, afirmou o ministro.<\/p>\n<p>Segundo Fl\u00e1vio Dino, a propaga\u00e7\u00e3o de uma s\u00e9rie de postagens de car\u00e1ter racista e preconceituoso criminaliza o Complexo da Mar\u00e9, que re\u00fane 16 comunidades onde vivem mais de 140 mil pessoas. O ministro cumpriu agenda na localidade na semana passada, quando se reuniu com l\u00edderes comunit\u00e1rios. De acordo com ele, os ataques sofridos podem configurar crimes de cal\u00fania, difama\u00e7\u00e3o, racismo e associa\u00e7\u00e3o criminosa. <\/p>\n<p>\u201cInicialmente, eu n\u00e3o tomaria nenhuma provid\u00eancia jur\u00eddica com essa gente. Prefiro trat\u00e1-los na esfera pol\u00edtica, mas vi uma repercuss\u00e3o muito delet\u00e9ria e nociva contra a comunidade da Mar\u00e9 e outras comunidades. Essa gente que propaga esse tipo de preconceito, na verdade, est\u00e1 estimulando viol\u00eancia e chacina\u201d, declarou Dino.<\/p>\n<p>Al\u00e9m dos filhos do ex-presidente Jair Bolsonaro, a representa\u00e7\u00e3o do ministro da Justi\u00e7a inclui os deputados federais Carlos Jordy (PL-RJ), Paulo Bilynskyj (PL-SP), Otoni de Paula (MDB-RJ) e Cabo Gilberto Silva (PL-PB) e o senador Marcos do Val (Podemos-ES).<\/p>\n<p class=\"alt-font font-italic my-2 small text-info\">\n                                                Edi\u00e7\u00e3o:   N\u00e1dia Franco                    <\/p>\n<p>            <!-- blog End --><\/p>\n<p>            <!-- tag and share --><\/p>\n<p> Fonte: EBC <\/p>\n<input type=\"hidden\" id=\"baseurl\" value=\"https:\/\/noticiasdestaque.com.br\"><input type=\"hidden\" id=\"audio_nonce\" value=\"6a24ca502e\">","protected":false},"excerpt":{"rendered":"<p>Dino foi atacado em redes sociais ap\u00f3s visita ao Complexo da Mar\u00e9<\/p>\n","protected":false},"author":1,"featured_media":5698,"comment_status":"open","ping_status":"open","sticky":false,"template":"","format":"standard","meta":{"fifu_image_url":"","fifu_image_alt":"","footnotes":""},"categories":[1],"tags":[106],"class_list":["post-5696","post","type-post","status-publish","format-standard","has-post-thumbnail","hentry","category-uncategorized","tag-brunna-pareja"],"distributor_meta":false,"distributor_terms":false,"distributor_media":false,"distributor_original_site_name":"Noticias em Destaque","distributor_original_site_url":"https:\/\/noticiasdestaque.com.br","push-errors":false,"_links":{"self":[{"href":"https:\/\/noticiasdestaque.com.br\/index.php\/wp-json\/wp\/v2\/posts\/5696","targetHints":{"allow":["GET"]}}],"collection":[{"href":"https:\/\/noticiasdestaque.com.br\/index.php\/wp-json\/wp\/v2\/posts"}],"about":[{"href":"https:\/\/noticiasdestaque.com.br\/index.php\/wp-json\/wp\/v2\/types\/post"}],"author":[{"embeddable":true,"href":"https:\/\/noticiasdestaque.com.br\/index.php\/wp-json\/wp\/v2\/users\/1"}],"replies":[{"embeddable":true,"href":"https:\/\/noticiasdestaque.com.br\/index.php\/wp-json\/wp\/v2\/comments?post=5696"}],"version-history":[{"count":1,"href":"https:\/\/noticiasdestaque.com.br\/index.php\/wp-json\/wp\/v2\/posts\/5696\/revisions"}],"predecessor-version":[{"id":5697,"href":"https:\/\/noticiasdestaque.com.br\/index.php\/wp-json\/wp\/v2\/posts\/5696\/revisions\/5697"}],"wp:featuredmedia":[{"embeddable":true,"href":"https:\/\/noticiasdestaque.com.br\/index.php\/wp-json\/wp\/v2\/media\/5698"}],"wp:attachment":[{"href":"https:\/\/noticiasdestaque.com.br\/index.php\/wp-json\/wp\/v2\/media?parent=5696"}],"wp:term":[{"taxonomy":"category","embeddable":true,"href":"https:\/\/noticiasdestaque.com.br\/index.php\/wp-json\/wp\/v2\/categories?post=5696"},{"taxonomy":"post_tag","embeddable":true,"href":"https:\/\/noticiasdestaque.com.br\/index.php\/wp-json\/wp\/v2\/tags?post=5696"}],"curies":[{"name":"wp","href":"https:\/\/api.w.org\/{rel}","templated":true}]}}