{"id":5693,"date":"2023-03-21T07:55:00","date_gmt":"2023-03-21T07:55:00","guid":{"rendered":"https:\/\/noticiasdestaque.com.br\/index.php\/2023\/03\/21\/deputados-criticam-criminalizacao-do-candomble-em-debate-na-camara\/"},"modified":"2023-03-21T07:55:00","modified_gmt":"2023-03-21T07:55:00","slug":"deputados-criticam-criminalizacao-do-candomble-em-debate-na-camara","status":"publish","type":"post","link":"https:\/\/noticiasdestaque.com.br\/index.php\/2023\/03\/21\/deputados-criticam-criminalizacao-do-candomble-em-debate-na-camara\/","title":{"rendered":"Deputados criticam criminaliza\u00e7\u00e3o do candombl\u00e9 em debate na C\u00e2mara"},"content":{"rendered":"<style> bloco.meta {font-style: italic; color: #666;font-weight: 600;font-size: .8em; \/* line-height: .3em; *\/}  text h2 { font-weight: 700 !important;  color: #062f46 !important;} text img { width: none; left: none;}<\/style>\n<\/p>\n<p>A C\u00e2mara dos Deputados celebra, nesta ter\u00e7a-feira (21), o Dia Nacional das Tradi\u00e7\u00f5es das Ra\u00edzes de Matrizes Africanas e Na\u00e7\u00f5es do Candombl\u00e9, institu\u00eddo pela Lei n\u00ba 14.519\/23. Sancionada em janeiro pelo presidente Luiz In\u00e1cio Lula da Silva, a legisla\u00e7\u00e3o visa celebrar a diversidade religiosa existente no Brasil, al\u00e9m de prestigiar os valores constitucionais de liberdade e inviolabilidade de cren\u00e7a, de credo e do seu exerc\u00edcio.<\/p>\n<p>Segundo o autor do projeto de lei, deputado Vicentinho (PT-SP), essa \u00e9 uma data para estimular o combate \u00e0 intoler\u00e2ncia religiosa. Ao falar da lei em semin\u00e1rio realizado pela C\u00e2mara nesta segunda-feira (20), o parlamentar destacou a constante criminaliza\u00e7\u00e3o do candombl\u00e9.<\/p>\n<p>\u201cInicialmente proibida e considerada como ato criminoso, a pr\u00e1tica do candombl\u00e9 chegou a ser impedida por v\u00e1rios governos, sendo seus adeptos perseguidos e presos pela pol\u00edcia&#8221;, relatou Vicentinho. <\/p>\n<p>Dados oficiais da Ouvidoria Nacional de Direitos Humanos, do Minist\u00e9rio dos Direitos Humanos e da Cidadania, mostram que, apenas no ano de 2021, das 571 den\u00fancias de viola\u00e7\u00e3o \u00e0 manifesta\u00e7\u00e3o da f\u00e9 de diversas religi\u00f5es, mais da metade estavam relacionadas \u00e0s religi\u00f5es de matriz africana. <\/p>\n<p>Outro dado alarmante \u00e9 o Relat\u00f3rio da Rede Nacional de Religi\u00f5es Afro-Brasileiras e Sa\u00fade (Renafro), \u201cRespeite o meu Terreiro\u201d, que entrevistou 255 lideran\u00e7as religiosas em todo o territ\u00f3rio nacional e revelou que cerca de 99% dos entrevistados confirmaram j\u00e1 ter sofrido algum tipo de ofensa.<\/p>\n<p>Para a deputada Erika Kokay (PT-DF), relatora do projeto, \u00e9 preciso reconhecer a for\u00e7a da cultura afro-brasileira. &#8220;H\u00e1 uma tentativa de apagamento da hist\u00f3ria brasileira, para que n\u00f3s n\u00e3o conhe\u00e7amos e nem fa\u00e7amos o luto dos per\u00edodos traum\u00e1ticos da nossa hist\u00f3ria. A escraviza\u00e7\u00e3o, bem como a ditadura militar e o pr\u00f3prio colonialismo foram traum\u00e1ticos. E eu penso que se voc\u00ea n\u00e3o trata o problema, ele na verdade retorna com ainda mais ferocidade. \u00c9 um pouco do que vivenciamos nos \u00faltimos quatro anos&#8221;, disse a deputada durante o semin\u00e1rio, em Bras\u00edlia.<\/p>\n<p>Kokay avalia que existe um racismo estrutural no Brasil que atinge principalmente as religi\u00f5es de matrizes africanas. \u201cO primeiro aspecto \u00e9 reconhecer essa assimetria e a desigualdade de direitos, que precisa ser visibilizada para ser enfrentada. Ningu\u00e9m enfrenta o que n\u00e3o se v\u00ea ou que est\u00e1 invisibilizado. Precisamos fazer o reconhecimento de povos, comunidades, territ\u00f3rios\u201d.<\/p>\n<p>Originalmente, o projeto previa a comemora\u00e7\u00e3o no dia 30 de setembro, mas a data foi alterada por sugest\u00e3o do senador Paulo Paim (PT-RS) para coincidir com o marco escolhido pelas Na\u00e7\u00f5es Unidas para instalar uma rede intercontinental de conscientiza\u00e7\u00e3o pelo Dia Internacional Contra a Discrimina\u00e7\u00e3o Racial.<\/p>\n<p>\u201cNo Brasil, esse movimento ganha especial relev\u00e2ncia quando se constata um crescimento vertiginoso dos epis\u00f3dios de racismo, associados ou n\u00e3o \u00e0 viol\u00eancia religiosa, sobretudo diante das manifesta\u00e7\u00f5es de matrizes africanas\u201d, aponta o voto da deputada Erika Kokay, na \u00e9poca da vota\u00e7\u00e3o do projeto.<\/p>\n<p class=\"alt-font font-italic my-2 small text-info\">\n                                                Edi\u00e7\u00e3o:   Carolina Pimentel                    <\/p>\n<p>            <!-- blog End --><\/p>\n<p>            <!-- tag and share --><\/p>\n<p> Fonte: EBC <\/p>\n<input type=\"hidden\" id=\"baseurl\" value=\"https:\/\/noticiasdestaque.com.br\"><input type=\"hidden\" id=\"audio_nonce\" value=\"6a24ca502e\">","protected":false},"excerpt":{"rendered":"<p>Mais de 570 den\u00fancias de intoler\u00e2ncia religiosa foram feitas em 2021<\/p>\n","protected":false},"author":1,"featured_media":5695,"comment_status":"open","ping_status":"open","sticky":false,"template":"","format":"standard","meta":{"fifu_image_url":"","fifu_image_alt":"","footnotes":""},"categories":[1],"tags":[106],"class_list":["post-5693","post","type-post","status-publish","format-standard","has-post-thumbnail","hentry","category-uncategorized","tag-brunna-pareja"],"distributor_meta":false,"distributor_terms":false,"distributor_media":false,"distributor_original_site_name":"Noticias em Destaque","distributor_original_site_url":"https:\/\/noticiasdestaque.com.br","push-errors":false,"_links":{"self":[{"href":"https:\/\/noticiasdestaque.com.br\/index.php\/wp-json\/wp\/v2\/posts\/5693","targetHints":{"allow":["GET"]}}],"collection":[{"href":"https:\/\/noticiasdestaque.com.br\/index.php\/wp-json\/wp\/v2\/posts"}],"about":[{"href":"https:\/\/noticiasdestaque.com.br\/index.php\/wp-json\/wp\/v2\/types\/post"}],"author":[{"embeddable":true,"href":"https:\/\/noticiasdestaque.com.br\/index.php\/wp-json\/wp\/v2\/users\/1"}],"replies":[{"embeddable":true,"href":"https:\/\/noticiasdestaque.com.br\/index.php\/wp-json\/wp\/v2\/comments?post=5693"}],"version-history":[{"count":1,"href":"https:\/\/noticiasdestaque.com.br\/index.php\/wp-json\/wp\/v2\/posts\/5693\/revisions"}],"predecessor-version":[{"id":5694,"href":"https:\/\/noticiasdestaque.com.br\/index.php\/wp-json\/wp\/v2\/posts\/5693\/revisions\/5694"}],"wp:featuredmedia":[{"embeddable":true,"href":"https:\/\/noticiasdestaque.com.br\/index.php\/wp-json\/wp\/v2\/media\/5695"}],"wp:attachment":[{"href":"https:\/\/noticiasdestaque.com.br\/index.php\/wp-json\/wp\/v2\/media?parent=5693"}],"wp:term":[{"taxonomy":"category","embeddable":true,"href":"https:\/\/noticiasdestaque.com.br\/index.php\/wp-json\/wp\/v2\/categories?post=5693"},{"taxonomy":"post_tag","embeddable":true,"href":"https:\/\/noticiasdestaque.com.br\/index.php\/wp-json\/wp\/v2\/tags?post=5693"}],"curies":[{"name":"wp","href":"https:\/\/api.w.org\/{rel}","templated":true}]}}