{"id":5690,"date":"2023-03-21T07:25:00","date_gmt":"2023-03-21T07:25:00","guid":{"rendered":"https:\/\/noticiasdestaque.com.br\/index.php\/2023\/03\/21\/policia-federal-vai-abrir-inquerito-sobre-violencia-politica-de-genero\/"},"modified":"2023-03-21T07:25:00","modified_gmt":"2023-03-21T07:25:00","slug":"policia-federal-vai-abrir-inquerito-sobre-violencia-politica-de-genero","status":"publish","type":"post","link":"https:\/\/noticiasdestaque.com.br\/index.php\/2023\/03\/21\/policia-federal-vai-abrir-inquerito-sobre-violencia-politica-de-genero\/","title":{"rendered":"Pol\u00edcia Federal vai abrir inqu\u00e9rito sobre viol\u00eancia pol\u00edtica de g\u00eanero"},"content":{"rendered":"<style> bloco.meta {font-style: italic; color: #666;font-weight: 600;font-size: .8em; \/* line-height: .3em; *\/}  text h2 { font-weight: 700 !important;  color: #062f46 !important;} text img { width: none; left: none;}<\/style>\n<\/p>\n<p>A Pol\u00edcia Federal (PF) vai abrir investiga\u00e7\u00e3o para apurar den\u00fancias sobre viol\u00eancia pol\u00edtica de g\u00eanero no pa\u00eds. A determina\u00e7\u00e3o consta de of\u00edcio enviado nesta segunda-feira (20) pelo ministro da Justi\u00e7a e Seguran\u00e7a P\u00fablica, Fl\u00e1vio Dino, ao diretor-geral da PF, Andrei Passos. O objetivo \u00e9 apurar casos de constrangimento, humilha\u00e7\u00f5es, amea\u00e7as e a\u00e7\u00f5es que dificultam a participa\u00e7\u00e3o pol\u00edtica de mulheres na vida p\u00fablica.  <\/p>\n<p>&#8220;A grande novidade \u00e9 ter um inqu\u00e9rito nacional e federal, \u00fanico, que vai, portanto, concentrar todas as den\u00fancias. Caber\u00e1 \u00e0s parlamentares e \u00e0s agentes pol\u00edticas demandarem e \u00e0 PF proceder as investiga\u00e7\u00f5es&#8221;, explicou o ministro, durante entrevista coletiva em Bras\u00edlia, para anunciar a decis\u00e3o.<\/p>\n<p>Dino informou ter recebido, na semana passada, den\u00fancias enviadas pela senadora Soraya Thronicke (Uni\u00e3o Brasil-MS), pela bancada do PSOL, pela governadora do Rio Grande do Norte, F\u00e1tima Bezerra, e pela deputada federal Nat\u00e1lia Bonavides (PT-RN).<\/p>\n<p>&#8220;Recebi uma s\u00e9rie de pe\u00e7as, documentos que mostram amea\u00e7as graves. E sempre utilizando de menosprezo ou discrimina\u00e7\u00e3o \u00e0 condi\u00e7\u00e3o de mulher, com a finalidade de impedir o exerc\u00edcio do mandato. Temos uma defini\u00e7\u00e3o do Minist\u00e9rio da Justi\u00e7a e Seguran\u00e7a P\u00fablica de que a PF vai tratar esses casos de viol\u00eancia pol\u00edtica de g\u00eanero como crimes federais&#8221;, disse o ministro.<\/p>\n<p>A ideia \u00e9 que o inqu\u00e9rito foque a apura\u00e7\u00e3o de dois crimes, um tipificado no C\u00f3digo Penal, que define a pr\u00e1tica de viol\u00eancia de g\u00eanero, e outro previsto no C\u00f3digo Eleitoral, que abrange a situa\u00e7\u00e3o de candidatas e mulheres que det\u00eam mandato eletivo. No primeiro caso, a pena varia de tr\u00eas a seis anos de pris\u00e3o. O crime eleitoral tamb\u00e9m gera penas que podem chegar a quatro anos de deten\u00e7\u00e3o, al\u00e9m de multa. Fl\u00e1vio Dino explicou que crimes como esse, que diferem das pr\u00e1ticas de inj\u00faria, cal\u00fania e difama\u00e7\u00e3o, n\u00e3o dependem de representa\u00e7\u00e3o da v\u00edtima para serem apurados.  <\/p>\n<p>&#8220;Tradicionalmente, a abordagem \u00e9 fragmentada, e cada v\u00edtima se defende individualmente, tratando isso como crime contra honra. Estamos mudando esse enquadramento jur\u00eddico, aplicando o C\u00f3digo Penal e o C\u00f3digo Eleitoral, e tratando isso como crime federal, exatamente para que haja uma maior efic\u00e1cia&#8221;, argumentou Dino.<\/p>\n<p>A ideia \u00e9 que procuradorias legislativas, Minist\u00e9rio P\u00fablico Federal, al\u00e9m das pr\u00f3prias v\u00edtimas possam enviar os casos \u00e0 PF. O alvo, afirmou o ministro, s\u00e3o as &#8220;pessoas que se dedicam profissionalmente a atacar as mulheres, sua presen\u00e7a na pol\u00edtica, desqualificando-as como tal&#8221;.<\/p>\n<p>&#8220;Isto \u00e9 uma viol\u00eancia inaceit\u00e1vel no Brasil, porque isso faz com que mulheres saiam da pol\u00edtica. Isso faz com que as fam\u00edlias fiquem em p\u00e2nico e isso faz com que nova militantes pol\u00edticas, meninas jovens, se afastem da pol\u00edtica porque obviamente n\u00e3o querem ser v\u00edtimas desse tipo de viol\u00eancia psicol\u00f3gica e f\u00edsica&#8221;, destacou.<\/p>\n<p class=\"alt-font font-italic my-2 small text-info\">\n                                                Edi\u00e7\u00e3o:   N\u00e1dia Franco                    <\/p>\n<p>            <!-- blog End --><\/p>\n<p>            <!-- tag and share --><\/p>\n<p> Fonte: EBC <\/p>\n<input type=\"hidden\" id=\"baseurl\" value=\"https:\/\/noticiasdestaque.com.br\"><input type=\"hidden\" id=\"audio_nonce\" value=\"6a24ca502e\">","protected":false},"excerpt":{"rendered":"<p>Objetivo \u00e9 apurar casos que se enquadrem em crimes federais<\/p>\n","protected":false},"author":1,"featured_media":5692,"comment_status":"open","ping_status":"open","sticky":false,"template":"","format":"standard","meta":{"fifu_image_url":"","fifu_image_alt":"","footnotes":""},"categories":[1],"tags":[106],"class_list":["post-5690","post","type-post","status-publish","format-standard","has-post-thumbnail","hentry","category-uncategorized","tag-brunna-pareja"],"distributor_meta":false,"distributor_terms":false,"distributor_media":false,"distributor_original_site_name":"Noticias em Destaque","distributor_original_site_url":"https:\/\/noticiasdestaque.com.br","push-errors":false,"_links":{"self":[{"href":"https:\/\/noticiasdestaque.com.br\/index.php\/wp-json\/wp\/v2\/posts\/5690","targetHints":{"allow":["GET"]}}],"collection":[{"href":"https:\/\/noticiasdestaque.com.br\/index.php\/wp-json\/wp\/v2\/posts"}],"about":[{"href":"https:\/\/noticiasdestaque.com.br\/index.php\/wp-json\/wp\/v2\/types\/post"}],"author":[{"embeddable":true,"href":"https:\/\/noticiasdestaque.com.br\/index.php\/wp-json\/wp\/v2\/users\/1"}],"replies":[{"embeddable":true,"href":"https:\/\/noticiasdestaque.com.br\/index.php\/wp-json\/wp\/v2\/comments?post=5690"}],"version-history":[{"count":1,"href":"https:\/\/noticiasdestaque.com.br\/index.php\/wp-json\/wp\/v2\/posts\/5690\/revisions"}],"predecessor-version":[{"id":5691,"href":"https:\/\/noticiasdestaque.com.br\/index.php\/wp-json\/wp\/v2\/posts\/5690\/revisions\/5691"}],"wp:featuredmedia":[{"embeddable":true,"href":"https:\/\/noticiasdestaque.com.br\/index.php\/wp-json\/wp\/v2\/media\/5692"}],"wp:attachment":[{"href":"https:\/\/noticiasdestaque.com.br\/index.php\/wp-json\/wp\/v2\/media?parent=5690"}],"wp:term":[{"taxonomy":"category","embeddable":true,"href":"https:\/\/noticiasdestaque.com.br\/index.php\/wp-json\/wp\/v2\/categories?post=5690"},{"taxonomy":"post_tag","embeddable":true,"href":"https:\/\/noticiasdestaque.com.br\/index.php\/wp-json\/wp\/v2\/tags?post=5690"}],"curies":[{"name":"wp","href":"https:\/\/api.w.org\/{rel}","templated":true}]}}