{"id":5687,"date":"2023-03-21T05:53:00","date_gmt":"2023-03-21T05:53:00","guid":{"rendered":"https:\/\/noticiasdestaque.com.br\/index.php\/2023\/03\/21\/rio-grande-do-norte-registra-setimo-dia-de-ataques-criminosos\/"},"modified":"2023-03-21T05:53:00","modified_gmt":"2023-03-21T05:53:00","slug":"rio-grande-do-norte-registra-setimo-dia-de-ataques-criminosos","status":"publish","type":"post","link":"https:\/\/noticiasdestaque.com.br\/index.php\/2023\/03\/21\/rio-grande-do-norte-registra-setimo-dia-de-ataques-criminosos\/","title":{"rendered":"Rio Grande do Norte registra s\u00e9timo dia de ataques criminosos"},"content":{"rendered":"<p>Pelo s\u00e9timo dia seguido o Rio Grande do Norte registrou ataques criminosos contra pr\u00e9dios p\u00fablicos, com\u00e9rcios e ve\u00edculos no estado. At\u00e9 o domingo (19), o governo do estado registrou oficialmente 284 ataques. E mais de 130 pessoas foram presas suspeitas de envolvimento.<\/p>\n<p>A onda de ataques ocorre no estado desde a ter\u00e7a-feira (14), quando ao menos 50 cidades foram alvos de destrui\u00e7\u00e3o.  Segundo a pol\u00edcia, as a\u00e7\u00f5es s\u00e3o comandadas por uma fac\u00e7\u00e3o criminosa.<\/p>\n<p>Segundo o especialista em seguran\u00e7a p\u00fablica Leonardo Santana a onda de ataques que ocorrem no Rio Grande do Norte \u00e9 decorrente de v\u00e1rios fatores, inclusive de uma pol\u00edtica p\u00fablica de seguran\u00e7a fr\u00e1gil ao longo dos anos.<\/p>\n<p>\u201cPara que voc\u00ea tenha toda essa estrutura, voc\u00ea precisa considerar primeiro que crime organizado precisa ter dinheiro. N\u00f3s n\u00e3o temos um hist\u00f3rico de em um curto espa\u00e7o de tempo voc\u00ea conseguir reunir tanto investimento para fazer um ataque em tantos pontos distintos, ent\u00e3o o dinheiro seria o primeiro elemento. O segundo elemento seria o movimento de lideran\u00e7as. Ent\u00e3o existe sim um desenvolvimento de lideran\u00e7as estruturado e um desenvolvimento que n\u00e3o acontece apenas do lado de fora. Voc\u00ea tem as lideran\u00e7as nas cidades, e tamb\u00e9m lideran\u00e7as no sistema carcer\u00e1rio. E a parte mais complicada \u00e9 o desenvolvimento de boas pol\u00edticas p\u00fablicas de seguran\u00e7a\u201d, explica.<\/p>\n<p> Santana enfatiza que  para conseguir controlar a onda de ataques \u00e9 necess\u00e1rio repensar toda a estrutura de seguran\u00e7a p\u00fablica no estado.<\/p>\n<p>\u201c\u00c9 necess\u00e1rio dar uma demonstra\u00e7\u00e3o imediata de muita for\u00e7a e muita for\u00e7a n\u00e3o significa s\u00f3 o confronto com esses agressores, significa demonstrar quanto que eu vou investir agora nas for\u00e7as de seguran\u00e7a. \u00c9 preciso mostrar para a popula\u00e7\u00e3o que outros \u00f3rg\u00e3os v\u00e3o estar envolvidos nesse processo. E um outro ponto importante saber como se vai atuar hoje dentro do sistema prisional. O sistema carcer\u00e1rio continua sendo uma das partes do c\u00e9rebro desse modelo de ataque\u201d, aponta.<\/p>\n<h2><strong>Fl\u00e1vio Dino no RN<\/strong><\/h2>\n<p>O ministro da Justi\u00e7a e Seguran\u00e7a P\u00fablica, Fl\u00e1vio Dino (PSD), anunciou investimentos de R$ 100 milh\u00f5es para a \u00e1rea de seguran\u00e7a p\u00fablica do Rio Grande do Norte, durante entrevista coletiva, no fim da manh\u00e3 desta segunda-feira (20). Dino chegou ao estado na noite de domingo (19) para acompanhar as a\u00e7\u00f5es contra os ataques.<\/p>\n<p>Durante o pronunciamento, o ministro apontou tr\u00eas frentes que ser\u00e3o beneficiadas com a libera\u00e7\u00e3o de recursos at\u00e9 o fim de 2023: a sede do Instituto T\u00e9cnico-Cient\u00edfico de Per\u00edcia, o regimento de cavalaria da Pol\u00edcia Militar e o complexo da Pol\u00edcia Civil do Rio Grande do Norte.<\/p>\n<p>Segundo o ministro, os recursos v\u00e3o ser direcionados para a realiza\u00e7\u00e3o de obras e aquisi\u00e7\u00e3o de novas viaturas.<\/p>\n<p>\u201cN\u00f3s estamos liberando capacidade de investimento do governo estadual. Al\u00e9m disso, n\u00f3s vamos destinar imediatamente ao estado viaturas e armamentos, armas longas, como s\u00e3o conhecidas. N\u00f3s j\u00e1 temos inclusive uma parte desse equipamento comprado e que ser\u00e1 entregue ao longo desta semana ou pr\u00f3xima ao governo do Rio Grande do Norte. N\u00f3s estamos tamb\u00e9m propiciando a amplia\u00e7\u00e3o das viaturas alugadas pelo governo estadual e aquisi\u00e7\u00e3o de mais viaturas\u201d, completou o ministro.<\/p>\n<p>De acordo com Fl\u00e1vio Dino, mais de R$ 5 milh\u00f5es foram empregados pelo minist\u00e9rio desde ter\u00e7a-feira (14). Ainda segundo ele, cerca de R$ 20 milh\u00f5es ser\u00e3o aplicados na aquisi\u00e7\u00e3o de  viaturas.<\/p>\n<p>A governadora do Rio Grande do Norte, F\u00e1tima Bezerra (PT), refor\u00e7ou que o ministro ir\u00e1 disponibilizar agentes da For\u00e7a Nacional para o estado, por quanto tempo for necess\u00e1rio.<\/p>\n<p>\u201cO ministro nos assegurou que a For\u00e7a de Seguran\u00e7a Nacional ficar\u00e1 aqui no Rio Grande do Norte, o tempo que for preciso, o tempo, exatamente que for necess\u00e1rio para que a gente possa o mais breve trazer a paz, a normalidade, \u00e0 vida do povo  do Rio Grande do Norte\u201d, contou  a governadora.<\/p>\n<p>Segundo a governadora, a libera\u00e7\u00e3o dos recursos \u00e9 um passo importante para combater a crise.<\/p>\n<p>\u201cSem d\u00favida nenhuma, \u00e9 um passo importante, para que a gente assegure ao povo do Rio Grande do Norte que continuaremos aqui incans\u00e1veis com as nossas a\u00e7\u00f5es de seguran\u00e7a em curso, mais policiais e aprofundar cada vez mais investiga\u00e7\u00e3o e o setor de intelig\u00eancia. Bem como tamb\u00e9m os investimentos no sistema prisional, come\u00e7ando com a expans\u00e3o de vagas, aquisi\u00e7\u00e3o de equipamentos, e o fortalecimento das medidas de ressocializa\u00e7\u00e3o\u201d, destacou.<\/p>\n<p> Fonte: Brasil61<\/p>\n<input type=\"hidden\" id=\"baseurl\" value=\"https:\/\/noticiasdestaque.com.br\"><input type=\"hidden\" id=\"audio_nonce\" value=\"6a24ca502e\">","protected":false},"excerpt":{"rendered":"<p>At\u00e9 o domingo (19), o governo do estado registrou oficialmente 284 ataques<\/p>\n","protected":false},"author":1,"featured_media":5689,"comment_status":"open","ping_status":"open","sticky":false,"template":"","format":"standard","meta":{"fifu_image_url":"","fifu_image_alt":"","footnotes":""},"categories":[1],"tags":[106],"class_list":["post-5687","post","type-post","status-publish","format-standard","has-post-thumbnail","hentry","category-uncategorized","tag-brunna-pareja"],"distributor_meta":false,"distributor_terms":false,"distributor_media":false,"distributor_original_site_name":"Noticias em Destaque","distributor_original_site_url":"https:\/\/noticiasdestaque.com.br","push-errors":false,"_links":{"self":[{"href":"https:\/\/noticiasdestaque.com.br\/index.php\/wp-json\/wp\/v2\/posts\/5687","targetHints":{"allow":["GET"]}}],"collection":[{"href":"https:\/\/noticiasdestaque.com.br\/index.php\/wp-json\/wp\/v2\/posts"}],"about":[{"href":"https:\/\/noticiasdestaque.com.br\/index.php\/wp-json\/wp\/v2\/types\/post"}],"author":[{"embeddable":true,"href":"https:\/\/noticiasdestaque.com.br\/index.php\/wp-json\/wp\/v2\/users\/1"}],"replies":[{"embeddable":true,"href":"https:\/\/noticiasdestaque.com.br\/index.php\/wp-json\/wp\/v2\/comments?post=5687"}],"version-history":[{"count":1,"href":"https:\/\/noticiasdestaque.com.br\/index.php\/wp-json\/wp\/v2\/posts\/5687\/revisions"}],"predecessor-version":[{"id":5688,"href":"https:\/\/noticiasdestaque.com.br\/index.php\/wp-json\/wp\/v2\/posts\/5687\/revisions\/5688"}],"wp:featuredmedia":[{"embeddable":true,"href":"https:\/\/noticiasdestaque.com.br\/index.php\/wp-json\/wp\/v2\/media\/5689"}],"wp:attachment":[{"href":"https:\/\/noticiasdestaque.com.br\/index.php\/wp-json\/wp\/v2\/media?parent=5687"}],"wp:term":[{"taxonomy":"category","embeddable":true,"href":"https:\/\/noticiasdestaque.com.br\/index.php\/wp-json\/wp\/v2\/categories?post=5687"},{"taxonomy":"post_tag","embeddable":true,"href":"https:\/\/noticiasdestaque.com.br\/index.php\/wp-json\/wp\/v2\/tags?post=5687"}],"curies":[{"name":"wp","href":"https:\/\/api.w.org\/{rel}","templated":true}]}}