{"id":5678,"date":"2023-03-21T01:23:00","date_gmt":"2023-03-21T01:23:00","guid":{"rendered":"https:\/\/noticiasdestaque.com.br\/index.php\/2023\/03\/21\/mg-defesa-civil-nacional-reconhece-situacao-de-emergencia-em-mais-seis-cidades-afetadas-por-desastres-naturais\/"},"modified":"2023-03-21T01:23:00","modified_gmt":"2023-03-21T01:23:00","slug":"mg-defesa-civil-nacional-reconhece-situacao-de-emergencia-em-mais-seis-cidades-afetadas-por-desastres-naturais","status":"publish","type":"post","link":"https:\/\/noticiasdestaque.com.br\/index.php\/2023\/03\/21\/mg-defesa-civil-nacional-reconhece-situacao-de-emergencia-em-mais-seis-cidades-afetadas-por-desastres-naturais\/","title":{"rendered":"MG: Defesa Civil Nacional reconhece situa\u00e7\u00e3o de emerg\u00eancia em mais seis cidades afetadas por desastres naturais"},"content":{"rendered":"<p data-pm-slice=\"1 1 []\">O Minist\u00e9rio da Integra\u00e7\u00e3o e do Desenvolvimento Regional (MIDR), por meio da Defesa Civil Nacional, reconheceu a situa\u00e7\u00e3o de emerg\u00eancia em mais seis cidades de Minas Gerais atingidas por desastres naturais. A portaria que oficializa a medida foi publicada na edi\u00e7\u00e3o desta segunda-feira (20) do Di\u00e1rio Oficial da Uni\u00e3o (DOU). <a data-tippreview-enabled=\"false\" data-tippreview-image=\"\" data-tippreview-title=\"\" href=\"https:\/\/www.in.gov.br\/en\/web\/dou\/-\/portaria-n-1.111-de-17-de-marco-de-2023-471286116\" target=\"_blank\" title=\"\">Confira neste link.<\/a><\/p>\n<p>Foram atingidas por fortes chuvas as cidades de Candeias, Lambari, Presidente Juscelino, S\u00e3o Jo\u00e3o do Manteninha e Vi\u00e7osa. J\u00e1 Cuparaque sofreu com alagamentos.<\/p>\n<p>Ao todo, o Brasil tem, no momento, 1469 munic\u00edpios com reconhecimento federal de situa\u00e7\u00e3o de emerg\u00eancia devido a desastres naturais.<\/p>\n<h2>Como solicitar recursos federais para a\u00e7\u00f5es de defesa civil<\/h2>\n<p>Cidades em situa\u00e7\u00e3o de emerg\u00eancia ou estado de calamidade p\u00fablica reconhecido pela Defesa Civil Nacional est\u00e3o aptas a solicitar recursos do Minist\u00e9rio da Integra\u00e7\u00e3o e do Desenvolvimento Regional para atendimento \u00e0 popula\u00e7\u00e3o afetada.<\/p>\n<p>As a\u00e7\u00f5es envolvem socorro, assist\u00eancias \u00e0s v\u00edtimas, restabelecimento de servi\u00e7os essenciais e reconstru\u00e7\u00e3o de infraestrutura destru\u00edda ou danificada. A solicita\u00e7\u00e3o deve ser feita por meio do Sistema Integrado de Informa\u00e7\u00f5es sobre Desastres (<a data-tippreview-enabled=\"false\" data-tippreview-image=\"\" data-tippreview-title=\"\" href=\"http:\/\/s2id.mi.gov.br\/\" target=\"_blank\" title=\"\">S2iD<\/a>).<\/p>\n<p>Com base nas informa\u00e7\u00f5es enviadas, a equipe t\u00e9cnica da Defesa Civil Nacional avalia as metas e os valores solicitados. Com a aprova\u00e7\u00e3o, \u00e9 publicada portaria no DOU com a valor ser liberado.<\/p>\n<h2>Capacita\u00e7\u00f5es da Defesa Civil Nacional<\/h2>\n<p>A Defesa Civil Nacional oferece uma s\u00e9rie de cursos a dist\u00e2ncia para habilitar e qualificar agentes municipais e estaduais para o uso do S2iD. As capacita\u00e7\u00f5es t\u00eam como foco os agentes de prote\u00e7\u00e3o e defesa civil nas tr\u00eas esferas de governo. Confira <a data-tippreview-enabled=\"false\" data-tippreview-image=\"\" data-tippreview-title=\"\" href=\"http:\/\/www.gov.br\/mdr\/pt-br\/assuntos\/protecao-e-defesa-civil\/capacitacoes\/cursos-em-andamento\" target=\"_blank\" title=\"\">neste link<\/a> a lista completa dos cursos.<\/p>\n<p> Fonte: Brasil61<\/p>\n<input type=\"hidden\" id=\"baseurl\" value=\"https:\/\/noticiasdestaque.com.br\"><input type=\"hidden\" id=\"audio_nonce\" value=\"6a24ca502e\">","protected":false},"excerpt":{"rendered":"<p>Est\u00e3o na lista os munic\u00edpios de Candeias, Cuparaque, Lambari, Presidente Juscelino, S\u00e3o Jo\u00e3o do Manteninha e Vi\u00e7osa<\/p>\n","protected":false},"author":1,"featured_media":5680,"comment_status":"open","ping_status":"open","sticky":false,"template":"","format":"standard","meta":{"fifu_image_url":"","fifu_image_alt":"","footnotes":""},"categories":[1],"tags":[106],"class_list":["post-5678","post","type-post","status-publish","format-standard","has-post-thumbnail","hentry","category-uncategorized","tag-brunna-pareja"],"distributor_meta":false,"distributor_terms":false,"distributor_media":false,"distributor_original_site_name":"Noticias em Destaque","distributor_original_site_url":"https:\/\/noticiasdestaque.com.br","push-errors":false,"_links":{"self":[{"href":"https:\/\/noticiasdestaque.com.br\/index.php\/wp-json\/wp\/v2\/posts\/5678","targetHints":{"allow":["GET"]}}],"collection":[{"href":"https:\/\/noticiasdestaque.com.br\/index.php\/wp-json\/wp\/v2\/posts"}],"about":[{"href":"https:\/\/noticiasdestaque.com.br\/index.php\/wp-json\/wp\/v2\/types\/post"}],"author":[{"embeddable":true,"href":"https:\/\/noticiasdestaque.com.br\/index.php\/wp-json\/wp\/v2\/users\/1"}],"replies":[{"embeddable":true,"href":"https:\/\/noticiasdestaque.com.br\/index.php\/wp-json\/wp\/v2\/comments?post=5678"}],"version-history":[{"count":1,"href":"https:\/\/noticiasdestaque.com.br\/index.php\/wp-json\/wp\/v2\/posts\/5678\/revisions"}],"predecessor-version":[{"id":5679,"href":"https:\/\/noticiasdestaque.com.br\/index.php\/wp-json\/wp\/v2\/posts\/5678\/revisions\/5679"}],"wp:featuredmedia":[{"embeddable":true,"href":"https:\/\/noticiasdestaque.com.br\/index.php\/wp-json\/wp\/v2\/media\/5680"}],"wp:attachment":[{"href":"https:\/\/noticiasdestaque.com.br\/index.php\/wp-json\/wp\/v2\/media?parent=5678"}],"wp:term":[{"taxonomy":"category","embeddable":true,"href":"https:\/\/noticiasdestaque.com.br\/index.php\/wp-json\/wp\/v2\/categories?post=5678"},{"taxonomy":"post_tag","embeddable":true,"href":"https:\/\/noticiasdestaque.com.br\/index.php\/wp-json\/wp\/v2\/tags?post=5678"}],"curies":[{"name":"wp","href":"https:\/\/api.w.org\/{rel}","templated":true}]}}