{"id":5672,"date":"2023-03-20T19:19:00","date_gmt":"2023-03-20T19:19:00","guid":{"rendered":"https:\/\/noticiasdestaque.com.br\/index.php\/2023\/03\/20\/vacina-bivalente-e-aplicada-em-mais-de-milhoes-de-pessoas\/"},"modified":"2023-03-20T19:19:00","modified_gmt":"2023-03-20T19:19:00","slug":"vacina-bivalente-e-aplicada-em-mais-de-milhoes-de-pessoas","status":"publish","type":"post","link":"https:\/\/noticiasdestaque.com.br\/index.php\/2023\/03\/20\/vacina-bivalente-e-aplicada-em-mais-de-milhoes-de-pessoas\/","title":{"rendered":"Vacina bivalente \u00e9 aplicada em mais de 4,1 milh\u00f5es de pessoas"},"content":{"rendered":"<style> bloco.meta {font-style: italic; color: #666;font-weight: 600;font-size: .8em; \/* line-height: .3em; *\/}  text h2 { font-weight: 700 !important;  color: #062f46 !important;} text img { width: none; left: none;}<\/style>\n<\/p>\n<p>Mais de 4,1 milh\u00f5es de brasileiros j\u00e1 foram aos postos de sa\u00fade para tomar a dose de refor\u00e7o com as vacinas bivalentes contra a covid-19. \u00c9 o que informa o \u00faltimo balan\u00e7o do Minist\u00e9rio da Sa\u00fade.<\/p>\n<p>As informa\u00e7\u00f5es foram encaminhadas para o LocalizaSUS, que concentra dados enviados por estados e munic\u00edpios, desde o dia 27 de fevereiro, quando foi lan\u00e7ado o Movimento Nacional de Vacina\u00e7\u00e3o. O LocalizaSUS \u00e9 uma plataforma de dados estrat\u00e9gicos de sa\u00fade distribu\u00eddos em diversos pain\u00e9is que auxilia na elabora\u00e7\u00e3o de an\u00e1lises contextuais utilizadas na formula\u00e7\u00e3o de pol\u00edticas p\u00fablicas e na avalia\u00e7\u00e3o de interven\u00e7\u00f5es espec\u00edficas na \u00e1rea da sa\u00fade.<\/p>\n<p>O imunizante j\u00e1 estava dispon\u00edvel para idosos com mais de 70 anos, pessoas imunocomprometidas, funcion\u00e1rios e pessoas que vivem em institui\u00e7\u00f5es de longa perman\u00eancia, al\u00e9m de ind\u00edgenas, ribeirinhos e quilombolas. Esse p\u00fablico corre maior risco de desenvolver formas graves da doen\u00e7a.<\/p>\n<h2>Avan\u00e7o na vacina\u00e7\u00e3o<\/h2>\n<p>A vacina\u00e7\u00e3o tamb\u00e9m avan\u00e7a entre os povos e comunidades tradicionais, que receberam quase 37 mil doses, e povos ind\u00edgenas, com quase 16 mil doses do imunizante.<\/p>\n<p>Agora, grupos priorit\u00e1rios que n\u00e3o estavam contemplados devem ser chamados por estados e munic\u00edpios para receber o refor\u00e7o do imunizante.<\/p>\n<p>Todas as vacinas contra a covid-19 oferecidas pelo Sistema \u00danico de Sa\u00fade (SUS) s\u00e3o comprovadamente seguras e protegem contra formas graves da doen\u00e7a &#8211; que j\u00e1 matou quase 700 mil pessoas no Brasil, desde o in\u00edcio da pandemia, em 2020.<\/p>\n<p class=\"alt-font font-italic my-2 small text-info\">\n                                                Edi\u00e7\u00e3o:   Kleber Sampaio                    <\/p>\n<p>            <!-- blog End --><\/p>\n<p>            <!-- tag and share --><\/p>\n<p> Fonte: EBC <\/p>\n<input type=\"hidden\" id=\"baseurl\" value=\"https:\/\/noticiasdestaque.com.br\"><input type=\"hidden\" id=\"audio_nonce\" value=\"6a24ca502e\">","protected":false},"excerpt":{"rendered":"<p>Imunizante \u00e9 para idosos com mais de 70 anos<\/p>\n","protected":false},"author":1,"featured_media":5674,"comment_status":"open","ping_status":"open","sticky":false,"template":"","format":"standard","meta":{"fifu_image_url":"","fifu_image_alt":"","footnotes":""},"categories":[1],"tags":[112],"class_list":["post-5672","post","type-post","status-publish","format-standard","has-post-thumbnail","hentry","category-uncategorized","tag-energreener"],"distributor_meta":false,"distributor_terms":false,"distributor_media":false,"distributor_original_site_name":"Noticias em Destaque","distributor_original_site_url":"https:\/\/noticiasdestaque.com.br","push-errors":false,"_links":{"self":[{"href":"https:\/\/noticiasdestaque.com.br\/index.php\/wp-json\/wp\/v2\/posts\/5672","targetHints":{"allow":["GET"]}}],"collection":[{"href":"https:\/\/noticiasdestaque.com.br\/index.php\/wp-json\/wp\/v2\/posts"}],"about":[{"href":"https:\/\/noticiasdestaque.com.br\/index.php\/wp-json\/wp\/v2\/types\/post"}],"author":[{"embeddable":true,"href":"https:\/\/noticiasdestaque.com.br\/index.php\/wp-json\/wp\/v2\/users\/1"}],"replies":[{"embeddable":true,"href":"https:\/\/noticiasdestaque.com.br\/index.php\/wp-json\/wp\/v2\/comments?post=5672"}],"version-history":[{"count":1,"href":"https:\/\/noticiasdestaque.com.br\/index.php\/wp-json\/wp\/v2\/posts\/5672\/revisions"}],"predecessor-version":[{"id":5673,"href":"https:\/\/noticiasdestaque.com.br\/index.php\/wp-json\/wp\/v2\/posts\/5672\/revisions\/5673"}],"wp:featuredmedia":[{"embeddable":true,"href":"https:\/\/noticiasdestaque.com.br\/index.php\/wp-json\/wp\/v2\/media\/5674"}],"wp:attachment":[{"href":"https:\/\/noticiasdestaque.com.br\/index.php\/wp-json\/wp\/v2\/media?parent=5672"}],"wp:term":[{"taxonomy":"category","embeddable":true,"href":"https:\/\/noticiasdestaque.com.br\/index.php\/wp-json\/wp\/v2\/categories?post=5672"},{"taxonomy":"post_tag","embeddable":true,"href":"https:\/\/noticiasdestaque.com.br\/index.php\/wp-json\/wp\/v2\/tags?post=5672"}],"curies":[{"name":"wp","href":"https:\/\/api.w.org\/{rel}","templated":true}]}}