{"id":5666,"date":"2023-03-20T17:19:00","date_gmt":"2023-03-20T17:19:00","guid":{"rendered":"https:\/\/noticiasdestaque.com.br\/index.php\/2023\/03\/20\/projecao-da-inflacao-tem-variacao-negativa-de-diz-bc\/"},"modified":"2023-03-20T17:19:00","modified_gmt":"2023-03-20T17:19:00","slug":"projecao-da-inflacao-tem-variacao-negativa-de-diz-bc","status":"publish","type":"post","link":"https:\/\/noticiasdestaque.com.br\/index.php\/2023\/03\/20\/projecao-da-inflacao-tem-variacao-negativa-de-diz-bc\/","title":{"rendered":"Proje\u00e7\u00e3o da infla\u00e7\u00e3o tem varia\u00e7\u00e3o negativa de 5,95%, diz BC"},"content":{"rendered":"<style> bloco.meta {font-style: italic; color: #666;font-weight: 600;font-size: .8em; \/* line-height: .3em; *\/}  text h2 { font-weight: 700 !important;  color: #062f46 !important;} text img { width: none; left: none;}<\/style>\n<\/p>\n<p>A previs\u00e3o do mercado financeiro para o \u00cdndice Nacional de Pre\u00e7os ao Consumidor Amplo (IPCA), considerada a infla\u00e7\u00e3o oficial do pa\u00eds, teve uma varia\u00e7\u00e3o negativa de 5,96% para 5,95% este ano. A estimativa consta no Boletim Focus desta segunda-feira (20), pesquisa divulgada semanalmente pelo Banco Central (BC) com a expectativa de institui\u00e7\u00f5es financeiras para os principais indicadores econ\u00f4micos.<\/p>\n<p>Para 2024, a proje\u00e7\u00e3o da infla\u00e7\u00e3o ficou em 4,11%. Para 2025 e 2026, as previs\u00f5es s\u00e3o de infla\u00e7\u00e3o em 3,9% e 4%, respectivamente.<\/p>\n<p>A estimativa para este ano est\u00e1 acima do teto da meta de infla\u00e7\u00e3o que deve ser perseguida pelo BC. Definida pelo Conselho Monet\u00e1rio Nacional (CMN), a meta \u00e9 de 3,25% para este ano, com intervalo de toler\u00e2ncia de 1,5 ponto percentual para cima ou para baixo. Ou seja, o limite inferior \u00e9 de 1,75% e o superior de 4,75%.<\/p>\n<p>Da mesma forma, a proje\u00e7\u00e3o do mercado para a infla\u00e7\u00e3o de 2024 tamb\u00e9m est\u00e1 acima do centro da meta prevista, fixada em 3%, mas ainda dentro do intervalo de toler\u00e2ncia de 1,5 ponto percentual.<\/p>\n<p>Em fevereiro, puxado pelo grupo Educa\u00e7\u00e3o, com os reajustes aplicados pelos estabelecimentos de ensino na virada do ano, o <a href=\"https:\/\/agenciabrasil.ebc.com.br\/economia\/noticia\/2023-03\/ipca-sobe-084-em-fevereiro-informa-ibge#:~:text=O \u00cdndice Nacional de Pre\u00e7os,verificados no per\u00edodo imediatamente anterior\" target=\"_blank\">IPCA ficou em 0,84%<\/a>, segundo o Instituto Brasileiro de Geografia e Estat\u00edstica (IBGE). Com o resultado, o indicador acumulou alta de 1,37% no ano e de 5,6% nos \u00faltimos 12 meses, percentual mais baixo do que os 5,77% verificados no per\u00edodo imediatamente anterior.<\/p>\n<h2>Juros<\/h2>\n<p>Para alcan\u00e7ar a meta de infla\u00e7\u00e3o, o Banco Central usa como principal instrumento a taxa b\u00e1sica de juros, a Selic, definida em 13,75% ao ano pelo Comit\u00ea de Pol\u00edtica Monet\u00e1ria (Copom). A taxa est\u00e1 nesse n\u00edvel desde agosto do ano passado, e \u00e9 o maior n\u00edvel desde janeiro de 2017, quando tamb\u00e9m estava nesse patamar.<\/p>\n<p>Para o mercado financeiro, a expectativa \u00e9 de que a Selic encerre o ano em 12,75% ao ano. Para o fim de 2024, a estimativa \u00e9 de que a taxa b\u00e1sica caia para 10% ao ano. J\u00e1 para o fim de 2025 e de 2026, a previs\u00e3o \u00e9 de Selic em 9% ao ano, nos dois anos.<\/p>\n<p>Quando o Copom aumenta a taxa b\u00e1sica de juros, a finalidade \u00e9 conter a demanda aquecida, e isso causa reflexos nos pre\u00e7os porque os juros mais altos encarecem o cr\u00e9dito e estimulam a poupan\u00e7a. Desse modo, taxas mais altas tamb\u00e9m podem dificultar a expans\u00e3o da economia. Mas, al\u00e9m da Selic, os bancos consideram outros fatores na hora de definir os juros cobrados dos consumidores, como risco de inadimpl\u00eancia, lucro e despesas administrativas.<\/p>\n<p>Quando o Copom diminui a Selic, a tend\u00eancia \u00e9 de que o cr\u00e9dito fique mais barato, com incentivo \u00e0 produ\u00e7\u00e3o e ao consumo, reduzindo o controle sobre a infla\u00e7\u00e3o e estimulando a atividade econ\u00f4mica.<\/p>\n<h2>PIB e c\u00e2mbio<\/h2>\n<p>A proje\u00e7\u00e3o das institui\u00e7\u00f5es financeiras para o crescimento da economia brasileira neste ano tamb\u00e9m variou para baixo de 0,89% para 0,88%.<\/p>\n<p>Para 2024, a expectativa para o Produto Interno Bruto (PIB, a soma de todos os bens e servi\u00e7os produzidos no pa\u00eds) \u00e9 de crescimento de 1,47%. Para 2025 e 2026, o mercado financeiro projeta expans\u00e3o do PIB em 1,7% e 1,8%, respectivamente.<\/p>\n<p>A expectativa para a cota\u00e7\u00e3o do d\u00f3lar est\u00e1 em R$ 5,25 para o fim deste ano. Para o final de 2024, a previs\u00e3o \u00e9 de que a moeda americana fique em R$ 5,30.<\/p>\n<p class=\"alt-font font-italic my-2 small text-info\">\n                                                Edi\u00e7\u00e3o:   Val\u00e9ria Aguiar                    <\/p>\n<p>            <!-- blog End --><\/p>\n<p>            <!-- tag and share --><\/p>\n<p> Fonte: EBC <\/p>\n<input type=\"hidden\" id=\"baseurl\" value=\"https:\/\/noticiasdestaque.com.br\"><input type=\"hidden\" id=\"audio_nonce\" value=\"6a24ca502e\">","protected":false},"excerpt":{"rendered":"<p>Expans\u00e3o da economia tamb\u00e9m teve queda de 0,89% para  0,88%<\/p>\n","protected":false},"author":1,"featured_media":5668,"comment_status":"open","ping_status":"open","sticky":false,"template":"","format":"standard","meta":{"fifu_image_url":"","fifu_image_alt":"","footnotes":""},"categories":[1],"tags":[107],"class_list":["post-5666","post","type-post","status-publish","format-standard","has-post-thumbnail","hentry","category-uncategorized","tag-closer-vendedor-milionario"],"distributor_meta":false,"distributor_terms":false,"distributor_media":false,"distributor_original_site_name":"Noticias em Destaque","distributor_original_site_url":"https:\/\/noticiasdestaque.com.br","push-errors":false,"_links":{"self":[{"href":"https:\/\/noticiasdestaque.com.br\/index.php\/wp-json\/wp\/v2\/posts\/5666","targetHints":{"allow":["GET"]}}],"collection":[{"href":"https:\/\/noticiasdestaque.com.br\/index.php\/wp-json\/wp\/v2\/posts"}],"about":[{"href":"https:\/\/noticiasdestaque.com.br\/index.php\/wp-json\/wp\/v2\/types\/post"}],"author":[{"embeddable":true,"href":"https:\/\/noticiasdestaque.com.br\/index.php\/wp-json\/wp\/v2\/users\/1"}],"replies":[{"embeddable":true,"href":"https:\/\/noticiasdestaque.com.br\/index.php\/wp-json\/wp\/v2\/comments?post=5666"}],"version-history":[{"count":1,"href":"https:\/\/noticiasdestaque.com.br\/index.php\/wp-json\/wp\/v2\/posts\/5666\/revisions"}],"predecessor-version":[{"id":5667,"href":"https:\/\/noticiasdestaque.com.br\/index.php\/wp-json\/wp\/v2\/posts\/5666\/revisions\/5667"}],"wp:featuredmedia":[{"embeddable":true,"href":"https:\/\/noticiasdestaque.com.br\/index.php\/wp-json\/wp\/v2\/media\/5668"}],"wp:attachment":[{"href":"https:\/\/noticiasdestaque.com.br\/index.php\/wp-json\/wp\/v2\/media?parent=5666"}],"wp:term":[{"taxonomy":"category","embeddable":true,"href":"https:\/\/noticiasdestaque.com.br\/index.php\/wp-json\/wp\/v2\/categories?post=5666"},{"taxonomy":"post_tag","embeddable":true,"href":"https:\/\/noticiasdestaque.com.br\/index.php\/wp-json\/wp\/v2\/tags?post=5666"}],"curies":[{"name":"wp","href":"https:\/\/api.w.org\/{rel}","templated":true}]}}