{"id":5648,"date":"2023-03-20T12:49:00","date_gmt":"2023-03-20T12:49:00","guid":{"rendered":"https:\/\/noticiasdestaque.com.br\/index.php\/2023\/03\/20\/valor-minimo-da-alcada-do-carf-prejudica-pequenas-empresas-afirma-advogado\/"},"modified":"2023-03-20T12:49:00","modified_gmt":"2023-03-20T12:49:00","slug":"valor-minimo-da-alcada-do-carf-prejudica-pequenas-empresas-afirma-advogado","status":"publish","type":"post","link":"https:\/\/noticiasdestaque.com.br\/index.php\/2023\/03\/20\/valor-minimo-da-alcada-do-carf-prejudica-pequenas-empresas-afirma-advogado\/","title":{"rendered":"Valor m\u00ednimo da al\u00e7ada do Carf prejudica pequenas empresas, afirma advogado"},"content":{"rendered":"<p>O retorno do voto de qualidade n\u00e3o \u00e9 o \u00fanico n\u00f3 a ser desatado entre governo e Congresso na medida provis\u00f3ria do Conselho Administrativo de Recursos Fiscais (Carf), a MP <a href=\"https:\/\/www.congressonacional.leg.br\/materias\/medidas-provisorias\/-\/mpv\/155690\">1160\/2023<\/a>. O texto prev\u00ea ainda que poder\u00e3o ser objeto do Carf apenas quest\u00f5es que envolvam quantias superiores a mil sal\u00e1rios m\u00ednimos. Antes da mudan\u00e7a, o limite era de 60 sal\u00e1rios. Com a altera\u00e7\u00e3o, o conselho apreciar\u00e1 apenas processos acima de R$ 1,3 milh\u00e3o, muito al\u00e9m do limite anterior de R$ 78,1 mil.<\/p>\n<\/p>\n<p>Autora de tr\u00eas emendas \u00e0 MP do Carf, a deputada federal Greyce Elias (AVANTE-MG) ressalta que a medida prejudica o pequeno e o m\u00e9dio empres\u00e1rio, pois retira o direito \u00e0 discuss\u00e3o no n\u00edvel administrativo.<\/p>\n<p>\u201cQuando a gente tem o direito garantido para que todos possam ter uma discuss\u00e3o a n\u00edvel recursal, administrativo, temos a possibilidade de tentar solucionar as quest\u00f5es tribut\u00e1rias de forma mais c\u00e9lere e tamb\u00e9m menos onerosa. O Poder Judici\u00e1rio no Brasil, hoje, al\u00e9m de obrigar o contribuinte a ter acesso a um advogado a entrar na Justi\u00e7a, a pagar todas as taxas, ainda temos o  problema de n\u00e3o saber quando ele vai ser julgado\u201d, aponta.<\/p>\n<p>Na regula\u00e7\u00e3o que trouxe a altera\u00e7\u00e3o da al\u00e7ada, existe ainda a previs\u00e3o de que o fisco pode judicializar a disputa, quando sair derrotado das esferas administrativas, como explica o advogado e s\u00f3cio do escrit\u00f3rio Carvalho <\/p>\n<input type=\"hidden\" id=\"baseurl\" value=\"https:\/\/noticiasdestaque.com.br\"><input type=\"hidden\" id=\"audio_nonce\" value=\"6a24ca502e\">","protected":false},"excerpt":{"rendered":"<p>Com o acesso ao Carf limitado, empresas de menor porte n\u00e3o ter\u00e3o acesso \u00e0 discuss\u00e3o administrativa e dever\u00e3o arcar com todas as despesas ao buscar o Judici\u00e1rio<\/p>\n","protected":false},"author":1,"featured_media":5650,"comment_status":"open","ping_status":"open","sticky":false,"template":"","format":"standard","meta":{"fifu_image_url":"","fifu_image_alt":"","footnotes":""},"categories":[1],"tags":[106],"class_list":["post-5648","post","type-post","status-publish","format-standard","has-post-thumbnail","hentry","category-uncategorized","tag-brunna-pareja"],"distributor_meta":false,"distributor_terms":false,"distributor_media":false,"distributor_original_site_name":"Noticias em Destaque","distributor_original_site_url":"https:\/\/noticiasdestaque.com.br","push-errors":false,"_links":{"self":[{"href":"https:\/\/noticiasdestaque.com.br\/index.php\/wp-json\/wp\/v2\/posts\/5648","targetHints":{"allow":["GET"]}}],"collection":[{"href":"https:\/\/noticiasdestaque.com.br\/index.php\/wp-json\/wp\/v2\/posts"}],"about":[{"href":"https:\/\/noticiasdestaque.com.br\/index.php\/wp-json\/wp\/v2\/types\/post"}],"author":[{"embeddable":true,"href":"https:\/\/noticiasdestaque.com.br\/index.php\/wp-json\/wp\/v2\/users\/1"}],"replies":[{"embeddable":true,"href":"https:\/\/noticiasdestaque.com.br\/index.php\/wp-json\/wp\/v2\/comments?post=5648"}],"version-history":[{"count":1,"href":"https:\/\/noticiasdestaque.com.br\/index.php\/wp-json\/wp\/v2\/posts\/5648\/revisions"}],"predecessor-version":[{"id":5649,"href":"https:\/\/noticiasdestaque.com.br\/index.php\/wp-json\/wp\/v2\/posts\/5648\/revisions\/5649"}],"wp:featuredmedia":[{"embeddable":true,"href":"https:\/\/noticiasdestaque.com.br\/index.php\/wp-json\/wp\/v2\/media\/5650"}],"wp:attachment":[{"href":"https:\/\/noticiasdestaque.com.br\/index.php\/wp-json\/wp\/v2\/media?parent=5648"}],"wp:term":[{"taxonomy":"category","embeddable":true,"href":"https:\/\/noticiasdestaque.com.br\/index.php\/wp-json\/wp\/v2\/categories?post=5648"},{"taxonomy":"post_tag","embeddable":true,"href":"https:\/\/noticiasdestaque.com.br\/index.php\/wp-json\/wp\/v2\/tags?post=5648"}],"curies":[{"name":"wp","href":"https:\/\/api.w.org\/{rel}","templated":true}]}}