{"id":5643,"date":"2023-03-20T04:06:00","date_gmt":"2023-03-20T04:06:00","guid":{"rendered":"https:\/\/noticiasdestaque.com.br\/index.php\/2023\/03\/20\/covid-sp-vacina-gestantes-e-puerperas-com-bivalente-da-pfizer\/"},"modified":"2023-03-20T04:06:00","modified_gmt":"2023-03-20T04:06:00","slug":"covid-sp-vacina-gestantes-e-puerperas-com-bivalente-da-pfizer","status":"publish","type":"post","link":"https:\/\/noticiasdestaque.com.br\/index.php\/2023\/03\/20\/covid-sp-vacina-gestantes-e-puerperas-com-bivalente-da-pfizer\/","title":{"rendered":"Covid-19: SP vacina gestantes e pu\u00e9rperas com bivalente da Pfizer"},"content":{"rendered":"<style> bloco.meta {font-style: italic; color: #666;font-weight: 600;font-size: .8em; \/* line-height: .3em; *\/}  text h2 { font-weight: 700 !important;  color: #062f46 !important;} text img { width: none; left: none;}<\/style>\n<\/p>\n<p>A partir desta segunda-feira (20), come\u00e7am a ser vacinadas contra covid-19 gr\u00e1vidas e pu\u00e9rperas, na cidade de S\u00e3o Paulo. A prefeitura estima que 130 mil mulheres recebam a vacina bivalente da fabricante norte-americana Pfizer.<\/p>\n<p>As vacinas bivalentes da Pfizer oferecem prote\u00e7\u00e3o contra a variante original do v\u00edrus causador da covid-19 e contra as cepas que surgiram posteriormente.<\/p>\n<p>A vacina\u00e7\u00e3o \u00e9 feita, de segunda a sexta-feira, das 7h \u00e0s 19, nas unidades b\u00e1sicas de sa\u00fade (UBS) e nas Assist\u00eancias M\u00e9dicas Ambulatoriais (AMA). Aos s\u00e1bados, as AMAs\/UBSs Integradas tamb\u00e9m disponibilizam a imuniza\u00e7\u00e3o no mesmo hor\u00e1rio.<\/p>\n<p>A vacina tamb\u00e9m continua dispon\u00edvel para pessoas com mais de 60 anos de idade, imunossuprimidos maiores de 12 anos, ind\u00edgenas e residentes em institui\u00e7\u00f5es de longa perman\u00eancia.<\/p>\n<p>A imuniza\u00e7\u00e3o \u00e9 destinada \u00e0queles que j\u00e1 completaram o esquema b\u00e1sico de vacina\u00e7\u00e3o contra a covid-19 ou incluindo quem j\u00e1 recebeu uma ou duas doses de refor\u00e7o. O intervalo entre a dose mais recente deve ser de quatro meses.<\/p>\n<p>Os endere\u00e7os dos pontos de vacina\u00e7\u00e3o est\u00e3o dispon\u00edveis na <a href=\"https:\/\/www.prefeitura.sp.gov.br\/cidade\/secretarias\/saude\/vigilancia_em_saude\/index.php?amp=\n<\/p>\n<input type=\"hidden\" id=\"baseurl\" value=\"https:\/\/noticiasdestaque.com.br\"><input type=\"hidden\" id=\"audio_nonce\" value=\"6a24ca502e\">","protected":false},"excerpt":{"rendered":"<p>Imunizante protege contra variante original e cepas posteriores<\/p>\n","protected":false},"author":1,"featured_media":5645,"comment_status":"open","ping_status":"open","sticky":false,"template":"","format":"standard","meta":{"fifu_image_url":"","fifu_image_alt":"","footnotes":""},"categories":[1],"tags":[112],"class_list":["post-5643","post","type-post","status-publish","format-standard","has-post-thumbnail","hentry","category-uncategorized","tag-energreener"],"distributor_meta":false,"distributor_terms":false,"distributor_media":false,"distributor_original_site_name":"Noticias em Destaque","distributor_original_site_url":"https:\/\/noticiasdestaque.com.br","push-errors":false,"_links":{"self":[{"href":"https:\/\/noticiasdestaque.com.br\/index.php\/wp-json\/wp\/v2\/posts\/5643","targetHints":{"allow":["GET"]}}],"collection":[{"href":"https:\/\/noticiasdestaque.com.br\/index.php\/wp-json\/wp\/v2\/posts"}],"about":[{"href":"https:\/\/noticiasdestaque.com.br\/index.php\/wp-json\/wp\/v2\/types\/post"}],"author":[{"embeddable":true,"href":"https:\/\/noticiasdestaque.com.br\/index.php\/wp-json\/wp\/v2\/users\/1"}],"replies":[{"embeddable":true,"href":"https:\/\/noticiasdestaque.com.br\/index.php\/wp-json\/wp\/v2\/comments?post=5643"}],"version-history":[{"count":1,"href":"https:\/\/noticiasdestaque.com.br\/index.php\/wp-json\/wp\/v2\/posts\/5643\/revisions"}],"predecessor-version":[{"id":5644,"href":"https:\/\/noticiasdestaque.com.br\/index.php\/wp-json\/wp\/v2\/posts\/5643\/revisions\/5644"}],"wp:featuredmedia":[{"embeddable":true,"href":"https:\/\/noticiasdestaque.com.br\/index.php\/wp-json\/wp\/v2\/media\/5645"}],"wp:attachment":[{"href":"https:\/\/noticiasdestaque.com.br\/index.php\/wp-json\/wp\/v2\/media?parent=5643"}],"wp:term":[{"taxonomy":"category","embeddable":true,"href":"https:\/\/noticiasdestaque.com.br\/index.php\/wp-json\/wp\/v2\/categories?post=5643"},{"taxonomy":"post_tag","embeddable":true,"href":"https:\/\/noticiasdestaque.com.br\/index.php\/wp-json\/wp\/v2\/tags?post=5643"}],"curies":[{"name":"wp","href":"https:\/\/api.w.org\/{rel}","templated":true}]}}