{"id":5632,"date":"2023-03-18T22:28:00","date_gmt":"2023-03-18T22:28:00","guid":{"rendered":"https:\/\/noticiasdestaque.com.br\/index.php\/2023\/03\/18\/deam-anapolis-faz-atendimento-em-delegacia-movel-durante-operacao-atria\/"},"modified":"2023-03-18T22:28:00","modified_gmt":"2023-03-18T22:28:00","slug":"deam-anapolis-faz-atendimento-em-delegacia-movel-durante-operacao-atria","status":"publish","type":"post","link":"https:\/\/noticiasdestaque.com.br\/index.php\/2023\/03\/18\/deam-anapolis-faz-atendimento-em-delegacia-movel-durante-operacao-atria\/","title":{"rendered":"Deam An\u00e1polis faz atendimento em delegacia m\u00f3vel durante Opera\u00e7\u00e3o \u00c1tria"},"content":{"rendered":"<p style=\"text-align: justify;\">Na tarde de ontem (17\/3), a Pol\u00edcia Civil, por meio da Delegacia Especializada no Atendimento \u00e0 Mulher (Deam) de An\u00e1polis efetuou atendimentos por meio da delegacia m\u00f3vel. Diante disso, foram mapeados bairros onde verificaram-se maior \u00edndice de casos de viol\u00eancia dom\u00e9stica e familiar. A Pol\u00edcia Civil tamb\u00e9m prestou orienta\u00e7\u00f5es, atendimentos, solicita\u00e7\u00f5es de medidas protetivas de urg\u00eancia, atendimento psicol\u00f3gico, doa\u00e7\u00e3o de brindes. Por fim, ressalta-se a import\u00e2ncia da den\u00fancia para se evitar a impunidade nos crimes de viol\u00eancia dom\u00e9stica. Esta a\u00e7\u00e3o faz parte da Opera\u00e7\u00e3o \u00c1tria, que visa intensificar a\u00e7\u00f5es no combate \u00e0 viol\u00eancia contra a mulher neste m\u00eas e \u00e9 coordenada nacionalmente pelo Minist\u00e9rio da Justi\u00e7a.<\/p>\n<\/p>\n<p> Fonte: PCGO<\/p>\n<input type=\"hidden\" id=\"baseurl\" value=\"https:\/\/noticiasdestaque.com.br\"><input type=\"hidden\" id=\"audio_nonce\" value=\"6a24ca502e\">","protected":false},"excerpt":{"rendered":"<p>Na tarde de ontem (17\/3), a Pol\u00edcia Civil, por meio da Delegacia Especializada no Atendimento \u00e0 Mulher (Deam) de An\u00e1polis efetuou atendimentos por meio da delegacia m\u00f3vel. Diante disso, foram mapeados bairros onde verificaram-se maior \u00edndice de casos de viol\u00eancia dom\u00e9stica e familiar. A Pol\u00edcia Civil tamb\u00e9m prestou orienta\u00e7\u00f5es, atendimentos, solicita\u00e7\u00f5es de medidas protetivas de [&hellip;]<\/p>\n","protected":false},"author":1,"featured_media":0,"comment_status":"open","ping_status":"open","sticky":false,"template":"","format":"standard","meta":{"fifu_image_url":"","fifu_image_alt":"","footnotes":""},"categories":[1],"tags":[106],"class_list":["post-5632","post","type-post","status-publish","format-standard","hentry","category-uncategorized","tag-brunna-pareja"],"distributor_meta":false,"distributor_terms":false,"distributor_media":false,"distributor_original_site_name":"Noticias em Destaque","distributor_original_site_url":"https:\/\/noticiasdestaque.com.br","push-errors":false,"_links":{"self":[{"href":"https:\/\/noticiasdestaque.com.br\/index.php\/wp-json\/wp\/v2\/posts\/5632","targetHints":{"allow":["GET"]}}],"collection":[{"href":"https:\/\/noticiasdestaque.com.br\/index.php\/wp-json\/wp\/v2\/posts"}],"about":[{"href":"https:\/\/noticiasdestaque.com.br\/index.php\/wp-json\/wp\/v2\/types\/post"}],"author":[{"embeddable":true,"href":"https:\/\/noticiasdestaque.com.br\/index.php\/wp-json\/wp\/v2\/users\/1"}],"replies":[{"embeddable":true,"href":"https:\/\/noticiasdestaque.com.br\/index.php\/wp-json\/wp\/v2\/comments?post=5632"}],"version-history":[{"count":1,"href":"https:\/\/noticiasdestaque.com.br\/index.php\/wp-json\/wp\/v2\/posts\/5632\/revisions"}],"predecessor-version":[{"id":5633,"href":"https:\/\/noticiasdestaque.com.br\/index.php\/wp-json\/wp\/v2\/posts\/5632\/revisions\/5633"}],"wp:attachment":[{"href":"https:\/\/noticiasdestaque.com.br\/index.php\/wp-json\/wp\/v2\/media?parent=5632"}],"wp:term":[{"taxonomy":"category","embeddable":true,"href":"https:\/\/noticiasdestaque.com.br\/index.php\/wp-json\/wp\/v2\/categories?post=5632"},{"taxonomy":"post_tag","embeddable":true,"href":"https:\/\/noticiasdestaque.com.br\/index.php\/wp-json\/wp\/v2\/tags?post=5632"}],"curies":[{"name":"wp","href":"https:\/\/api.w.org\/{rel}","templated":true}]}}