{"id":5628,"date":"2023-03-18T20:58:00","date_gmt":"2023-03-18T20:58:00","guid":{"rendered":"https:\/\/noticiasdestaque.com.br\/index.php\/2023\/03\/18\/operacao-fogo-cruzado-prende-autores-de-homicidio-a-vitima-de-comunidade-cigana-em-guapo\/"},"modified":"2023-03-18T20:58:00","modified_gmt":"2023-03-18T20:58:00","slug":"operacao-fogo-cruzado-prende-autores-de-homicidio-a-vitima-de-comunidade-cigana-em-guapo","status":"publish","type":"post","link":"https:\/\/noticiasdestaque.com.br\/index.php\/2023\/03\/18\/operacao-fogo-cruzado-prende-autores-de-homicidio-a-vitima-de-comunidade-cigana-em-guapo\/","title":{"rendered":"Opera\u00e7\u00e3o Fogo Cruzado prende autores de homic\u00eddio a v\u00edtima de comunidade cigana em Guap\u00f3"},"content":{"rendered":"<p style=\"text-align: justify;\">A Pol\u00edcia de Goi\u00e1s, por meio da Delegacia de Guap\u00f3, em opera\u00e7\u00e3o conjunta com a Pol\u00edcia Militar de Goi\u00e1s e de Minas Gerais e a Pol\u00edcia Civil mineira, prendeu em flagrante dois autores de crime de homic\u00eddio qualificado ocorrido nessa quinta-feira (16\/3), na zona rural de Guap\u00f3. Segundo o apurado, a v\u00edtima (32 anos) e os autores (dois homens, um de 40 e outro de 30 anos) fazem parte de uma comunidade cigana da cidade de Guap\u00f3, sendo que a v\u00edtima estaria devendo a quantia de R$ 70 mil para os autores. Por esse motivo, os suspeitos foram at\u00e9 a casa de da v\u00edtima, assassinando-o com v\u00e1rios disparos de arma de fogo.<\/p>\n<p style=\"text-align: justify;\">Imediatamente foi montada uma for\u00e7a-tarefa entre as for\u00e7as de seguran\u00e7a p\u00fablica, com intensa troca de informa\u00e7\u00f5es. Foi apurado ent\u00e3o que os autores haviam fugido para o estado de Minas Gerais. A PMMG foi avisada da ocorr\u00eancia e realizou um cerco policial, prendendo os suspeitos, os quais estavam de posse de documentos falsos e duas pistolas (provavelmente as armas utilizadas no homic\u00eddio). Ap\u00f3s a pris\u00e3o dos autores, os policiais civis da Delegacia de Guap\u00f3 entraram em contato com policiais da PCMG e informaram do ocorrido, munindo a pol\u00edcia mineira de elementos de convic\u00e7\u00e3o que proporcionaram a possibilidade da confec\u00e7\u00e3o de Auto de Pris\u00e3o em Flagrante em desfavor dos suspeitos. Foi providenciado, inclusive, o deslocamento das testemunhas do crime do homic\u00eddio para a cidade de Jo\u00e3o Pinheiro (MG), para que fosse poss\u00edvel a lavratura do APF, nessa sexta-feira (17\/3). Na manh\u00e3 deste s\u00e1bado (18\/3), familiares da v\u00edtima colocaram fogo na casa de um dos autores, ap\u00f3s terem conhecimento da pris\u00e3o. Um inqu\u00e9rito policial tamb\u00e9m foi instaurado para apura\u00e7\u00e3o de inc\u00eandio criminoso.<\/p>\n<p style=\"text-align: justify;\">A pris\u00e3o se deu em meio \u00e0 Opera\u00e7\u00e3o Fogo Cruzado. A divulga\u00e7\u00e3o da identifica\u00e7\u00e3o dos presos foi precedida nos termos da Lei n\u00ba 13.869\/2019, portaria n\u00ba 547\/2021 \u2013 PC, mediante despacho do delegado respons\u00e1vel pela pris\u00e3o, justificado pelo fato de poder auxiliar no surgimento de novas provas do crime.<\/p>\n<\/p>\n<p> Fonte: PCGO<\/p>\n<input type=\"hidden\" id=\"baseurl\" value=\"https:\/\/noticiasdestaque.com.br\"><input type=\"hidden\" id=\"audio_nonce\" value=\"6a24ca502e\">","protected":false},"excerpt":{"rendered":"<p>A Pol\u00edcia de Goi\u00e1s, por meio da Delegacia de Guap\u00f3, em opera\u00e7\u00e3o conjunta com a Pol\u00edcia Militar de Goi\u00e1s e de Minas Gerais e a Pol\u00edcia Civil mineira, prendeu em flagrante dois autores de crime de homic\u00eddio qualificado ocorrido nessa quinta-feira (16\/3), na zona rural de Guap\u00f3. Segundo o apurado, a v\u00edtima (32 anos) e [&hellip;]<\/p>\n","protected":false},"author":1,"featured_media":0,"comment_status":"open","ping_status":"open","sticky":false,"template":"","format":"standard","meta":{"fifu_image_url":"","fifu_image_alt":"","footnotes":""},"categories":[1],"tags":[106],"class_list":["post-5628","post","type-post","status-publish","format-standard","hentry","category-uncategorized","tag-brunna-pareja"],"distributor_meta":false,"distributor_terms":false,"distributor_media":false,"distributor_original_site_name":"Noticias em Destaque","distributor_original_site_url":"https:\/\/noticiasdestaque.com.br","push-errors":false,"_links":{"self":[{"href":"https:\/\/noticiasdestaque.com.br\/index.php\/wp-json\/wp\/v2\/posts\/5628","targetHints":{"allow":["GET"]}}],"collection":[{"href":"https:\/\/noticiasdestaque.com.br\/index.php\/wp-json\/wp\/v2\/posts"}],"about":[{"href":"https:\/\/noticiasdestaque.com.br\/index.php\/wp-json\/wp\/v2\/types\/post"}],"author":[{"embeddable":true,"href":"https:\/\/noticiasdestaque.com.br\/index.php\/wp-json\/wp\/v2\/users\/1"}],"replies":[{"embeddable":true,"href":"https:\/\/noticiasdestaque.com.br\/index.php\/wp-json\/wp\/v2\/comments?post=5628"}],"version-history":[{"count":1,"href":"https:\/\/noticiasdestaque.com.br\/index.php\/wp-json\/wp\/v2\/posts\/5628\/revisions"}],"predecessor-version":[{"id":5629,"href":"https:\/\/noticiasdestaque.com.br\/index.php\/wp-json\/wp\/v2\/posts\/5628\/revisions\/5629"}],"wp:attachment":[{"href":"https:\/\/noticiasdestaque.com.br\/index.php\/wp-json\/wp\/v2\/media?parent=5628"}],"wp:term":[{"taxonomy":"category","embeddable":true,"href":"https:\/\/noticiasdestaque.com.br\/index.php\/wp-json\/wp\/v2\/categories?post=5628"},{"taxonomy":"post_tag","embeddable":true,"href":"https:\/\/noticiasdestaque.com.br\/index.php\/wp-json\/wp\/v2\/tags?post=5628"}],"curies":[{"name":"wp","href":"https:\/\/api.w.org\/{rel}","templated":true}]}}