{"id":5620,"date":"2023-03-18T18:28:00","date_gmt":"2023-03-18T18:28:00","guid":{"rendered":"https:\/\/noticiasdestaque.com.br\/index.php\/2023\/03\/18\/sob-nova-gestao-arquivo-nacional-promete-priorizar-a-diversidade\/"},"modified":"2023-03-18T18:28:00","modified_gmt":"2023-03-18T18:28:00","slug":"sob-nova-gestao-arquivo-nacional-promete-priorizar-a-diversidade","status":"publish","type":"post","link":"https:\/\/noticiasdestaque.com.br\/index.php\/2023\/03\/18\/sob-nova-gestao-arquivo-nacional-promete-priorizar-a-diversidade\/","title":{"rendered":"Sob nova gest\u00e3o, Arquivo Nacional promete priorizar a diversidade"},"content":{"rendered":"<style> bloco.meta {font-style: italic; color: #666;font-weight: 600;font-size: .8em; \/* line-height: .3em; *\/}  text h2 { font-weight: 700 !important;  color: #062f46 !important;} text img { width: none; left: none;}<\/style>\n<\/p>\n<p>Ana Fl\u00e1via Magalh\u00e3es foi empossada nessa sexta-feira (17) como diretora-geral do Arquivo Nacional. A cerim\u00f4nia aconteceu no Pal\u00e1cio da Fazenda, no Rio de Janeiro. No discurso, a historiadora e jornalista, <a href=\"https:\/\/agenciabrasil.ebc.com.br\/geral\/noticia\/2023-03\/diretora-do-arquivo-nacional-quer-valorizar-memoria-de-perifericos\" target=\"_blank\">primeira mulher negra a dirigir a institui\u00e7\u00e3o<\/a>, disse que vai priorizar a promo\u00e7\u00e3o da diversidade de ra\u00e7a, g\u00eanero e orienta\u00e7\u00e3o sexual nos projetos de promo\u00e7\u00e3o e valoriza\u00e7\u00e3o do acervo. Ela disse que o apoio de diferentes setores da sociedade foi determinante para que ela aceitasse o convite para o cargo.<\/p>\n<p>\u201cConfesso que procurei apoio para recusar, mas n\u00e3o tive. Em vez disso, ouvi de diferentes pessoas que me s\u00e3o refer\u00eancias &#8211; mulheres e homens negros, ind\u00edgenas, cis e transg\u00eaneros, pessoas com diferentes orienta\u00e7\u00f5es sexuais e origens regionais, pessoas brancas com compromisso antirracista e antissexista &#8211; que: \u2018esse \u00e9 um espa\u00e7o que nos \u00e9 estrat\u00e9gico e criamos condi\u00e7\u00f5es para que nossa chegada nele pudesse acontecer. Estaremos contigo como sempre\u2019\u201d.<\/p>\n<p>A diretora-geral refor\u00e7ou que \u00e9 preciso amplificar os registros e as mem\u00f3rias dos grupos que, durante muito tempo, ficaram escondidos do p\u00fablico geral.<\/p>\n<p>\u201cAssumimos o compromisso de trabalhar muito para que a realiza\u00e7\u00e3o da miss\u00e3o institucional do Arquivo Nacional seja compreendida como imprescind\u00edvel para a preserva\u00e7\u00e3o de um valios\u00edssimo patrim\u00f4nio nacional: a nossa mem\u00f3ria singular, mas mobilizada no plural. Estaremos a servi\u00e7o da promo\u00e7\u00e3o da cidadania e dos direitos humanos\u201d.<\/p>\n<p>Ana Fl\u00e1via Magalh\u00e3es \u00e9 natural de Planaltina, regi\u00e3o administrativa do Distrito Federal. Ela \u00e9 doutora em Hist\u00f3ria pela Unicamp e mestre pela Universidade de Bras\u00edlia (UnB), institui\u00e7\u00e3o em que trabalha como professora adjunta desde 2018. Tamb\u00e9m \u00e9 graduada em Jornalismo e membro da Rede de Historiadoras Negras e Historiadores Negros. Os principais temas de pesquisa s\u00e3o a produ\u00e7\u00e3o pol\u00edtico-cultural de pensadores negros, imprensa negra e luta racial.<\/p>\n<p> nd-widget-wrapper context-cheio_8colunas type-image&#8221;<\/p>\n<input type=\"hidden\" id=\"baseurl\" value=\"https:\/\/noticiasdestaque.com.br\"><input type=\"hidden\" id=\"audio_nonce\" value=\"6a24ca502e\">","protected":false},"excerpt":{"rendered":"<p>Historiadora negra tomou posse como diretora da institui\u00e7\u00e3o<\/p>\n","protected":false},"author":1,"featured_media":5622,"comment_status":"open","ping_status":"open","sticky":false,"template":"","format":"standard","meta":{"fifu_image_url":"","fifu_image_alt":"","footnotes":""},"categories":[1],"tags":[106],"class_list":["post-5620","post","type-post","status-publish","format-standard","has-post-thumbnail","hentry","category-uncategorized","tag-brunna-pareja"],"distributor_meta":false,"distributor_terms":false,"distributor_media":false,"distributor_original_site_name":"Noticias em Destaque","distributor_original_site_url":"https:\/\/noticiasdestaque.com.br","push-errors":false,"_links":{"self":[{"href":"https:\/\/noticiasdestaque.com.br\/index.php\/wp-json\/wp\/v2\/posts\/5620","targetHints":{"allow":["GET"]}}],"collection":[{"href":"https:\/\/noticiasdestaque.com.br\/index.php\/wp-json\/wp\/v2\/posts"}],"about":[{"href":"https:\/\/noticiasdestaque.com.br\/index.php\/wp-json\/wp\/v2\/types\/post"}],"author":[{"embeddable":true,"href":"https:\/\/noticiasdestaque.com.br\/index.php\/wp-json\/wp\/v2\/users\/1"}],"replies":[{"embeddable":true,"href":"https:\/\/noticiasdestaque.com.br\/index.php\/wp-json\/wp\/v2\/comments?post=5620"}],"version-history":[{"count":1,"href":"https:\/\/noticiasdestaque.com.br\/index.php\/wp-json\/wp\/v2\/posts\/5620\/revisions"}],"predecessor-version":[{"id":5621,"href":"https:\/\/noticiasdestaque.com.br\/index.php\/wp-json\/wp\/v2\/posts\/5620\/revisions\/5621"}],"wp:featuredmedia":[{"embeddable":true,"href":"https:\/\/noticiasdestaque.com.br\/index.php\/wp-json\/wp\/v2\/media\/5622"}],"wp:attachment":[{"href":"https:\/\/noticiasdestaque.com.br\/index.php\/wp-json\/wp\/v2\/media?parent=5620"}],"wp:term":[{"taxonomy":"category","embeddable":true,"href":"https:\/\/noticiasdestaque.com.br\/index.php\/wp-json\/wp\/v2\/categories?post=5620"},{"taxonomy":"post_tag","embeddable":true,"href":"https:\/\/noticiasdestaque.com.br\/index.php\/wp-json\/wp\/v2\/tags?post=5620"}],"curies":[{"name":"wp","href":"https:\/\/api.w.org\/{rel}","templated":true}]}}