{"id":5605,"date":"2023-03-18T05:59:00","date_gmt":"2023-03-18T05:59:00","guid":{"rendered":"https:\/\/noticiasdestaque.com.br\/index.php\/2023\/03\/18\/pacheco-envia-a-lula-pedido-para-uso-das-forcas-armadas-no-rn\/"},"modified":"2023-03-18T05:59:00","modified_gmt":"2023-03-18T05:59:00","slug":"pacheco-envia-a-lula-pedido-para-uso-das-forcas-armadas-no-rn","status":"publish","type":"post","link":"https:\/\/noticiasdestaque.com.br\/index.php\/2023\/03\/18\/pacheco-envia-a-lula-pedido-para-uso-das-forcas-armadas-no-rn\/","title":{"rendered":"Pacheco envia a Lula pedido para uso das For\u00e7as Armadas no RN"},"content":{"rendered":"<style> bloco.meta {font-style: italic; color: #666;font-weight: 600;font-size: .8em; \/* line-height: .3em; *\/}  text h2 { font-weight: 700 !important;  color: #062f46 !important;} text img { width: none; left: none;}<\/style>\n<\/p>\n<p>O presidente do Senado, Rodrigo Pacheco (PSD-MG), enviou, nesta sexta-feira (17), pedido ao presidente Luiz In\u00e1cio Lula da Silva para uso das For\u00e7as Armadas no Rio Grande do Norte. O estado tem sofrido com ataques violentos de criminosos a pr\u00e9dios p\u00fablicos, com\u00e9rcio e ve\u00edculos.<\/p>\n<p>Pacheco atendeu solicita\u00e7\u00e3o feita pelo senador Styvenson Valentim (Podemos-RN), que pede o emprego das For\u00e7as Armadas com base no Artigo 142 da Constitui\u00e7\u00e3o. O artigo prev\u00ea opera\u00e7\u00f5es da Garantia da Lei e da Ordem (GLO). A autoriza\u00e7\u00e3o para acionar as For\u00e7as Armadas \u00e9 compet\u00eancia da Presid\u00eancia da Rep\u00fablica.<\/p>\n<p>\u201cReconhe\u00e7o o not\u00e1vel empenho das for\u00e7as de seguran\u00e7a do estado e nacional neste momento, \u00e0s quais se podem somar as For\u00e7as Armadas, a crit\u00e9rio do presidente da Rep\u00fablica. O importante \u00e9 garantir a paz no estado o mais rapidamente poss\u00edvel\u201d, diz Rodrigo Pacheco no pedido, segundo a ag\u00eancia de not\u00edcias do Senado.<\/p>\n<h2>For\u00e7a Nacional<\/h2>\n<p>Mais de 100 agentes da For\u00e7a Nacional est\u00e3o no estado para refor\u00e7ar a seguran\u00e7a p\u00fablica ap\u00f3s os ataques violentos. O envio dos agentes foi autorizado pelo Minist\u00e9rio da Justi\u00e7a e Seguran\u00e7a P\u00fablica, diante de pedido feito pelo governo estadual.<\/p>\n<p>Pelo menos 43 pessoas foram presas, suspeitas de participar nos ataques criminosos praticados em 14 munic\u00edpios desde o in\u00edcio da semana.<!--[if gte vml 1]><v:shapetype\n\n\n\n\n<p>Os crimes foram orquestrados por uma organiza\u00e7\u00e3o criminosa que, supostamente, protesta contra as condi\u00e7\u00f5es prec\u00e1rias nas penitenci\u00e1rias. Ataques incendi\u00e1rios foram registrados contra pr\u00e9dios p\u00fablicos, estabelecimentos comerciais e ve\u00edculos.<\/p>\n\n\n--><\/p>\n<p>Os crimes foram orquestrados por uma organiza\u00e7\u00e3o criminosa que, supostamente, protesta contra as condi\u00e7\u00f5es prec\u00e1rias nas penitenci\u00e1rias. Ataques incendi\u00e1rios foram registrados contra pr\u00e9dios p\u00fablicos, estabelecimentos comerciais e ve\u00edculos.<\/p>\n<p class=\"alt-font font-italic my-2 small text-info\">\n                                                Edi\u00e7\u00e3o:   Carolina Pimentel                    <\/p>\n<p>            <!-- blog End --><\/p>\n<p>            <!-- tag and share --><\/p>\n<p> Fonte: EBC <\/p>\n<input type=\"hidden\" id=\"baseurl\" value=\"https:\/\/noticiasdestaque.com.br\"><input type=\"hidden\" id=\"audio_nonce\" value=\"6a24ca502e\">","protected":false},"excerpt":{"rendered":"<p>Solicita\u00e7\u00e3o \u00e9 para opera\u00e7\u00e3o de Garantia da Lei e da Ordem<\/p>\n","protected":false},"author":1,"featured_media":5607,"comment_status":"open","ping_status":"open","sticky":false,"template":"","format":"standard","meta":{"fifu_image_url":"","fifu_image_alt":"","footnotes":""},"categories":[1],"tags":[106],"class_list":["post-5605","post","type-post","status-publish","format-standard","has-post-thumbnail","hentry","category-uncategorized","tag-brunna-pareja"],"distributor_meta":false,"distributor_terms":false,"distributor_media":false,"distributor_original_site_name":"Noticias em Destaque","distributor_original_site_url":"https:\/\/noticiasdestaque.com.br","push-errors":false,"_links":{"self":[{"href":"https:\/\/noticiasdestaque.com.br\/index.php\/wp-json\/wp\/v2\/posts\/5605","targetHints":{"allow":["GET"]}}],"collection":[{"href":"https:\/\/noticiasdestaque.com.br\/index.php\/wp-json\/wp\/v2\/posts"}],"about":[{"href":"https:\/\/noticiasdestaque.com.br\/index.php\/wp-json\/wp\/v2\/types\/post"}],"author":[{"embeddable":true,"href":"https:\/\/noticiasdestaque.com.br\/index.php\/wp-json\/wp\/v2\/users\/1"}],"replies":[{"embeddable":true,"href":"https:\/\/noticiasdestaque.com.br\/index.php\/wp-json\/wp\/v2\/comments?post=5605"}],"version-history":[{"count":1,"href":"https:\/\/noticiasdestaque.com.br\/index.php\/wp-json\/wp\/v2\/posts\/5605\/revisions"}],"predecessor-version":[{"id":5606,"href":"https:\/\/noticiasdestaque.com.br\/index.php\/wp-json\/wp\/v2\/posts\/5605\/revisions\/5606"}],"wp:featuredmedia":[{"embeddable":true,"href":"https:\/\/noticiasdestaque.com.br\/index.php\/wp-json\/wp\/v2\/media\/5607"}],"wp:attachment":[{"href":"https:\/\/noticiasdestaque.com.br\/index.php\/wp-json\/wp\/v2\/media?parent=5605"}],"wp:term":[{"taxonomy":"category","embeddable":true,"href":"https:\/\/noticiasdestaque.com.br\/index.php\/wp-json\/wp\/v2\/categories?post=5605"},{"taxonomy":"post_tag","embeddable":true,"href":"https:\/\/noticiasdestaque.com.br\/index.php\/wp-json\/wp\/v2\/tags?post=5605"}],"curies":[{"name":"wp","href":"https:\/\/api.w.org\/{rel}","templated":true}]}}