{"id":5593,"date":"2023-03-17T13:39:00","date_gmt":"2023-03-17T13:39:00","guid":{"rendered":"https:\/\/noticiasdestaque.com.br\/index.php\/2023\/03\/17\/presidente-de-superior-tribunal-militar-defende-a-pacificacao-do-pais\/"},"modified":"2023-03-17T13:39:00","modified_gmt":"2023-03-17T13:39:00","slug":"presidente-de-superior-tribunal-militar-defende-a-pacificacao-do-pais","status":"publish","type":"post","link":"https:\/\/noticiasdestaque.com.br\/index.php\/2023\/03\/17\/presidente-de-superior-tribunal-militar-defende-a-pacificacao-do-pais\/","title":{"rendered":"Presidente de Superior Tribunal Militar defende a pacifica\u00e7\u00e3o do pa\u00eds"},"content":{"rendered":"<style> bloco.meta {font-style: italic; color: #666;font-weight: 600;font-size: .8em; \/* line-height: .3em; *\/}  text h2 { font-weight: 700 !important;  color: #062f46 !important;} text img { width: none; left: none;}<\/style>\n<\/p>\n<p>O novo presidente do Superior Tribunal Militar (STM), tenente-brigadeiro do ar Francisco Joseli Parente Camelo, tomou posse na tarde desta quinta-feira (16) com um discurso em defesa do estado democr\u00e1tico de direito, a defesa da democracia e a pacifica\u00e7\u00e3o do pa\u00eds. A sess\u00e3o solene, na sede do tribunal, em Bras\u00edlia, contou com a presen\u00e7a do presidente Luiz In\u00e1cio Lula da Silva; da presidente Supremo Tribunal Federal (STF), Rosa Weber, do presidente do Senado Federal, Rodrigo Pacheco, e autoridades.<\/p>\n<p>&#8220;Tenho convic\u00e7\u00e3o, senhor presidente [Lula], de que seu maior desafio ser\u00e1 pacificar o Brasil e consolidar, de forma definitiva, a democracia em nosso pa\u00eds. Os dirigentes dos poderes Executivo, Legislativo e Judici\u00e1rio, que nos honram com suas presen\u00e7as, de forma harm\u00f4nica e independente, j\u00e1 deram uma clara e enf\u00e1tica demonstra\u00e7\u00e3o que este \u00e9 o caminho e que nele seguiremos sem volta, sem retrocesso&#8221;, afirmou Camelo, em refer\u00eancia \u00e0 rea\u00e7\u00e3o institucional unificada dos poderes ap\u00f3s os atos golpistas do dia 8 de janeiro.<\/p>\n<p>O STM \u00e9 o \u00f3rg\u00e3o m\u00e1ximo da Justi\u00e7a Militar no pa\u00eds, respons\u00e1vel por processar e julgar os crimes militares previstos no C\u00f3digo Penal Militar. O colegiado \u00e9 composto por 15 ministros, sendo dez militares da ativa do Ex\u00e9rcito, Marinha e Aeron\u00e1utica, e cinco civis de not\u00f3rio saber jur\u00eddico. Todos eles s\u00e3o nomeados pelo presidente da Rep\u00fablica e confirmados pelo Senado Federal.<\/p>\n<p>Em v\u00e1rios momentos de seu discurso, o novo presidente do STM falou em harmonia entre as institui\u00e7\u00f5es e os poderes da Rep\u00fablica. &#8220;Neste meu mandato como presidente de um dos tribunais superiores do Judici\u00e1rio de nosso pa\u00eds, gostaria de reafirmar o meu desejo de poder contribuir, sob a firme orienta\u00e7\u00e3o da ministra Rosa Weber, para uma integra\u00e7\u00e3o cada vez mais s\u00f3lida de todos os poderes da Rep\u00fablica&#8221;, destacou.<\/p>\n<p>Ele tamb\u00e9m fez elogios ao presidente Lula, ao mencionar os compromissos do mandat\u00e1rio brasileiro no combate \u00e0s desigualdades sociais.<\/p>\n<p>Ou\u00e7a na <a href=\"https:\/\/agenciabrasil.ebc.com.br\/radioagencia-nacional\" target=\"_blank\">Radioag\u00eancia Nacional<\/a>:<\/p>\n<p> nd-widget-wrapper context-cheio_8colunas type-audio&#8221;<\/p>\n<input type=\"hidden\" id=\"baseurl\" value=\"https:\/\/noticiasdestaque.com.br\"><input type=\"hidden\" id=\"audio_nonce\" value=\"6a24ca502e\">","protected":false},"excerpt":{"rendered":"<p>Ministro Francisco Camelo tomou posse no cargo com presen\u00e7a de Lula<\/p>\n","protected":false},"author":1,"featured_media":5595,"comment_status":"open","ping_status":"open","sticky":false,"template":"","format":"standard","meta":{"fifu_image_url":"","fifu_image_alt":"","footnotes":""},"categories":[1],"tags":[106],"class_list":["post-5593","post","type-post","status-publish","format-standard","has-post-thumbnail","hentry","category-uncategorized","tag-brunna-pareja"],"distributor_meta":false,"distributor_terms":false,"distributor_media":false,"distributor_original_site_name":"Noticias em Destaque","distributor_original_site_url":"https:\/\/noticiasdestaque.com.br","push-errors":false,"_links":{"self":[{"href":"https:\/\/noticiasdestaque.com.br\/index.php\/wp-json\/wp\/v2\/posts\/5593","targetHints":{"allow":["GET"]}}],"collection":[{"href":"https:\/\/noticiasdestaque.com.br\/index.php\/wp-json\/wp\/v2\/posts"}],"about":[{"href":"https:\/\/noticiasdestaque.com.br\/index.php\/wp-json\/wp\/v2\/types\/post"}],"author":[{"embeddable":true,"href":"https:\/\/noticiasdestaque.com.br\/index.php\/wp-json\/wp\/v2\/users\/1"}],"replies":[{"embeddable":true,"href":"https:\/\/noticiasdestaque.com.br\/index.php\/wp-json\/wp\/v2\/comments?post=5593"}],"version-history":[{"count":1,"href":"https:\/\/noticiasdestaque.com.br\/index.php\/wp-json\/wp\/v2\/posts\/5593\/revisions"}],"predecessor-version":[{"id":5594,"href":"https:\/\/noticiasdestaque.com.br\/index.php\/wp-json\/wp\/v2\/posts\/5593\/revisions\/5594"}],"wp:featuredmedia":[{"embeddable":true,"href":"https:\/\/noticiasdestaque.com.br\/index.php\/wp-json\/wp\/v2\/media\/5595"}],"wp:attachment":[{"href":"https:\/\/noticiasdestaque.com.br\/index.php\/wp-json\/wp\/v2\/media?parent=5593"}],"wp:term":[{"taxonomy":"category","embeddable":true,"href":"https:\/\/noticiasdestaque.com.br\/index.php\/wp-json\/wp\/v2\/categories?post=5593"},{"taxonomy":"post_tag","embeddable":true,"href":"https:\/\/noticiasdestaque.com.br\/index.php\/wp-json\/wp\/v2\/tags?post=5593"}],"curies":[{"name":"wp","href":"https:\/\/api.w.org\/{rel}","templated":true}]}}