{"id":5560,"date":"2023-03-16T21:14:00","date_gmt":"2023-03-16T21:14:00","guid":{"rendered":"https:\/\/noticiasdestaque.com.br\/index.php\/2023\/03\/16\/em-sp-virada-sustentavel-abre-edital-para-projetos\/"},"modified":"2023-03-16T21:14:00","modified_gmt":"2023-03-16T21:14:00","slug":"em-sp-virada-sustentavel-abre-edital-para-projetos","status":"publish","type":"post","link":"https:\/\/noticiasdestaque.com.br\/index.php\/2023\/03\/16\/em-sp-virada-sustentavel-abre-edital-para-projetos\/","title":{"rendered":"Em SP, Virada Sustent\u00e1vel 2023 abre edital para projetos"},"content":{"rendered":"<style> bloco.meta {font-style: italic; color: #666;font-weight: 600;font-size: .8em; \/* line-height: .3em; *\/}  text h2 { font-weight: 700 !important;  color: #062f46 !important;} text img { width: none; left: none;}<\/style>\n<\/p>\n<p>Est\u00e3o abertas as inscri\u00e7\u00f5es para o edital oficial da 13\u00aa edi\u00e7\u00e3o da Virada Sustent\u00e1vel &#8211; S\u00e3o Paulo 2023, que est\u00e1 marcado para os dias 16 e 24 de setembro na capital paulista, com uma programa\u00e7\u00e3o de atra\u00e7\u00f5es e atividades art\u00edsticas de educa\u00e7\u00e3o e sustentabilidade. O edital prev\u00ea inscri\u00e7\u00f5es de atividades financiadas e de ades\u00e3o \u00e0 programa\u00e7\u00e3o. Na modalidade de ades\u00e3o, a a\u00e7\u00e3o n\u00e3o necessita de financiamento direto por parte da Virada Sustent\u00e1vel.<\/p>\n<p>As propostas de atividades que precisam de financiamento devem ser submetidas at\u00e9 o dia 17 de abril. J\u00e1 as atividades e projetos que ser\u00e3o integradas \u00e0 programa\u00e7\u00e3o por ades\u00e3o, podem ser enviadas at\u00e9 30 de julho.<\/p>\n<p>Segundo a organiza\u00e7\u00e3o do evento, ser\u00e3o aceitas uma ou mais inscri\u00e7\u00f5es de atividades art\u00edsticas, formativas e a\u00e7\u00f5es com um ou mais conte\u00fados que tratem de temas como consumo consciente, \u00e1gua, energias renov\u00e1veis, biodiversidade, mudan\u00e7as clim\u00e1ticas, mobilidade urbana, cidadania, inclus\u00e3o social, combate ao racismo, redu\u00e7\u00e3o da desigualdade social, redu\u00e7\u00e3o da desigualdade de g\u00eanero, entre outros.<\/p>\n<p>O objetivo do festival \u00e9 apresentar para a popula\u00e7\u00e3o paulistana uma vis\u00e3o propositiva e inspiradora sobre a sustentabilidade e seus diferentes temas, al\u00e9m de fortalecer as redes de transforma\u00e7\u00e3o e impacto social j\u00e1 existentes na cidade.<\/p>\n<p>\u201cEste ano, a proposta \u00e9 olharmos para o ano de 2030, data chave para as metas estabelecidas pelos Objetivos de Desenvolvimento Sustent\u00e1vel da ONU. Queremos aproveitar esse momento para olhar os pr\u00f3ximos sete anos e provocar nas pessoas reflex\u00f5es e a ideia de um planeta mais saud\u00e1vel e sustent\u00e1vel para todos\u201d, disse Andr\u00e9 Palhano, um dos idealizadores do evento.<\/p>\n<p>Para mais informa\u00e7\u00f5es e inscri\u00e7\u00e3o basta acessar o <a href=\"https:\/\/www.viradasustentavel.org.br\/cidade\/sao-paulo\" target=\"_blank\">site da Virada Sustent\u00e1vel<\/a>.<\/p>\n<p class=\"alt-font font-italic my-2 small text-info\">\n                                                Edi\u00e7\u00e3o:   Maria Claudia                    <\/p>\n<p>            <!-- blog End --><\/p>\n<p>            <!-- tag and share --><\/p>\n<p> Fonte: EBC <\/p>\n<input type=\"hidden\" id=\"baseurl\" value=\"https:\/\/noticiasdestaque.com.br\"><input type=\"hidden\" id=\"audio_nonce\" value=\"581f3017e1\">","protected":false},"excerpt":{"rendered":"<p>Interessados devem se inscrever at\u00e9 pr\u00f3ximo s\u00e1bado<\/p>\n","protected":false},"author":1,"featured_media":5562,"comment_status":"open","ping_status":"open","sticky":false,"template":"","format":"standard","meta":{"fifu_image_url":"","fifu_image_alt":"","footnotes":""},"categories":[1],"tags":[106],"class_list":["post-5560","post","type-post","status-publish","format-standard","has-post-thumbnail","hentry","category-uncategorized","tag-brunna-pareja"],"distributor_meta":false,"distributor_terms":false,"distributor_media":false,"distributor_original_site_name":"Noticias em Destaque","distributor_original_site_url":"https:\/\/noticiasdestaque.com.br","push-errors":false,"_links":{"self":[{"href":"https:\/\/noticiasdestaque.com.br\/index.php\/wp-json\/wp\/v2\/posts\/5560","targetHints":{"allow":["GET"]}}],"collection":[{"href":"https:\/\/noticiasdestaque.com.br\/index.php\/wp-json\/wp\/v2\/posts"}],"about":[{"href":"https:\/\/noticiasdestaque.com.br\/index.php\/wp-json\/wp\/v2\/types\/post"}],"author":[{"embeddable":true,"href":"https:\/\/noticiasdestaque.com.br\/index.php\/wp-json\/wp\/v2\/users\/1"}],"replies":[{"embeddable":true,"href":"https:\/\/noticiasdestaque.com.br\/index.php\/wp-json\/wp\/v2\/comments?post=5560"}],"version-history":[{"count":1,"href":"https:\/\/noticiasdestaque.com.br\/index.php\/wp-json\/wp\/v2\/posts\/5560\/revisions"}],"predecessor-version":[{"id":5561,"href":"https:\/\/noticiasdestaque.com.br\/index.php\/wp-json\/wp\/v2\/posts\/5560\/revisions\/5561"}],"wp:featuredmedia":[{"embeddable":true,"href":"https:\/\/noticiasdestaque.com.br\/index.php\/wp-json\/wp\/v2\/media\/5562"}],"wp:attachment":[{"href":"https:\/\/noticiasdestaque.com.br\/index.php\/wp-json\/wp\/v2\/media?parent=5560"}],"wp:term":[{"taxonomy":"category","embeddable":true,"href":"https:\/\/noticiasdestaque.com.br\/index.php\/wp-json\/wp\/v2\/categories?post=5560"},{"taxonomy":"post_tag","embeddable":true,"href":"https:\/\/noticiasdestaque.com.br\/index.php\/wp-json\/wp\/v2\/tags?post=5560"}],"curies":[{"name":"wp","href":"https:\/\/api.w.org\/{rel}","templated":true}]}}