{"id":5554,"date":"2023-03-16T16:44:00","date_gmt":"2023-03-16T16:44:00","guid":{"rendered":"https:\/\/noticiasdestaque.com.br\/index.php\/2023\/03\/16\/senado-aprova-acordo-de-servico-aereo-entre-brasil-e-ilhas-seychelles\/"},"modified":"2023-03-16T16:44:00","modified_gmt":"2023-03-16T16:44:00","slug":"senado-aprova-acordo-de-servico-aereo-entre-brasil-e-ilhas-seychelles","status":"publish","type":"post","link":"https:\/\/noticiasdestaque.com.br\/index.php\/2023\/03\/16\/senado-aprova-acordo-de-servico-aereo-entre-brasil-e-ilhas-seychelles\/","title":{"rendered":"Senado aprova acordo de servi\u00e7o a\u00e9reo entre Brasil e Ilhas Seychelles"},"content":{"rendered":"<style> bloco.meta {font-style: italic; color: #666;font-weight: 600;font-size: .8em; \/* line-height: .3em; *\/}  text h2 { font-weight: 700 !important;  color: #062f46 !important;} text img { width: none; left: none;}<\/style>\n<\/p>\n<p>O plen\u00e1rio do Senado aprovou nesta quinta-feira (16) o <a href=\"https:\/\/www25.senado.leg.br\/web\/atividade\/materias\/-\/materia\/153645\" target=\"_blank\">Projeto de Decreto Legislativo (PDL) 255\/2022<\/a> que acata o texto do Acordo sobre Servi\u00e7os A\u00e9reos entre o Brasil e as Ilhas Seychelles. O texto segue para promulga\u00e7\u00e3o.<\/p>\n<p>Na pr\u00e1tica, o projeto trata da concess\u00e3o de direitos como sobrevoar o territ\u00f3rio do outro pa\u00eds sem pousar; fazer escalas no territ\u00f3rio do outro pa\u00eds, para fins n\u00e3o comerciais e fazer escalas nos pontos das rotas especificadas no quadro de rotas acordado conjuntamente pelas autoridades aeron\u00e1uticas de ambos os pa\u00edses.<\/p>\n<p>Cada parte ter\u00e1 o direito de indicar por escrito, pela via diplom\u00e1tica, uma ou mais empresas a\u00e9reas para operar os servi\u00e7os acordados, bem como de revogar ou alterar essa designa\u00e7\u00e3o.<\/p>\n<h2>Tarifas<\/h2>\n<p>Ainda conforme o acordo, nenhum dos pa\u00edses cobrar\u00e1 ou permitir\u00e1 que sejam cobradas das empresas a\u00e9reas designadas pelo outro, tarifas aeron\u00e1uticas superiores \u00e0s cobradas de suas pr\u00f3prias empresas a\u00e9reas.<\/p>\n<p>O texto prev\u00ea tamb\u00e9m que cada pa\u00eds, com base na reciprocidade de tratamento, isentar\u00e1 de impostos e taxas a empresa a\u00e9rea designada, no maior grau poss\u00edvel em conformidade com sua legisla\u00e7\u00e3o nacional vigente.<\/p>\n<p>Al\u00e9m disso, os dois pa\u00edses permitir\u00e3o que a empresa a\u00e9rea designada determine a frequ\u00eancia e a capacidade dos servi\u00e7os de transporte a\u00e9reo internacional a ser ofertada, baseando-se em considera\u00e7\u00f5es comerciais pr\u00f3prias do mercado.<\/p>\n<h2>Hist\u00f3rico<\/h2>\n<p>Localizado no Oceano \u00cdndico, na costa leste da \u00c1frica, o arquip\u00e9lago de  Seychelles \u00e9 formado por 115 ilhas. O objetivo do acordo, segundo a exposi\u00e7\u00e3o de motivos do Executivo, \u00e9 &#8220;incrementar os la\u00e7os de amizade, entendimento e coopera\u00e7\u00e3o entre os dois pa\u00edses signat\u00e1rios\u201d na expectativa de se estabelecer um novo marco legal para a opera\u00e7\u00e3o de servi\u00e7os a\u00e9reos entre os territ\u00f3rios dos dois pa\u00edses.<\/p>\n<p>Ainda conforme a explica\u00e7\u00e3o do governo, a parceria vai contribuir para o avan\u00e7o das rela\u00e7\u00f5es bilaterais nas esferas do com\u00e9rcio, do turismo e da coopera\u00e7\u00e3o entre as duas partes.<\/p>\n<p class=\"alt-font font-italic my-2 small text-info\">\n                                                Edi\u00e7\u00e3o:   Denise Griesinger                    <\/p>\n<p>            <!-- blog End --><\/p>\n<p>            <!-- tag and share --><\/p>\n<p> Fonte: EBC <\/p>\n<input type=\"hidden\" id=\"baseurl\" value=\"https:\/\/noticiasdestaque.com.br\"><input type=\"hidden\" id=\"audio_nonce\" value=\"581f3017e1\">","protected":false},"excerpt":{"rendered":"<p>Pa\u00edses poder\u00e3o fazer escala e sobrevoar territ\u00f3rio um do outro<\/p>\n","protected":false},"author":1,"featured_media":5556,"comment_status":"open","ping_status":"open","sticky":false,"template":"","format":"standard","meta":{"fifu_image_url":"","fifu_image_alt":"","footnotes":""},"categories":[1],"tags":[106],"class_list":["post-5554","post","type-post","status-publish","format-standard","has-post-thumbnail","hentry","category-uncategorized","tag-brunna-pareja"],"distributor_meta":false,"distributor_terms":false,"distributor_media":false,"distributor_original_site_name":"Noticias em Destaque","distributor_original_site_url":"https:\/\/noticiasdestaque.com.br","push-errors":false,"_links":{"self":[{"href":"https:\/\/noticiasdestaque.com.br\/index.php\/wp-json\/wp\/v2\/posts\/5554","targetHints":{"allow":["GET"]}}],"collection":[{"href":"https:\/\/noticiasdestaque.com.br\/index.php\/wp-json\/wp\/v2\/posts"}],"about":[{"href":"https:\/\/noticiasdestaque.com.br\/index.php\/wp-json\/wp\/v2\/types\/post"}],"author":[{"embeddable":true,"href":"https:\/\/noticiasdestaque.com.br\/index.php\/wp-json\/wp\/v2\/users\/1"}],"replies":[{"embeddable":true,"href":"https:\/\/noticiasdestaque.com.br\/index.php\/wp-json\/wp\/v2\/comments?post=5554"}],"version-history":[{"count":1,"href":"https:\/\/noticiasdestaque.com.br\/index.php\/wp-json\/wp\/v2\/posts\/5554\/revisions"}],"predecessor-version":[{"id":5555,"href":"https:\/\/noticiasdestaque.com.br\/index.php\/wp-json\/wp\/v2\/posts\/5554\/revisions\/5555"}],"wp:featuredmedia":[{"embeddable":true,"href":"https:\/\/noticiasdestaque.com.br\/index.php\/wp-json\/wp\/v2\/media\/5556"}],"wp:attachment":[{"href":"https:\/\/noticiasdestaque.com.br\/index.php\/wp-json\/wp\/v2\/media?parent=5554"}],"wp:term":[{"taxonomy":"category","embeddable":true,"href":"https:\/\/noticiasdestaque.com.br\/index.php\/wp-json\/wp\/v2\/categories?post=5554"},{"taxonomy":"post_tag","embeddable":true,"href":"https:\/\/noticiasdestaque.com.br\/index.php\/wp-json\/wp\/v2\/tags?post=5554"}],"curies":[{"name":"wp","href":"https:\/\/api.w.org\/{rel}","templated":true}]}}