{"id":5551,"date":"2023-03-16T13:16:00","date_gmt":"2023-03-16T13:16:00","guid":{"rendered":"https:\/\/noticiasdestaque.com.br\/index.php\/2023\/03\/16\/governo-indica-novos-candidatos-para-conselhos-da-petrobras\/"},"modified":"2023-03-16T13:16:00","modified_gmt":"2023-03-16T13:16:00","slug":"governo-indica-novos-candidatos-para-conselhos-da-petrobras","status":"publish","type":"post","link":"https:\/\/noticiasdestaque.com.br\/index.php\/2023\/03\/16\/governo-indica-novos-candidatos-para-conselhos-da-petrobras\/","title":{"rendered":"Governo indica novos candidatos para conselhos da Petrobras"},"content":{"rendered":"<style> bloco.meta {font-style: italic; color: #666;font-weight: 600;font-size: .8em; \/* line-height: .3em; *\/}  text h2 { font-weight: 700 !important;  color: #062f46 !important;} text img { width: none; left: none;}<\/style>\n<\/p>\n<p>O Minist\u00e9rio de Minas e Energia enviou \u00e0 Petrobras os nomes de mais sete candidatos que v\u00e3o concorrer aos conselhos de Administra\u00e7\u00e3o (CA) e Fiscal (CF) da Petrobras. Para o CA, foram indicados Renato Campos Galuppo, Anelize Lenzi Ruas de Almeida e Evamar Jos\u00e9 dos Santos.<\/p>\n<p>O governo j\u00e1 tinha indicado, em 8 de mar\u00e7o, oito nomes para oito vagas destinadas \u00e0 Uni\u00e3o no CA: Pietro Adamo Sampaio Mendes (candidato a presidente do CA), Jean Paul Prates (presidente da estatal), Carlos Eduardo Turchetto Santos, Vitor Eduardo Saback, Eug\u00eanio Tiago Chagas Cordeiro e Teixeira, Wagner Victer, Sergio Machado e Suzana Kahn.<\/p>\n<p>No entanto, para sejam considerados candidatos na Assembleia Geral de Acionistas, os nomes precisam passar pelos \u00f3rg\u00e3os de governan\u00e7a interna da Petrobras, onde s\u00e3o analisados requisitos legais e de gest\u00e3o e integridade.<\/p>\n<p>Nesse processo, podem ser constatados impedimentos para que os indicados integrem os conselhos da empresa. Para evitar que haja um atraso na realiza\u00e7\u00e3o da assembleia, a Uni\u00e3o enviou o nome de mais tr\u00eas indicados que possam substituir poss\u00edveis impedidos na lista original.<\/p>\n<p>Renato Galuppo \u00e9 advogado e foi assessor jur\u00eddico da C\u00e2mara dos Deputados de 2007 a 2021. Anelize de Almeida tamb\u00e9m \u00e9 bacharel em Direito e atua na Procuradoria-Geral da Fazenda Nacional desde 2006, tendo assumido o cargo de procuradora-geral em janeiro deste ano. J\u00e1 Evamar Jos\u00e9 dos Santos \u00e9 formado em Administra\u00e7\u00e3o de Empresas e foi servidor da Assembleia Legislativa de Minas Gerais por 37 anos, onde chegou ao cargo de diretor-geral adjunto.<\/p>\n<h2>Conselho Fiscal<\/h2>\n<p>Para o CF, foram indicados Daniel Cabaleiro Saldanha e Cristina Bueno Camatta, como membros titulares, e de Gustavo Gon\u00e7alves Manfrim e Sidnei Bispo, como suplentes.<\/p>\n<p>Daniel Saldanha, procurador do estado de Minas Gerais, foi subsecret\u00e1rio estadual de Rela\u00e7\u00f5es Institucionais e procurador chefe da Procuradoria de Demandas Estrat\u00e9gicas. Cristina Camatta, delegada da Pol\u00edcia Federal (PF), \u00e9 chefe da Comunica\u00e7\u00e3o Social da Superintend\u00eancia da PF em Minas Gerais e chefe substituta da representa\u00e7\u00e3o da Interpol no estado.<\/p>\n<p>Entre os suplentes, Gustavo Manfrim \u00e9 economista e atua como assessor especial de assuntos econ\u00f4micos do Minist\u00e9rio de Minas e Energia, enquanto Sidnei Bispo \u00e9 engenheiro eletr\u00f4nico e j\u00e1 esteve nos conselhos de administra\u00e7\u00e3o e fiscal de diversas empresas.<\/p>\n<p class=\"alt-font font-italic my-2 small text-info\">\n                                                Edi\u00e7\u00e3o:   Kleber Sampaio                    <\/p>\n<p>            <!-- blog End --><\/p>\n<p>            <!-- tag and share --><\/p>\n<p> Fonte: EBC <\/p>\n<input type=\"hidden\" id=\"baseurl\" value=\"https:\/\/noticiasdestaque.com.br\"><input type=\"hidden\" id=\"audio_nonce\" value=\"581f3017e1\">","protected":false},"excerpt":{"rendered":"<p>S\u00e3o 3 nomes para o Conselho de Administra\u00e7\u00e3o e 4 para o Fiscal<\/p>\n","protected":false},"author":1,"featured_media":5553,"comment_status":"open","ping_status":"open","sticky":false,"template":"","format":"standard","meta":{"fifu_image_url":"","fifu_image_alt":"","footnotes":""},"categories":[1],"tags":[107],"class_list":["post-5551","post","type-post","status-publish","format-standard","has-post-thumbnail","hentry","category-uncategorized","tag-closer-vendedor-milionario"],"distributor_meta":false,"distributor_terms":false,"distributor_media":false,"distributor_original_site_name":"Noticias em Destaque","distributor_original_site_url":"https:\/\/noticiasdestaque.com.br","push-errors":false,"_links":{"self":[{"href":"https:\/\/noticiasdestaque.com.br\/index.php\/wp-json\/wp\/v2\/posts\/5551","targetHints":{"allow":["GET"]}}],"collection":[{"href":"https:\/\/noticiasdestaque.com.br\/index.php\/wp-json\/wp\/v2\/posts"}],"about":[{"href":"https:\/\/noticiasdestaque.com.br\/index.php\/wp-json\/wp\/v2\/types\/post"}],"author":[{"embeddable":true,"href":"https:\/\/noticiasdestaque.com.br\/index.php\/wp-json\/wp\/v2\/users\/1"}],"replies":[{"embeddable":true,"href":"https:\/\/noticiasdestaque.com.br\/index.php\/wp-json\/wp\/v2\/comments?post=5551"}],"version-history":[{"count":1,"href":"https:\/\/noticiasdestaque.com.br\/index.php\/wp-json\/wp\/v2\/posts\/5551\/revisions"}],"predecessor-version":[{"id":5552,"href":"https:\/\/noticiasdestaque.com.br\/index.php\/wp-json\/wp\/v2\/posts\/5551\/revisions\/5552"}],"wp:featuredmedia":[{"embeddable":true,"href":"https:\/\/noticiasdestaque.com.br\/index.php\/wp-json\/wp\/v2\/media\/5553"}],"wp:attachment":[{"href":"https:\/\/noticiasdestaque.com.br\/index.php\/wp-json\/wp\/v2\/media?parent=5551"}],"wp:term":[{"taxonomy":"category","embeddable":true,"href":"https:\/\/noticiasdestaque.com.br\/index.php\/wp-json\/wp\/v2\/categories?post=5551"},{"taxonomy":"post_tag","embeddable":true,"href":"https:\/\/noticiasdestaque.com.br\/index.php\/wp-json\/wp\/v2\/tags?post=5551"}],"curies":[{"name":"wp","href":"https:\/\/api.w.org\/{rel}","templated":true}]}}