{"id":5548,"date":"2023-03-16T11:16:00","date_gmt":"2023-03-16T11:16:00","guid":{"rendered":"https:\/\/noticiasdestaque.com.br\/index.php\/2023\/03\/16\/bolsa-cai-para-menor-nivel-desde-agosto-com-crise-no-credit-suisse\/"},"modified":"2023-03-16T11:16:00","modified_gmt":"2023-03-16T11:16:00","slug":"bolsa-cai-para-menor-nivel-desde-agosto-com-crise-no-credit-suisse","status":"publish","type":"post","link":"https:\/\/noticiasdestaque.com.br\/index.php\/2023\/03\/16\/bolsa-cai-para-menor-nivel-desde-agosto-com-crise-no-credit-suisse\/","title":{"rendered":"Bolsa cai para menor n\u00edvel desde agosto com crise no Credit Suisse"},"content":{"rendered":"<style> bloco.meta {font-style: italic; color: #666;font-weight: 600;font-size: .8em; \/* line-height: .3em; *\/}  text h2 { font-weight: 700 !important;  color: #062f46 !important;} text img { width: none; left: none;}<\/style>\n<\/p>\n<p>A crise no banco europeu Credit Suisse e os reflexos da quebra de dois bancos norte-americanos provocaram turbul\u00eancias no mercado financeiro. A bolsa de valores caiu ontem (15) para o menor patamar desde agosto.<\/p>\n<p>O \u00edndice Ibovespa, da B3, fechou esta quarta-feira aos 102.675 pontos, com queda de 0,25%. O indicador chegou a cair 2,18% por volta das 12h, aproximando-se dos 100 mil pontos, mas reagiu durante a tarde e quase zerou as perdas. Mesmo fechando praticamente est\u00e1vel, o indicador, que acumula cinco perdas consecutivas, est\u00e1 no menor n\u00edvel desde 1\u00ba de agosto.<\/p>\n<p>O dia tamb\u00e9m foi tenso no mercado de c\u00e2mbio. O d\u00f3lar comercial encerrou esta quarta vendido a R$ 5,294, com alta de R$ 0,037 ( 0,7%). A cota\u00e7\u00e3o disparou at\u00e9 o in\u00edcio da tarde, chegando a R$ 5,32 na m\u00e1xima do dia, pouco antes das 14h, mas arrefeceu perto do fim das negocia\u00e7\u00f5es.<\/p>\n<p>A moeda norte-americana est\u00e1 no maior n\u00edvel desde 5 de janeiro, quando era vendida a R$ 5,35. A divisa acumula alta de 1,32% em mar\u00e7o e de 0,27% em 2023. At\u00e9 esta ter\u00e7a-feira (14), o d\u00f3lar acumulava queda no ano.<\/p>\n<p>O mercado financeiro teve um dia tenso em todo o planeta, ap\u00f3s o banco Credit Suisse anunciar \u201cdebilidades significativas\u201d nos balan\u00e7os e nos controles nos \u00faltimos dois anos. A crise na institui\u00e7\u00e3o financeira ocorre dias ap\u00f3s dois bancos norte-americanos ligados a empresas de tecnologia falirem e terem os dep\u00f3sitos dos clientes garantidos pelo Federal Reserve (Fed, Banco Central norte-americano).<\/p>\n<p>Ao longo da tarde, dois fatores arrefeceram a instabilidade no d\u00f3lar e na bolsa: o an\u00fancio do Banco Central su\u00ed\u00e7o de que pode socorrer a institui\u00e7\u00e3o financeira, se necess\u00e1rio, e a confirma\u00e7\u00e3o pelo presidente Luiz In\u00e1cio Lula da Silva, de que o novo arcabou\u00e7o fiscal ser\u00e1 anunciado antes da viagem oficial \u00e0 China, prevista para a \u00faltima semana deste m\u00eas.<\/p>\n<p>A partir de agora, a <strong>Ag\u00eancia Brasil <\/strong>dar\u00e1 as mat\u00e9rias sobre o fechamento do mercado financeiro apenas em dias extraordin\u00e1rios. A cota\u00e7\u00e3o do d\u00f3lar e o n\u00edvel da bolsa de valores n\u00e3o ser\u00e3o mais informados todos os dias.<\/p>\n<p class=\"alt-font font-italic my-2 small text-info\">\n                                                Edi\u00e7\u00e3o:   N\u00e1dia Franco                    <\/p>\n<p>            <!-- blog End --><\/p>\n<p>            <!-- tag and share --><\/p>\n<p> Fonte: EBC <\/p>\n<input type=\"hidden\" id=\"baseurl\" value=\"https:\/\/noticiasdestaque.com.br\"><input type=\"hidden\" id=\"audio_nonce\" value=\"581f3017e1\">","protected":false},"excerpt":{"rendered":"<p>D\u00f3lar encosta em R$ 5,3 e atinge maior valor em dois meses<\/p>\n","protected":false},"author":1,"featured_media":5550,"comment_status":"open","ping_status":"open","sticky":false,"template":"","format":"standard","meta":{"fifu_image_url":"","fifu_image_alt":"","footnotes":""},"categories":[1],"tags":[107],"class_list":["post-5548","post","type-post","status-publish","format-standard","has-post-thumbnail","hentry","category-uncategorized","tag-closer-vendedor-milionario"],"distributor_meta":false,"distributor_terms":false,"distributor_media":false,"distributor_original_site_name":"Noticias em Destaque","distributor_original_site_url":"https:\/\/noticiasdestaque.com.br","push-errors":false,"_links":{"self":[{"href":"https:\/\/noticiasdestaque.com.br\/index.php\/wp-json\/wp\/v2\/posts\/5548","targetHints":{"allow":["GET"]}}],"collection":[{"href":"https:\/\/noticiasdestaque.com.br\/index.php\/wp-json\/wp\/v2\/posts"}],"about":[{"href":"https:\/\/noticiasdestaque.com.br\/index.php\/wp-json\/wp\/v2\/types\/post"}],"author":[{"embeddable":true,"href":"https:\/\/noticiasdestaque.com.br\/index.php\/wp-json\/wp\/v2\/users\/1"}],"replies":[{"embeddable":true,"href":"https:\/\/noticiasdestaque.com.br\/index.php\/wp-json\/wp\/v2\/comments?post=5548"}],"version-history":[{"count":1,"href":"https:\/\/noticiasdestaque.com.br\/index.php\/wp-json\/wp\/v2\/posts\/5548\/revisions"}],"predecessor-version":[{"id":5549,"href":"https:\/\/noticiasdestaque.com.br\/index.php\/wp-json\/wp\/v2\/posts\/5548\/revisions\/5549"}],"wp:featuredmedia":[{"embeddable":true,"href":"https:\/\/noticiasdestaque.com.br\/index.php\/wp-json\/wp\/v2\/media\/5550"}],"wp:attachment":[{"href":"https:\/\/noticiasdestaque.com.br\/index.php\/wp-json\/wp\/v2\/media?parent=5548"}],"wp:term":[{"taxonomy":"category","embeddable":true,"href":"https:\/\/noticiasdestaque.com.br\/index.php\/wp-json\/wp\/v2\/categories?post=5548"},{"taxonomy":"post_tag","embeddable":true,"href":"https:\/\/noticiasdestaque.com.br\/index.php\/wp-json\/wp\/v2\/tags?post=5548"}],"curies":[{"name":"wp","href":"https:\/\/api.w.org\/{rel}","templated":true}]}}