{"id":5542,"date":"2023-03-16T10:40:00","date_gmt":"2023-03-16T10:40:00","guid":{"rendered":"https:\/\/noticiasdestaque.com.br\/index.php\/2023\/03\/16\/camara-define-comandos-das-comissoes-permanentes-da-casa\/"},"modified":"2023-03-16T10:40:00","modified_gmt":"2023-03-16T10:40:00","slug":"camara-define-comandos-das-comissoes-permanentes-da-casa","status":"publish","type":"post","link":"https:\/\/noticiasdestaque.com.br\/index.php\/2023\/03\/16\/camara-define-comandos-das-comissoes-permanentes-da-casa\/","title":{"rendered":"C\u00e2mara define comandos das 30 comiss\u00f5es permanentes da Casa"},"content":{"rendered":"<style> bloco.meta {font-style: italic; color: #666;font-weight: 600;font-size: .8em; \/* line-height: .3em; *\/}  text h2 { font-weight: 700 !important;  color: #062f46 !important;} text img { width: none; left: none;}<\/style>\n<\/p>\n<p>Em meio a muitas negocia\u00e7\u00f5es que se arrastaram at\u00e9 madrugada desta quarta-feira (15) e terminaram com uma reuni\u00e3o entre o presidente da C\u00e2mara, Arthur Lira (PP-AL), e alguns l\u00edderes na manh\u00e3 de hoje, o desenho final das 30 comiss\u00f5es permanentes da Casa foi finalmente finalizado. Metade delas (15) foi instalada na manh\u00e3 de hoje. Tamb\u00e9m foram eleitos os presidentes de cada colegiado pelos pr\u00f3ximos dois anos. A outra metade ser\u00e1 instalada at\u00e9 amanh\u00e3 (16).<\/p>\n<h2>PL<\/h2>\n<p>Na queda de bra\u00e7o por espa\u00e7o, o PL, partido do ex-presidente da Rep\u00fablica Jair Bolsonaro e, consequentemente, principal legenda de oposi\u00e7\u00e3o ao governo, saiu fortalecido com cinco colegiados. A sigla ter\u00e1 o comando da Comiss\u00e3o de Fiscaliza\u00e7\u00e3o e Controle da C\u00e2mara, que ser\u00e1 presidida pela deputada Bia Kicis (DF). Entre outros temas, a comiss\u00e3o vota iniciativas relacionadas ao acompanhamento e \u00e0 fiscaliza\u00e7\u00e3o cont\u00e1bil, financeira, or\u00e7ament\u00e1ria, operacional e patrimonial na administra\u00e7\u00e3o federal em geral, al\u00e9m de representa\u00e7\u00f5es e relat\u00f3rios do Tribunal de Contas da Uni\u00e3o (TCU).<\/p>\n<p>Dono da maior bancada da Casa, com 99 parlamentares, o PL tamb\u00e9m vai comandar as comiss\u00f5es de Sa\u00fade, Esporte e Previd\u00eancia Social. Ap\u00f3s uma disputa acirrada com o Uni\u00e3o Brasil, o Partido Liberal conquistou ainda a relatoria da Comiss\u00e3o Mista de Or\u00e7amento (CMO), que ficar\u00e1 com o deputado Luiz Carlos Motta (SP). Considerada uma das mais importantes do Congresso Nacional, por ser respons\u00e1vel pela vota\u00e7\u00e3o do Plano Plurianual (PPA), da Lei de Diretrizes Or\u00e7ament\u00e1rias (LDO) e da Lei Or\u00e7ament\u00e1ria Anual (LOA), a cada dois anos, a CMO reveza a presid\u00eancia entre a C\u00e2mara e o Senado Federal. Neste ano, caber\u00e1 ao Senado o posto de presidente do colegiado, que ficar\u00e1 com a senadora Daniella Ribeiro (PSD-PB).<\/p>\n<h2>Outros partidos<\/h2>\n<p> nd-widget-wrapper context-medio_4colunas type-image atom-align-left&#8221;<\/p>\n<input type=\"hidden\" id=\"baseurl\" value=\"https:\/\/noticiasdestaque.com.br\"><input type=\"hidden\" id=\"audio_nonce\" value=\"581f3017e1\">","protected":false},"excerpt":{"rendered":"<p>Metade delas foi instalada na manh\u00e3 desta quarta-feira (15)<\/p>\n","protected":false},"author":1,"featured_media":5544,"comment_status":"open","ping_status":"open","sticky":false,"template":"","format":"standard","meta":{"fifu_image_url":"","fifu_image_alt":"","footnotes":""},"categories":[1],"tags":[],"class_list":["post-5542","post","type-post","status-publish","format-standard","has-post-thumbnail","hentry","category-uncategorized"],"distributor_meta":false,"distributor_terms":false,"distributor_media":false,"distributor_original_site_name":"Noticias em Destaque","distributor_original_site_url":"https:\/\/noticiasdestaque.com.br","push-errors":false,"_links":{"self":[{"href":"https:\/\/noticiasdestaque.com.br\/index.php\/wp-json\/wp\/v2\/posts\/5542","targetHints":{"allow":["GET"]}}],"collection":[{"href":"https:\/\/noticiasdestaque.com.br\/index.php\/wp-json\/wp\/v2\/posts"}],"about":[{"href":"https:\/\/noticiasdestaque.com.br\/index.php\/wp-json\/wp\/v2\/types\/post"}],"author":[{"embeddable":true,"href":"https:\/\/noticiasdestaque.com.br\/index.php\/wp-json\/wp\/v2\/users\/1"}],"replies":[{"embeddable":true,"href":"https:\/\/noticiasdestaque.com.br\/index.php\/wp-json\/wp\/v2\/comments?post=5542"}],"version-history":[{"count":1,"href":"https:\/\/noticiasdestaque.com.br\/index.php\/wp-json\/wp\/v2\/posts\/5542\/revisions"}],"predecessor-version":[{"id":5543,"href":"https:\/\/noticiasdestaque.com.br\/index.php\/wp-json\/wp\/v2\/posts\/5542\/revisions\/5543"}],"wp:featuredmedia":[{"embeddable":true,"href":"https:\/\/noticiasdestaque.com.br\/index.php\/wp-json\/wp\/v2\/media\/5544"}],"wp:attachment":[{"href":"https:\/\/noticiasdestaque.com.br\/index.php\/wp-json\/wp\/v2\/media?parent=5542"}],"wp:term":[{"taxonomy":"category","embeddable":true,"href":"https:\/\/noticiasdestaque.com.br\/index.php\/wp-json\/wp\/v2\/categories?post=5542"},{"taxonomy":"post_tag","embeddable":true,"href":"https:\/\/noticiasdestaque.com.br\/index.php\/wp-json\/wp\/v2\/tags?post=5542"}],"curies":[{"name":"wp","href":"https:\/\/api.w.org\/{rel}","templated":true}]}}