{"id":5536,"date":"2023-03-16T08:06:00","date_gmt":"2023-03-16T08:06:00","guid":{"rendered":"https:\/\/noticiasdestaque.com.br\/index.php\/2023\/03\/16\/pagamento-do-novo-bolsa-familia-comeca-na-segunda-feira\/"},"modified":"2023-03-16T08:06:00","modified_gmt":"2023-03-16T08:06:00","slug":"pagamento-do-novo-bolsa-familia-comeca-na-segunda-feira","status":"publish","type":"post","link":"https:\/\/noticiasdestaque.com.br\/index.php\/2023\/03\/16\/pagamento-do-novo-bolsa-familia-comeca-na-segunda-feira\/","title":{"rendered":"Pagamento do novo Bolsa Fam\u00edlia come\u00e7a na segunda-feira (20)"},"content":{"rendered":"<p>O novo Bolsa Fam\u00edlia come\u00e7a a ser pago pela Caixa Econ\u00f4mica Federal nesta segunda-feira (20) e vai at\u00e9 o dia 31 deste m\u00eas. Os dep\u00f3sitos do programa continuar\u00e3o a ser feitos seguindo a ordem do n\u00famero final do N\u00famero de Identifica\u00e7\u00e3o Social (NIS).<\/p>\n<h2>Confira o calend\u00e1rio do pagamento:<\/h2>\n<p><img decoding=\"async\" alt=\"\" src=\"\/\/s3-sa-east-1.amazonaws.com\/agencia-radio-arb\/5322\/content_CALENDARIO-Nath.png\" style=\"width: 100%;\"><\/p>\n<p>O benef\u00edcio mant\u00e9m os R$ 600 por fam\u00edlia, com adicional de R$ 150 por crian\u00e7a de at\u00e9 seis anos, um acr\u00e9scimo de R$ 50 por integrante de sete a 18 anos incompletos e mulheres gestantes.<\/p>\n<p>A diarista Suane Costa Lima mora no Gama (Distrito Federal) e afirma que o Programa do Bolsa Fam\u00edlia \u00e9 importante para ela, j\u00e1 que ajuda a pagar o aluguel e contas, como de \u00e1gua e luz. Ela tamb\u00e9m usa para comprar alimentos e itens essenciais para os filhos.<\/p>\n<h2>Quem pode receber o benef\u00edcio?<\/h2>\n<p>Para receber o novo Bolsa Fam\u00edlia, a fam\u00edlia deve ter renda mensal de at\u00e9 R$ 218 por pessoa, al\u00e9m de estar cadastrada no Cadastro \u00danico (Cad\u00danico). Al\u00e9m disso, \u00e9 necess\u00e1rio cumprir as seguintes exig\u00eancias:<\/p>\n<ul>\n<li>Crian\u00e7as de 4 a 5 anos devem cumprir no m\u00ednimo 60% de frequ\u00eancia escolar;<\/li>\n<li>Jovens de 6 a 18 anos, e aqueles que n\u00e3o conclu\u00edram a educa\u00e7\u00e3o b\u00e1sica, a frequ\u00eancia escolar m\u00ednima \u00e9 de 75%;<\/li>\n<li>Manter as carteiras de vacina\u00e7\u00e3o de todos os membros da fam\u00edlia atualizadas;<\/li>\n<li>Acompanhamento pr\u00e9-natal para gestante.<\/li>\n<\/ul>\n<p>De acordo com o ministro Wellington Dias, o Bolsa Fam\u00edlia busca facilitar o acesso das fam\u00edlias \u00e0 sa\u00fade e \u00e0 educa\u00e7\u00e3o. Al\u00e9m disso, para o ministro, o programa trabalha interrompendo, muitas vezes, um ciclo hist\u00f3rico de pobreza para abrir uma nova oportunidade.<\/p>\n<p>&#8220;Ningu\u00e9m quer viver na pobreza, se algu\u00e9m \u00e9 rico, quer ser mais rico ainda, se algu\u00e9m j\u00e1 est\u00e1 na classe m\u00e9dia, quer melhorar a renda. Imagine os mais pobres? Esse \u00e9 que quer uma oportunidade, e o bolsa fam\u00edlia volta abrindo mais oportunidades\u201d, disse o ministro.<\/p>\n<h2>Como receber?<\/h2>\n<p>O cadastro no Bolsa Fam\u00edlia abre, automaticamente, uma conta digital sem custos adicionais, e o respons\u00e1vel pela fam\u00edlia recebe um cart\u00e3o para sacar o dinheiro mensalmente.<\/p>\n<p>Cart\u00f5es e senhas utilizados para o saque do Aux\u00edlio Brasil continuam sendo v\u00e1lidos para o recebimento do Bolsa Fam\u00edlia.<\/p>\n<p> Fonte: Brasil61<\/p>\n<input type=\"hidden\" id=\"baseurl\" value=\"https:\/\/noticiasdestaque.com.br\"><input type=\"hidden\" id=\"audio_nonce\" value=\"581f3017e1\">","protected":false},"excerpt":{"rendered":"<p>O benef\u00edcio mant\u00e9m os R$ 600 por fam\u00edlia, com adicional de R$ 150 por crian\u00e7a de at\u00e9 seis anos<\/p>\n","protected":false},"author":1,"featured_media":5538,"comment_status":"open","ping_status":"open","sticky":false,"template":"","format":"standard","meta":{"fifu_image_url":"","fifu_image_alt":"","footnotes":""},"categories":[1],"tags":[107],"class_list":["post-5536","post","type-post","status-publish","format-standard","has-post-thumbnail","hentry","category-uncategorized","tag-closer-vendedor-milionario"],"distributor_meta":false,"distributor_terms":false,"distributor_media":false,"distributor_original_site_name":"Noticias em Destaque","distributor_original_site_url":"https:\/\/noticiasdestaque.com.br","push-errors":false,"_links":{"self":[{"href":"https:\/\/noticiasdestaque.com.br\/index.php\/wp-json\/wp\/v2\/posts\/5536","targetHints":{"allow":["GET"]}}],"collection":[{"href":"https:\/\/noticiasdestaque.com.br\/index.php\/wp-json\/wp\/v2\/posts"}],"about":[{"href":"https:\/\/noticiasdestaque.com.br\/index.php\/wp-json\/wp\/v2\/types\/post"}],"author":[{"embeddable":true,"href":"https:\/\/noticiasdestaque.com.br\/index.php\/wp-json\/wp\/v2\/users\/1"}],"replies":[{"embeddable":true,"href":"https:\/\/noticiasdestaque.com.br\/index.php\/wp-json\/wp\/v2\/comments?post=5536"}],"version-history":[{"count":1,"href":"https:\/\/noticiasdestaque.com.br\/index.php\/wp-json\/wp\/v2\/posts\/5536\/revisions"}],"predecessor-version":[{"id":5537,"href":"https:\/\/noticiasdestaque.com.br\/index.php\/wp-json\/wp\/v2\/posts\/5536\/revisions\/5537"}],"wp:featuredmedia":[{"embeddable":true,"href":"https:\/\/noticiasdestaque.com.br\/index.php\/wp-json\/wp\/v2\/media\/5538"}],"wp:attachment":[{"href":"https:\/\/noticiasdestaque.com.br\/index.php\/wp-json\/wp\/v2\/media?parent=5536"}],"wp:term":[{"taxonomy":"category","embeddable":true,"href":"https:\/\/noticiasdestaque.com.br\/index.php\/wp-json\/wp\/v2\/categories?post=5536"},{"taxonomy":"post_tag","embeddable":true,"href":"https:\/\/noticiasdestaque.com.br\/index.php\/wp-json\/wp\/v2\/tags?post=5536"}],"curies":[{"name":"wp","href":"https:\/\/api.w.org\/{rel}","templated":true}]}}