{"id":5524,"date":"2023-03-15T23:22:00","date_gmt":"2023-03-15T23:22:00","guid":{"rendered":"https:\/\/noticiasdestaque.com.br\/index.php\/2023\/03\/15\/emissoras-apresentam-propostas-para-combater-desinformacao-na-internet\/"},"modified":"2023-03-15T23:22:00","modified_gmt":"2023-03-15T23:22:00","slug":"emissoras-apresentam-propostas-para-combater-desinformacao-na-internet","status":"publish","type":"post","link":"https:\/\/noticiasdestaque.com.br\/index.php\/2023\/03\/15\/emissoras-apresentam-propostas-para-combater-desinformacao-na-internet\/","title":{"rendered":"Emissoras apresentam propostas para combater desinforma\u00e7\u00e3o na Internet"},"content":{"rendered":"<style> bloco.meta {font-style: italic; color: #666;font-weight: 600;font-size: .8em; \/* line-height: .3em; *\/}  text h2 { font-weight: 700 !important;  color: #062f46 !important;} text img { width: none; left: none;}<\/style>\n<\/p>\n<p>A Associa\u00e7\u00e3o Brasileira de Emissoras de R\u00e1dio e Televis\u00e3o (Abert) anunciou, nesta quarta-feira (15), uma s\u00e9rie de propostas e a\u00e7\u00f5es para regula\u00e7\u00e3o das plataformas digitais no Brasil. O documento, denominado \u201cCarta de Bras\u00edlia&#8221;, foi preparado durante o 1\u00ba Semin\u00e1rio sobre os Desafios e A\u00e7\u00f5es na Era Digital, promovido pela Abert e pela Associa\u00e7\u00e3o Internacional de Radiodifus\u00e3o (AIR), em Bras\u00edlia. As propostas visam combater a prolifera\u00e7\u00e3o de desinforma\u00e7\u00e3o na internet e pr\u00e1ticas anticompetitivas das redes sociais.<\/p>\n<p>De acordo com o presidente da Abert, Fl\u00e1vio Lara Resende, as empresas de tecnologia e as plataformas digitais precisam ter regras mais sim\u00e9tricas. Ele tamb\u00e9m assinalou que as grandes companhias digitais devem ser responsabilizadas em rela\u00e7\u00e3o \u00e0 desinforma\u00e7\u00e3o que circula em suas respectivas plataformas, bem como sobre os conte\u00fados publicit\u00e1rios e impulsionamentos.<\/p>\n<p>&#8220;\u00c9 necess\u00e1ria a responsabiliza\u00e7\u00e3o destas empresas e plataformas pela divulga\u00e7\u00e3o de conte\u00fado disponibilizado na rede mundial de computadores, em especial quando se verificar a veicula\u00e7\u00e3o de not\u00edcias falsas ou informa\u00e7\u00f5es direcionadas e impulsionadas eletronicamente, com fins lucrativos&#8221;, disse.<\/p>\n<p>A presen\u00e7a de mentiras, ofensas e \u00f3dio nas plataformas, afirma Resende, s\u00e3o uma consequ\u00eancia da falta de responsabiliza\u00e7\u00e3o e supervis\u00e3o das atividades das companhias digitais. Outro ponto defendido pelos grupos nacionais de TV e r\u00e1dio, representados pela Abert, s\u00e3o a garantia de \u201cremunera\u00e7\u00e3o justa\u201d dos ve\u00edculos de comunica\u00e7\u00e3o pelo conte\u00fado autoral distribu\u00eddo indiscriminadamente pelas plataformas.<\/p>\n<p>Nesse sentido, a carta defende a igualdade de tratamento das plataformas digitais com atua\u00e7\u00e3o no mercado global em rela\u00e7\u00e3o \u00e0s m\u00eddias locais, al\u00e9m de um tratamento equ\u00e2nime no cumprimento de regras no mercado publicit\u00e1rio. O presidente da Abert lembrou que pa\u00edses como Austr\u00e1lia, Fran\u00e7a e Canad\u00e1 est\u00e3o avan\u00e7ados no debate sobre como criar um ambiente sim\u00e9trico no setor de m\u00eddia.<\/p>\n<\/p>\n<p class=\"alt-font font-italic my-2 small text-info\">\n                                                Edi\u00e7\u00e3o:   Marcelo Brand\u00e3o                    <\/p>\n<p>            <!-- blog End --><\/p>\n<p>            <!-- tag and share --><\/p>\n<p> Fonte: EBC <\/p>\n<input type=\"hidden\" id=\"baseurl\" value=\"https:\/\/noticiasdestaque.com.br\"><input type=\"hidden\" id=\"audio_nonce\" value=\"581f3017e1\">","protected":false},"excerpt":{"rendered":"<p>\u201cCarta de Bras\u00edlia\u201d foi apresentada em semin\u00e1rio nesta quarta-feira<\/p>\n","protected":false},"author":1,"featured_media":5526,"comment_status":"open","ping_status":"open","sticky":false,"template":"","format":"standard","meta":{"fifu_image_url":"","fifu_image_alt":"","footnotes":""},"categories":[1],"tags":[106],"class_list":["post-5524","post","type-post","status-publish","format-standard","has-post-thumbnail","hentry","category-uncategorized","tag-brunna-pareja"],"distributor_meta":false,"distributor_terms":false,"distributor_media":false,"distributor_original_site_name":"Noticias em Destaque","distributor_original_site_url":"https:\/\/noticiasdestaque.com.br","push-errors":false,"_links":{"self":[{"href":"https:\/\/noticiasdestaque.com.br\/index.php\/wp-json\/wp\/v2\/posts\/5524","targetHints":{"allow":["GET"]}}],"collection":[{"href":"https:\/\/noticiasdestaque.com.br\/index.php\/wp-json\/wp\/v2\/posts"}],"about":[{"href":"https:\/\/noticiasdestaque.com.br\/index.php\/wp-json\/wp\/v2\/types\/post"}],"author":[{"embeddable":true,"href":"https:\/\/noticiasdestaque.com.br\/index.php\/wp-json\/wp\/v2\/users\/1"}],"replies":[{"embeddable":true,"href":"https:\/\/noticiasdestaque.com.br\/index.php\/wp-json\/wp\/v2\/comments?post=5524"}],"version-history":[{"count":1,"href":"https:\/\/noticiasdestaque.com.br\/index.php\/wp-json\/wp\/v2\/posts\/5524\/revisions"}],"predecessor-version":[{"id":5525,"href":"https:\/\/noticiasdestaque.com.br\/index.php\/wp-json\/wp\/v2\/posts\/5524\/revisions\/5525"}],"wp:featuredmedia":[{"embeddable":true,"href":"https:\/\/noticiasdestaque.com.br\/index.php\/wp-json\/wp\/v2\/media\/5526"}],"wp:attachment":[{"href":"https:\/\/noticiasdestaque.com.br\/index.php\/wp-json\/wp\/v2\/media?parent=5524"}],"wp:term":[{"taxonomy":"category","embeddable":true,"href":"https:\/\/noticiasdestaque.com.br\/index.php\/wp-json\/wp\/v2\/categories?post=5524"},{"taxonomy":"post_tag","embeddable":true,"href":"https:\/\/noticiasdestaque.com.br\/index.php\/wp-json\/wp\/v2\/tags?post=5524"}],"curies":[{"name":"wp","href":"https:\/\/api.w.org\/{rel}","templated":true}]}}