{"id":5521,"date":"2023-03-15T22:22:00","date_gmt":"2023-03-15T22:22:00","guid":{"rendered":"https:\/\/noticiasdestaque.com.br\/index.php\/2023\/03\/15\/amazonia-reducao-da-pobreza-e-do-desmatamento-podem-coexistir\/"},"modified":"2023-03-15T22:22:00","modified_gmt":"2023-03-15T22:22:00","slug":"amazonia-reducao-da-pobreza-e-do-desmatamento-podem-coexistir","status":"publish","type":"post","link":"https:\/\/noticiasdestaque.com.br\/index.php\/2023\/03\/15\/amazonia-reducao-da-pobreza-e-do-desmatamento-podem-coexistir\/","title":{"rendered":"Amaz\u00f4nia: redu\u00e7\u00e3o da pobreza e do desmatamento podem coexistir"},"content":{"rendered":"<style> bloco.meta {font-style: italic; color: #666;font-weight: 600;font-size: .8em; \/* line-height: .3em; *\/}  text h2 { font-weight: 700 !important;  color: #062f46 !important;} text img { width: none; left: none;}<\/style>\n<\/p>\n<p>Pesquisa do Instituto Escolhas, divulgada hoje (15), mostra que a redu\u00e7\u00e3o da pobreza nos estados da Amaz\u00f4nia Legal e a queda no desmatamento da floresta n\u00e3o s\u00e3o excludentes. <\/p>\n<p>De acordo com o estudo Como a bioeconomia pode combater a pobreza na Amaz\u00f4nia, o investimento em duas atividades \u2013 a horticultura e a recupera\u00e7\u00e3o florestal \u2013 pode reduzir a pobreza na regi\u00e3o promovendo cadeias produtivas que n\u00e3o destroem a floresta.<\/p>\n<p>Tendo como refer\u00eancia os estados do Par\u00e1 e Maranh\u00e3o, a pesquisa estima que a recupera\u00e7\u00e3o de 5,9 milh\u00f5es de hectares de florestas no Par\u00e1 tem potencial de gerar R$13,6 bilh\u00f5es de receitas, criar 1 milh\u00e3o de empregos diretos e indiretos, e reduzir em 50% o \u00edndice de pobreza no estado. No Maranh\u00e3o, a recupera\u00e7\u00e3o de 1,9 milh\u00e3o de hectares de florestas poderia gerar R$4,6 bilh\u00f5es de receitas, criar 350 mil empregos diretos e indiretos, e reduzir em 21,5% o \u00edndice de pobreza no estado.<\/p>\n<p>\u201cMuita gente fica duvidando. Como \u00e9 que voc\u00ea vai acabar com o crime [desmatamento] se as pessoas dependem dele para comer e para sobreviver? Isto aqui \u00e9 o resultado que \u00e9 poss\u00edvel fazer isso de forma diferente\u201d, destaca o diretor executivo do Escolhas, Sergio Leit\u00e3o.<\/p>\n<p>\u201cO caminho para o governo acabar com o desmatamento e tirar as pessoas que s\u00e3o utilizadas, infelizmente, como m\u00e3o de obra que segura a motosserra \u00e9 apostar no replantio de florestas\u201d, acrescenta.<\/p>\n<p>A horticultura (o cultivo de verduras e legumes), de acordo com a pesquisa, tamb\u00e9m possui grande potencial de inclus\u00e3o produtiva da for\u00e7a de trabalho e pode ser feita em pequenas propriedades, com baixo investimento e alta capacidade de enquadramento em pol\u00edticas de cr\u00e9dito como o Programa Nacional de Fortalecimento da Agricultura Familiar (Pronaf). <\/p>\n<p>Segundo estimativas do estudo, o aumento da produ\u00e7\u00e3o anual de hortali\u00e7as no Par\u00e1 para 170 mil toneladas (hoje \u00e9 54,9 mil toneladas) tem potencial de gerar R$ 682 milh\u00f5es de renda, criar 86 mil empregos diretos e reduzir em 6% o \u00edndice de pobreza no estado. J\u00e1 se o Maranh\u00e3o aumentar sua produ\u00e7\u00e3o para 187 mil toneladas (hoje em 29,2 mil toneladas), poder\u00e1 gerar 600 milh\u00f5es de renda, criar 134 mil empregos diretos e reduzir em 9% o \u00edndice de pobreza no estado.<\/p>\n<p>\u201c\u00c9 preciso dizer para as pessoas que elas n\u00e3o precisam ter como \u00fanica possibilidade de gera\u00e7\u00e3o de sustento dos seus filhos desmatar floresta. Aqui tem dois exemplos muito claros do que pode ser feito para gerar renda, para gerar emprego, reduzindo a desigualdade com a prote\u00e7\u00e3o das florestas e com a gera\u00e7\u00e3o de alimentos saud\u00e1veis\u201d, afirma Leit\u00e3o.<\/p>\n<p class=\"alt-font font-italic my-2 small text-info\">\n                                                Edi\u00e7\u00e3o:   Aline Leal                    <\/p>\n<p>            <!-- blog End --><\/p>\n<p>            <!-- tag and share --><\/p>\n<p> Fonte: EBC <\/p>\n<input type=\"hidden\" id=\"baseurl\" value=\"https:\/\/noticiasdestaque.com.br\"><input type=\"hidden\" id=\"audio_nonce\" value=\"581f3017e1\">","protected":false},"excerpt":{"rendered":"<p>Pesquisa aponta que as duas melhorias n\u00e3o s\u00e3o excludentes<\/p>\n","protected":false},"author":1,"featured_media":5523,"comment_status":"open","ping_status":"open","sticky":false,"template":"","format":"standard","meta":{"fifu_image_url":"","fifu_image_alt":"","footnotes":""},"categories":[1],"tags":[106],"class_list":["post-5521","post","type-post","status-publish","format-standard","has-post-thumbnail","hentry","category-uncategorized","tag-brunna-pareja"],"distributor_meta":false,"distributor_terms":false,"distributor_media":false,"distributor_original_site_name":"Noticias em Destaque","distributor_original_site_url":"https:\/\/noticiasdestaque.com.br","push-errors":false,"_links":{"self":[{"href":"https:\/\/noticiasdestaque.com.br\/index.php\/wp-json\/wp\/v2\/posts\/5521","targetHints":{"allow":["GET"]}}],"collection":[{"href":"https:\/\/noticiasdestaque.com.br\/index.php\/wp-json\/wp\/v2\/posts"}],"about":[{"href":"https:\/\/noticiasdestaque.com.br\/index.php\/wp-json\/wp\/v2\/types\/post"}],"author":[{"embeddable":true,"href":"https:\/\/noticiasdestaque.com.br\/index.php\/wp-json\/wp\/v2\/users\/1"}],"replies":[{"embeddable":true,"href":"https:\/\/noticiasdestaque.com.br\/index.php\/wp-json\/wp\/v2\/comments?post=5521"}],"version-history":[{"count":1,"href":"https:\/\/noticiasdestaque.com.br\/index.php\/wp-json\/wp\/v2\/posts\/5521\/revisions"}],"predecessor-version":[{"id":5522,"href":"https:\/\/noticiasdestaque.com.br\/index.php\/wp-json\/wp\/v2\/posts\/5521\/revisions\/5522"}],"wp:featuredmedia":[{"embeddable":true,"href":"https:\/\/noticiasdestaque.com.br\/index.php\/wp-json\/wp\/v2\/media\/5523"}],"wp:attachment":[{"href":"https:\/\/noticiasdestaque.com.br\/index.php\/wp-json\/wp\/v2\/media?parent=5521"}],"wp:term":[{"taxonomy":"category","embeddable":true,"href":"https:\/\/noticiasdestaque.com.br\/index.php\/wp-json\/wp\/v2\/categories?post=5521"},{"taxonomy":"post_tag","embeddable":true,"href":"https:\/\/noticiasdestaque.com.br\/index.php\/wp-json\/wp\/v2\/tags?post=5521"}],"curies":[{"name":"wp","href":"https:\/\/api.w.org\/{rel}","templated":true}]}}