{"id":5518,"date":"2023-03-15T21:22:00","date_gmt":"2023-03-15T21:22:00","guid":{"rendered":"https:\/\/noticiasdestaque.com.br\/index.php\/2023\/03\/15\/cremerj-cassa-de-forma-definitiva-registro-de-dr-jairinho\/"},"modified":"2023-03-15T21:22:00","modified_gmt":"2023-03-15T21:22:00","slug":"cremerj-cassa-de-forma-definitiva-registro-de-dr-jairinho","status":"publish","type":"post","link":"https:\/\/noticiasdestaque.com.br\/index.php\/2023\/03\/15\/cremerj-cassa-de-forma-definitiva-registro-de-dr-jairinho\/","title":{"rendered":"Cremerj cassa de forma definitiva registro de Dr. Jairinho"},"content":{"rendered":"<style> bloco.meta {font-style: italic; color: #666;font-weight: 600;font-size: .8em; \/* line-height: .3em; *\/}  text h2 { font-weight: 700 !important;  color: #062f46 !important;} text img { width: none; left: none;}<\/style>\n<\/p>\n<p>O Conselho Regional de Medicina do Estado do Rio de Janeiro (Cremerj) cassou o registro de Jairo de Souza Santos Junior, conhecido como Dr. Jairinho. A decis\u00e3o foi un\u00e2nime na plen\u00e1ria do julgamento que ocorreu nesta quarta-feira (15), na sede do conselho. Por ter car\u00e1ter definitivo, a penalidade impede que Jairinho exer\u00e7a a profiss\u00e3o no pa\u00eds. Ele \u00e9 acusado pela morte do enteado Henry Borel, de 4 anos de idade, que aconteceu no dia 8 de mar\u00e7o de 2021. A m\u00e3e do menino, Monique Medeiros de Almeida, que era companheira de Jairinho, tamb\u00e9m responde pelo crime de homic\u00eddio.<\/p>\n<p>Henry foi morto no apartamento onde morava com a m\u00e3e e o ent\u00e3o padrasto na zona oeste do Rio de Janeiro. O laudo da necr\u00f3psia do Instituto M\u00e9dico-Legal (IML) indicou que o menino teve hemorragia interna por lacera\u00e7\u00e3o hep\u00e1tica em decorr\u00eancia de uma a\u00e7\u00e3o contundente. Os exames apontaram 23 les\u00f5es no corpo da crian\u00e7a.<\/p>\n<p>Jairinho j\u00e1 havia tido o mandato de vereador cassado em junho de 2021 em sess\u00e3o plen\u00e1ria da C\u00e2mara do Rio. Foi a primeira vez que isso aconteceu com um vereador na cidade. Na ocasi\u00e3o, ele tamb\u00e9m perdeu os direitos pol\u00edticos pelos pr\u00f3ximos oito anos.<\/p>\n<p>Em janeiro desse ano, a Justi\u00e7a do Rio de Janeiro negou mais um pedido de <em>habeas corpus<\/em> do ex-vereador. A defesa de Jairinho alegava que a pris\u00e3o preventiva dele, que aconteceu em 8 de abril de 2021, tinha sido mantida de forma ilegal e que n\u00e3o tinha fundamenta\u00e7\u00e3o id\u00f4nea.<\/p>\n<p>Monique Medeiros responde em liberdade pelo crime. A pris\u00e3o preventiva dela foi revogada em agosto do ano passado. Os dois foram denunciados pelo Minist\u00e9rio P\u00fablico do Rio por homic\u00eddio triplamente qualificado, tortura, coa\u00e7\u00e3o de testemunha, fraude processual e falsidade ideol\u00f3gica. Eles v\u00e3o a j\u00fari popular, mas a data do julgamento ainda n\u00e3o foi marcada.<\/p>\n<p class=\"alt-font font-italic my-2 small text-info\">\n                                                Edi\u00e7\u00e3o:   Juliana Andrade                    <\/p>\n<p>            <!-- blog End --><\/p>\n<p>            <!-- tag and share --><\/p>\n<p> Fonte: EBC <\/p>\n<input type=\"hidden\" id=\"baseurl\" value=\"https:\/\/noticiasdestaque.com.br\"><input type=\"hidden\" id=\"audio_nonce\" value=\"581f3017e1\">","protected":false},"excerpt":{"rendered":"<p>Ex-vereador \u00e9 r\u00e9u em processo que investiga a morte do enteado<\/p>\n","protected":false},"author":1,"featured_media":5520,"comment_status":"open","ping_status":"open","sticky":false,"template":"","format":"standard","meta":{"fifu_image_url":"","fifu_image_alt":"","footnotes":""},"categories":[1],"tags":[106],"class_list":["post-5518","post","type-post","status-publish","format-standard","has-post-thumbnail","hentry","category-uncategorized","tag-brunna-pareja"],"distributor_meta":false,"distributor_terms":false,"distributor_media":false,"distributor_original_site_name":"Noticias em Destaque","distributor_original_site_url":"https:\/\/noticiasdestaque.com.br","push-errors":false,"_links":{"self":[{"href":"https:\/\/noticiasdestaque.com.br\/index.php\/wp-json\/wp\/v2\/posts\/5518","targetHints":{"allow":["GET"]}}],"collection":[{"href":"https:\/\/noticiasdestaque.com.br\/index.php\/wp-json\/wp\/v2\/posts"}],"about":[{"href":"https:\/\/noticiasdestaque.com.br\/index.php\/wp-json\/wp\/v2\/types\/post"}],"author":[{"embeddable":true,"href":"https:\/\/noticiasdestaque.com.br\/index.php\/wp-json\/wp\/v2\/users\/1"}],"replies":[{"embeddable":true,"href":"https:\/\/noticiasdestaque.com.br\/index.php\/wp-json\/wp\/v2\/comments?post=5518"}],"version-history":[{"count":1,"href":"https:\/\/noticiasdestaque.com.br\/index.php\/wp-json\/wp\/v2\/posts\/5518\/revisions"}],"predecessor-version":[{"id":5519,"href":"https:\/\/noticiasdestaque.com.br\/index.php\/wp-json\/wp\/v2\/posts\/5518\/revisions\/5519"}],"wp:featuredmedia":[{"embeddable":true,"href":"https:\/\/noticiasdestaque.com.br\/index.php\/wp-json\/wp\/v2\/media\/5520"}],"wp:attachment":[{"href":"https:\/\/noticiasdestaque.com.br\/index.php\/wp-json\/wp\/v2\/media?parent=5518"}],"wp:term":[{"taxonomy":"category","embeddable":true,"href":"https:\/\/noticiasdestaque.com.br\/index.php\/wp-json\/wp\/v2\/categories?post=5518"},{"taxonomy":"post_tag","embeddable":true,"href":"https:\/\/noticiasdestaque.com.br\/index.php\/wp-json\/wp\/v2\/tags?post=5518"}],"curies":[{"name":"wp","href":"https:\/\/api.w.org\/{rel}","templated":true}]}}