{"id":5515,"date":"2023-03-15T20:22:00","date_gmt":"2023-03-15T20:22:00","guid":{"rendered":"https:\/\/noticiasdestaque.com.br\/index.php\/2023\/03\/15\/presidenta-do-ipea-promete-atuacao-mais-aberta-do-orgao\/"},"modified":"2023-03-15T20:22:00","modified_gmt":"2023-03-15T20:22:00","slug":"presidenta-do-ipea-promete-atuacao-mais-aberta-do-orgao","status":"publish","type":"post","link":"https:\/\/noticiasdestaque.com.br\/index.php\/2023\/03\/15\/presidenta-do-ipea-promete-atuacao-mais-aberta-do-orgao\/","title":{"rendered":"Presidenta do Ipea promete atua\u00e7\u00e3o mais aberta do \u00f3rg\u00e3o"},"content":{"rendered":"<style> bloco.meta {font-style: italic; color: #666;font-weight: 600;font-size: .8em; \/* line-height: .3em; *\/}  text h2 { font-weight: 700 !important;  color: #062f46 !important;} text img { width: none; left: none;}<\/style>\n<\/p>\n<p>Com o compromissos de uma atua\u00e7\u00e3o que tenha mais di\u00e1logo com a sociedade, a presidente do Instituto de Pesquisa Econ\u00f4mica Aplicada (Ipea), Luciana Servo, tomou posse nesta quarta-feira (15). Ela tamb\u00e9m deu posse \u00e0 diretoria colegiada do \u00f3rg\u00e3o vinculado ao Minist\u00e9rio do Planejamento, que elabora estudos econ\u00f4micos e de pol\u00edticas p\u00fablicas.<\/p>\n<p>Em seu discurso, Luciana Servo disse que a atua\u00e7\u00e3o do Ipea deve se pautar pelo reconhecimento de que a economia se mistura com outros elementos da realidade, como as pol\u00edticas sociais e ambientais. Ela prometeu ampliar as parcerias com outros \u00f3rg\u00e3os p\u00fablicos, institui\u00e7\u00f5es acad\u00eamicas, organismos internacionais e dialogar mais com entidades da sociedade civil.<\/p>\n<p>\u201cContribuir para o desenvolvimento social, inclusivo e ambientalmente sustent\u00e1vel significa compreender que o econ\u00f4mico, o social, o ambiental, o cultural, o territorial e o global andam juntos e precisam estar coordenados para que o Brasil se torne efetivamente um pa\u00eds desenvolvido\u201d, declarou a presidenta do Ipea. \u201cEm grande medida, o Ipea \u00e9 um grande espa\u00e7o de aprendizado.\u201d<\/p>\n<p>Na abertura do discurso, Luciana Servo disse que sua indica\u00e7\u00e3o reflete o compromisso da ministra do Planejamento, Simone Tebet, de garantir a paridade de g\u00eanero e de ra\u00e7a em sua equipe. \u201cSer a terceira mulher a presidir o Ipea e a primeira negra reflete a prioridade \u00e0 agenda de equidade de g\u00eanero e de ra\u00e7a neste governo e a sua determina\u00e7\u00e3o em implement\u00e1-la, ministra [Simone Tebet]\u201d, agradeceu a presidenta do Ipea. \u201cO Ipea est\u00e1 engajado em seu compromisso com contribuir para a miss\u00e3o de planejar as a\u00e7\u00f5es do governo federal, central para garantir a efetividade das pol\u00edticas p\u00fablicas.<\/p>\n<p>Luciana Servo tamb\u00e9m disse que sua gest\u00e3o se pautar\u00e1 pelo respeito \u00e0s minorias e lembrou o assassinato da vereadora Marielle Franco, que completou cinco anos nesta ter\u00e7a-feira (14). \u201c\u00c9 inaceit\u00e1vel que, em pleno s\u00e9culo 21, uma mulher seja assassinada por defender os direitos da popula\u00e7\u00e3o mais negra e da popula\u00e7\u00e3o mais pobre ou que seja oprimida em fun\u00e7\u00e3o da sua luta e da sua a\u00e7\u00e3o pol\u00edtica. A data de ontem [14 de mar\u00e7o] ficou marcada em n\u00f3s pela viol\u00eancia que ela representou e vai se tornar o Dia Marielle Franco de enfrentamento \u00e0 viol\u00eancia pol\u00edtica\u201d, ressaltou.<\/p>\n<h2>PPA<\/h2>\n<p>Presente \u00e0 cerim\u00f4nia de posse, a ministra Simone Tebet disse que o Ipea ter\u00e1 miss\u00e3o importante na elabora\u00e7\u00e3o do Plano Plurianual (PPA), lei elaborada a cada quatro anos que orienta as prioridades para as pol\u00edticas p\u00fablicas federais. O pr\u00f3ximo PPA ter\u00e1 o projeto divulgado em agosto, junto com o projeto do Or\u00e7amento de 2024, e dever\u00e1 ser votado at\u00e9 o fim do ano.<\/p>\n<p>\u201cApresentaremos uma carta n\u00e1utica. O Brasil ficou quatro anos \u00e0 deriva, na pior pandemia sanit\u00e1ria da humanidade, porque o ent\u00e3o presidente era um timoneiro que n\u00e3o tinha uma carta n\u00e1utica. Ele n\u00e3o sabia para que lado ir e n\u00e3o conseguia colocar o Brasil num porto seguro, porque n\u00e3o t\u00ednhamos Minist\u00e9rio do Planejamento\u201d, disse Tebet.<\/p>\n<p>\u201cHoje temos um Minist\u00e9rio do Planejamento que est\u00e1 apresentando ao Brasil a carta n\u00e1utica. Vamos fazer o PPA tendo ao lado o Ipea, a Enap, comandada pela ministra Esther Dweck, e o IBGE\u201d. Al\u00e9m de Tebet e Dweck, a cerim\u00f4nia teve a presen\u00e7a das secret\u00e1rias nacional de Planejamento, Leany Lemos, e da secret\u00e1ria-executiva do Minist\u00e9rio dos Direitos Humanos e Cidadania, Rita Cristina de Oliveira.<\/p>\n<h2>Curr\u00edculo<\/h2>\n<p>Funcion\u00e1ria de carreira do Ipea desde 1998 e diretora da Associa\u00e7\u00e3o dos Funcion\u00e1rios do Ipea, Servo foi<a href=\"https:\/\/agenciabrasil.ebc.com.br\/economia\/noticia\/2023-01\/funcionaria-de-carreira-luciana-servo-presidira-o-ipea\" target=\"_blank\"> indicada no fim de janeiro<\/a>. Ela \u00e9 a terceira mulher e a primeira negra a comandar a autarquia. Antes dela, o Ipea foi presidido por outras duas mulheres: Asp\u00e1sia Camargo, de 1993 a 1995, e Vanessa Petrelli Corr\u00eaa, que assumiu interinamente em 2012.<\/p>\n<p>Segundo o Minist\u00e9rio do Planejamento, Luciana Servo atua em projetos na \u00e1rea de sa\u00fade, como Avalia\u00e7\u00e3o de pol\u00edticas de sa\u00fade, Prioriza SUS, Contas SHA para o Brasil e Conta Sat\u00e9lite de Sa\u00fade.<\/p>\n<p>A economista tamb\u00e9m produziu, como coautora, relat\u00f3rios do Conselho de Monitoramento e Avalia\u00e7\u00e3o de Pol\u00edticas P\u00fablicas (CMAP), participou de um estudo sobre a demanda e a oferta de leitos hospitalares e equipamentos de ventila\u00e7\u00e3o assistida durante a pandemia de covid-19 e de um trabalho sobre o gasto das prefeituras em aten\u00e7\u00e3o prim\u00e1ria \u00e0 sa\u00fade.<\/p>\n<p class=\"alt-font font-italic my-2 small text-info\">\n                                                Edi\u00e7\u00e3o:   Maria Claudia                    <\/p>\n<p>            <!-- blog End --><\/p>\n<p>            <!-- tag and share --><\/p>\n<p> Fonte: EBC <\/p>\n<input type=\"hidden\" id=\"baseurl\" value=\"https:\/\/noticiasdestaque.com.br\"><input type=\"hidden\" id=\"audio_nonce\" value=\"581f3017e1\">","protected":false},"excerpt":{"rendered":"<p>Luciana Servo tomou posse nesta\u00a0quarta-feira<\/p>\n","protected":false},"author":1,"featured_media":5517,"comment_status":"open","ping_status":"open","sticky":false,"template":"","format":"standard","meta":{"fifu_image_url":"","fifu_image_alt":"","footnotes":""},"categories":[1],"tags":[174],"class_list":["post-5515","post","type-post","status-publish","format-standard","has-post-thumbnail","hentry","category-uncategorized","tag-internacao-para-alcoolatras"],"distributor_meta":false,"distributor_terms":false,"distributor_media":false,"distributor_original_site_name":"Noticias em Destaque","distributor_original_site_url":"https:\/\/noticiasdestaque.com.br","push-errors":false,"_links":{"self":[{"href":"https:\/\/noticiasdestaque.com.br\/index.php\/wp-json\/wp\/v2\/posts\/5515","targetHints":{"allow":["GET"]}}],"collection":[{"href":"https:\/\/noticiasdestaque.com.br\/index.php\/wp-json\/wp\/v2\/posts"}],"about":[{"href":"https:\/\/noticiasdestaque.com.br\/index.php\/wp-json\/wp\/v2\/types\/post"}],"author":[{"embeddable":true,"href":"https:\/\/noticiasdestaque.com.br\/index.php\/wp-json\/wp\/v2\/users\/1"}],"replies":[{"embeddable":true,"href":"https:\/\/noticiasdestaque.com.br\/index.php\/wp-json\/wp\/v2\/comments?post=5515"}],"version-history":[{"count":1,"href":"https:\/\/noticiasdestaque.com.br\/index.php\/wp-json\/wp\/v2\/posts\/5515\/revisions"}],"predecessor-version":[{"id":5516,"href":"https:\/\/noticiasdestaque.com.br\/index.php\/wp-json\/wp\/v2\/posts\/5515\/revisions\/5516"}],"wp:featuredmedia":[{"embeddable":true,"href":"https:\/\/noticiasdestaque.com.br\/index.php\/wp-json\/wp\/v2\/media\/5517"}],"wp:attachment":[{"href":"https:\/\/noticiasdestaque.com.br\/index.php\/wp-json\/wp\/v2\/media?parent=5515"}],"wp:term":[{"taxonomy":"category","embeddable":true,"href":"https:\/\/noticiasdestaque.com.br\/index.php\/wp-json\/wp\/v2\/categories?post=5515"},{"taxonomy":"post_tag","embeddable":true,"href":"https:\/\/noticiasdestaque.com.br\/index.php\/wp-json\/wp\/v2\/tags?post=5515"}],"curies":[{"name":"wp","href":"https:\/\/api.w.org\/{rel}","templated":true}]}}