{"id":55140,"date":"2026-09-03T21:00:00","date_gmt":"2026-09-04T00:00:00","guid":{"rendered":"https:\/\/noticiasdestaque.com.br\/index.php\/2026\/09\/03\/cruzeiros-no-brasil-temporada-2026-2027-tera-24-mais-leitos-porto-do-recife-pe-recebera-primeiro-navio-internacional-do-novo-ciclo\/"},"modified":"2026-09-03T21:00:00","modified_gmt":"2026-09-04T00:00:00","slug":"cruzeiros-no-brasil-temporada-2026-2027-tera-24-mais-leitos-porto-do-recife-pe-recebera-primeiro-navio-internacional-do-novo-ciclo","status":"publish","type":"post","link":"https:\/\/noticiasdestaque.com.br\/index.php\/2026\/09\/03\/cruzeiros-no-brasil-temporada-2026-2027-tera-24-mais-leitos-porto-do-recife-pe-recebera-primeiro-navio-internacional-do-novo-ciclo\/","title":{"rendered":"Cruzeiros no Brasil: temporada 2026\/2027 ter\u00e1 24% mais leitos; Porto do Recife (PE) receber\u00e1 primeiro navio internacional do novo ciclo"},"content":{"rendered":"<p>\t\t\t\t\t\t\t\t\t\t\t<audio controls class=\"b61_audio_player\" data-noticia=\"91424\" src=\"https:\/\/brasil61.com\/rails\/active_storage\/blobs\/eyJfcmFpbHMiOnsibWVzc2FnZSI6IkJBaHBBL05jQkE9PSIsImV4cCI6bnVsbCwicHVyIjoiYmxvYl9pZCJ9fQ==--13fe1885036f679d50913f50087a4c9704082e15\/MTUR260040A\"><\/audio><\/p>\n<p>O Brasil se prepara para a<strong> nova temporada de cruzeiros<\/strong>, que come\u00e7a no fim de outubro, com<strong> aumento de 24% na oferta de leitos em rela\u00e7\u00e3o ao ciclo anterior.<\/strong> Segundo o <a href=\"https:\/\/www.gov.br\/turismo\/pt-br\" target=\"_blank\">Minist\u00e9rio do Turismo (MTur)<\/a>, ser\u00e3o mais de 831 mil vagas distribu\u00eddas em oito navios que v\u00e3o operar na costa brasileira.<\/p>\n<p><strong>A temporada 2026\/2027 contar\u00e1 com 675 escalas e 187 roteiros. A pasta estima que a estrutura dever\u00e1 superar o impacto econ\u00f4mico do ciclo anterior, quando o setor movimentou R$ 4,28 bilh\u00f5es na economia nacional.\u00a0<\/strong><\/p>\n<p>\u201cO turismo de cruzeiros gera resultados concretos para os destinos das rotas mar\u00edtimas brasileiras. \u00c9 um setor que fortalece pequenos neg\u00f3cios e cria oportunidades em v\u00e1rias frentes&#8221;, explicou o ministro do Turismo, Gustavo Feliciano, durante uma visita t\u00e9cnica ao <a href=\"https:\/\/www.portodorecife.pe.gov.br\/\" target=\"_blank\">Porto do Recife (PE)<\/a>, nesta quinta-feira (3).\u00a0<\/p>\n<p><strong>Uma das principais portas de entrada dos cruzeiros internacionais no pa\u00eds, o terminal da capital pernambucana ser\u00e1 o respons\u00e1vel pelas boas-vindas aos meganavios da nova temporada.\u00a0<\/strong><\/p>\n<p>O primeiro navio internacional a chegar no porto deve ser o Buenavista, da empresa <a href=\"https:\/\/corazulcruceros.es\/pt-br\/\" target=\"_blank\">Corazul Cruzeiros<\/a>. Ser\u00e1 a primeira vez da companhia em \u00e1guas brasileiras. De acordo com a Clia Brasil (Associa\u00e7\u00e3o Brasileira de Cruzeiros Mar\u00edtimos), a atracagem est\u00e1 prevista para o dia 31 de outubro com 2.014 passageiros e 751 tripulantes.\u00a0<\/p>\n<p>Durante encontro com representantes do setor do turismo pernambucano, Feliciano destacou a <strong>expectativa de ampliar, ao longo do tempo, o potencial tur\u00edstico de Recife e fortalecer o setor no estado.<\/strong><\/p>\n<p>\u201cA expectativa \u00e9 que a gente possa, exatamente, atrav\u00e9s do pontap\u00e9 inicial aqui do Recife com a chegada desses navios, poder aumentar o fluxo e a frequ\u00eancia de navios a partir de Recife, para que essa temporada seja mais potencializada\u201d, afirmou.<\/p>\n<p><strong>Embora os turistas permane\u00e7am no porto por apenas algumas horas antes de seguirem viagem, o ministro destacou que o retorno desses visitantes \u00e0 regi\u00e3o depende de esfor\u00e7os conjuntos do MTur e dos profissionais que atuam no setor tur\u00edstico local.<\/strong><\/p>\n<p>\u201cA partir dessa primeira experi\u00eancia, a gente espera que o turista possa criar um elo de rela\u00e7\u00e3o com aquele roteiro, com aquela rota. Ent\u00e3o ele vai vir para o Recife, talvez conhe\u00e7a algumas coisas por perto, mas cabe exatamente a quem faz o turismo de Pernambuco, e n\u00f3s do minist\u00e9rio, divulgar o resto do estado, as belezas naturais que se tem no litoral sul, no litoral norte, que tem no interior do estado, para que exatamente ele tenha esse conhecimento e possa retornar e regressar\u201d, destacou o chefe da pasta.<\/p>\n<h2>Movimenta\u00e7\u00e3o nos destinos<\/h2>\n<p><strong>Ainda de acordo com o MTur, alimenta\u00e7\u00e3o, com\u00e9rcio, transporte, passeios e hospedagem lideram a lista de servi\u00e7os beneficiados pelos gastos de passageiros e tripulantes no fomento \u00e0s economias locais.<\/strong><\/p>\n<p>Nas cidades de escala, o <strong>gasto m\u00e9dio gerado por cada cruzeirista \u00e9 de R$ 800,98<\/strong>. J\u00e1 nos<strong> destinos de embarque e desembarque<\/strong>, em que a perman\u00eancia e o consumo s\u00e3o maiores, a m\u00e9dia chega a <strong>R$ 962,55 por passageiro.<\/strong><\/p>\n<p>O setor tamb\u00e9m traz <strong>benef\u00edcios para o mercado de trabalho<\/strong>. Na temporada<strong> 2025\/2026<\/strong>, o segmento foi respons\u00e1vel pela cria\u00e7\u00e3o de<strong> 64.529 postos de trabalho \u2014 dos quais 63.321 correspondem a empregos diretos e indiretos na cadeia produtiva.<\/strong><br \/>\n\u00a0<\/p>\n<p>\t\t\t\t\t\t\t\t\t\t<img loading=\"lazy\" decoding=\"async\" src=\"https:\/\/brasil61.com\/api\/v1\/serve_pixel\/17677\/91424\" alt=\"Pixel Brasil 61\" class=\"b61_pixel\" width=\"0\" height=\"0\"><\/p>\n<input type=\"hidden\" id=\"baseurl\" value=\"https:\/\/noticiasdestaque.com.br\"><input type=\"hidden\" id=\"audio_nonce\" value=\"0361f70337\">","protected":false},"excerpt":{"rendered":"<p>Oito navios v\u00e3o operar na costa brasileira a partir de outubro. Programa\u00e7\u00e3o prev\u00ea 675 escalas e 187 roteiros durante o novo ciclo  <\/p>\n","protected":false},"author":1,"featured_media":55141,"comment_status":"open","ping_status":"open","sticky":false,"template":"","format":"standard","meta":{"fifu_image_url":"","fifu_image_alt":"","footnotes":""},"categories":[48],"tags":[],"class_list":["post-55140","post","type-post","status-publish","format-standard","has-post-thumbnail","hentry","category-mundo"],"distributor_meta":false,"distributor_terms":false,"distributor_media":false,"distributor_original_site_name":"Noticias em Destaque","distributor_original_site_url":"https:\/\/noticiasdestaque.com.br","push-errors":false,"_links":{"self":[{"href":"https:\/\/noticiasdestaque.com.br\/index.php\/wp-json\/wp\/v2\/posts\/55140","targetHints":{"allow":["GET"]}}],"collection":[{"href":"https:\/\/noticiasdestaque.com.br\/index.php\/wp-json\/wp\/v2\/posts"}],"about":[{"href":"https:\/\/noticiasdestaque.com.br\/index.php\/wp-json\/wp\/v2\/types\/post"}],"author":[{"embeddable":true,"href":"https:\/\/noticiasdestaque.com.br\/index.php\/wp-json\/wp\/v2\/users\/1"}],"replies":[{"embeddable":true,"href":"https:\/\/noticiasdestaque.com.br\/index.php\/wp-json\/wp\/v2\/comments?post=55140"}],"version-history":[{"count":0,"href":"https:\/\/noticiasdestaque.com.br\/index.php\/wp-json\/wp\/v2\/posts\/55140\/revisions"}],"wp:featuredmedia":[{"embeddable":true,"href":"https:\/\/noticiasdestaque.com.br\/index.php\/wp-json\/wp\/v2\/media\/55141"}],"wp:attachment":[{"href":"https:\/\/noticiasdestaque.com.br\/index.php\/wp-json\/wp\/v2\/media?parent=55140"}],"wp:term":[{"taxonomy":"category","embeddable":true,"href":"https:\/\/noticiasdestaque.com.br\/index.php\/wp-json\/wp\/v2\/categories?post=55140"},{"taxonomy":"post_tag","embeddable":true,"href":"https:\/\/noticiasdestaque.com.br\/index.php\/wp-json\/wp\/v2\/tags?post=55140"}],"curies":[{"name":"wp","href":"https:\/\/api.w.org\/{rel}","templated":true}]}}