{"id":55138,"date":"2026-09-03T20:00:00","date_gmt":"2026-09-03T23:00:00","guid":{"rendered":"https:\/\/noticiasdestaque.com.br\/index.php\/2026\/09\/03\/sesi-lanca-plataforma-para-qualificar-gestores-de-saude-da-industria\/"},"modified":"2026-09-03T20:00:00","modified_gmt":"2026-09-03T23:00:00","slug":"sesi-lanca-plataforma-para-qualificar-gestores-de-saude-da-industria","status":"publish","type":"post","link":"https:\/\/noticiasdestaque.com.br\/index.php\/2026\/09\/03\/sesi-lanca-plataforma-para-qualificar-gestores-de-saude-da-industria\/","title":{"rendered":"SESI lan\u00e7a plataforma para qualificar gestores de sa\u00fade da ind\u00fastria"},"content":{"rendered":"<p>\t\t\t\t\t\t\t\t\t\t\t<audio controls class=\"b61_audio_player\" data-noticia=\"91418\" src=\"https:\/\/brasil61.com\/rails\/active_storage\/blobs\/eyJfcmFpbHMiOnsibWVzc2FnZSI6IkJBaHBBK2xjQkE9PSIsImV4cCI6bnVsbCwicHVyIjoiYmxvYl9pZCJ9fQ==--d98af59444ac6d65fd78df1a1de785b36ad672fc\/PIND264808A\"><\/audio><\/p>\n<p>O <strong>Servi\u00e7o Social da Ind\u00fastria (<a href=\"https:\/\/www.sesi.portaldaindustria.com.br\/para-voce\" target=\"_blank\">SESI<\/a>)<\/strong> lan\u00e7ou a <a href=\"https:\/\/www.sesi.portaldaindustria.com.br\/para-sua-empresa\/solucoes-em-saude-seguranca-e-bem-estar\/academia-de-saude-sesi\" target=\"_blank\"><strong>Academia da Sa\u00fade da Ind\u00fastria<\/strong><\/a>, uma plataforma voltada \u00e0 <strong>capacita\u00e7\u00e3o, articula\u00e7\u00e3o e desenvolvimento de lideran\u00e7as na \u00e1rea de sa\u00fade do seto<\/strong>r. A iniciativa busca transformar a <strong>gest\u00e3o da sa\u00fade<\/strong> em um<strong> ativo estrat\u00e9gico<\/strong> para a ind\u00fastria brasileira, com foco em<strong> educa\u00e7\u00e3o executiva, intelig\u00eancia estrat\u00e9gica, networking e inova\u00e7\u00e3o<\/strong>.\u00a0<\/p>\n<p>Segundo o superintendente de Sa\u00fade da Ind\u00fastria, <strong>Emmanuel Lacerda<\/strong>, a Academia da Sa\u00fade ser\u00e1 o <strong>bra\u00e7o educacional do Movimento Empresarial pela Sa\u00fade (<a href=\"https:\/\/www.sesi.portaldaindustria.com.br\/institucional\/atuacao-em-saude\/mes\" target=\"_blank\">MES<\/a>) <\/strong>e pretende atender \u00e0 <strong>necessidade de qualifica\u00e7\u00e3o<\/strong> de gestores de sa\u00fade, benef\u00edcios e recursos humanos das empresas industriais.\u00a0<\/p>\n<p>\u201cA partir de um processo de experi\u00eancias pr\u00e1ticas, a ideia \u00e9 que a gente leve uma <strong>melhor gest\u00e3o do benef\u00edcio e da sa\u00fade <\/strong>e impacte positivamente na vida de milhares de pessoas que est\u00e3o trabalhando na ind\u00fastria ou s\u00e3o dependentes de trabalhadores da ind\u00fastria\u201d, explica.\u00a0<\/p>\n<h2>Integra\u00e7\u00e3o do ecossistema de sa\u00fade<\/h2>\n<p>O <strong>SESI <\/strong>j\u00e1 atua como<strong> agente integrador do ecossistema de sa\u00fade<\/strong>, conectando <strong>empresas, academia, governo, prestadores de servi\u00e7os, operadoras, institui\u00e7\u00f5es de pesquisa e entidades representativas<\/strong>.\u00a0<\/p>\n<p>Segundo a entidade, a <strong>Academia da Sa\u00fade da Ind\u00fastria<\/strong> dever\u00e1 estimular a <strong>constru\u00e7\u00e3o de solu\u00e7\u00f5es colaborativas para desafios complexos do setor<\/strong>, a partir da <strong>qualifica\u00e7\u00e3o permanente<\/strong>, do <strong>interc\u00e2mbio de experi\u00eancias <\/strong>e da<strong> produ\u00e7\u00e3o de conhecimento aplicado<\/strong>.\u00a0<\/p>\n<p>A iniciativa tamb\u00e9m pretende contribuir para melhorar a <strong>gest\u00e3o dos investimentos corporativos em sa\u00fade<\/strong>, com potencial para favorecer a<strong> reten\u00e7\u00e3o de talentos, reduzir o afastamento de profissionais, elevar a produtividade e adequar os custos assistenciais<\/strong>.\u00a0<\/p>\n<p>Para isso, a plataforma oferece:<\/p>\n<ul>\n<li><strong>Capacita\u00e7\u00e3o<\/strong>: forma\u00e7\u00e3o e experi\u00eancias imersivas para lideran\u00e7as industriais;\u00a0<\/li>\n<li><strong>Intelig\u00eancia<\/strong>: acesso a dados, evid\u00eancias, benchmarking e tend\u00eancias para apoiar decis\u00f5es relacionadas \u00e0 gest\u00e3o da sa\u00fade;\u00a0<\/li>\n<li><strong>Aplica\u00e7\u00f5es<\/strong>: solu\u00e7\u00f5es pr\u00e1ticas voltadas \u00e0 gera\u00e7\u00e3o de resultados para os neg\u00f3cios.\u00a0<\/li>\n<\/ul>\n<h2>Metodologia<\/h2>\n<p>A <strong>metodologia <\/strong>da Academia da Sa\u00fade da Ind\u00fastria \u00e9 dividida em quatro etapas:\u00a0<\/p>\n<ol>\n<li><strong>Escutar<\/strong>: identifica\u00e7\u00e3o dos desafios reais da gest\u00e3o da sa\u00fade;<\/li>\n<li><strong>Conectar<\/strong>: aproxima\u00e7\u00e3o com especialistas e refer\u00eancias na \u00e1rea;<\/li>\n<li><strong>Aprender<\/strong>: participa\u00e7\u00e3o em imers\u00f5es, f\u00f3runs e acesso a conte\u00fados personalizados;<\/li>\n<li><strong>Aplicar<\/strong>: implementa\u00e7\u00e3o de solu\u00e7\u00f5es e pr\u00e1ticas com impacto no neg\u00f3cio.<\/li>\n<\/ol>\n<h2>Quem pode participar<\/h2>\n<p>A iniciativa \u00e9 destinada a <strong>empresas de m\u00e9dio e grande porte integrantes do Movimento Empresarial pela Sa\u00fade (MES)<\/strong>, al\u00e9m de<strong> executivos C-Level, gestores e especialistas em sa\u00fade, representantes do governo, operadoras, institui\u00e7\u00f5es de ci\u00eancia e tecnologia (ICTs) e universidades.<\/strong>\u00a0<\/p>\n<p>Para participar dos <strong>programas, capacita\u00e7\u00f5es e imers\u00f5es<\/strong> da Academia da Sa\u00fade da Ind\u00fastria, a empresa precisa primeiro aderir ao MES por meio do <a href=\"https:\/\/www.sesi.portaldaindustria.com.br\/institucional\/atuacao-em-saude\/mes\" target=\"_blank\">formul\u00e1rio oficial de inscri\u00e7\u00e3o do SESI<\/a>.\u00a0<\/p>\n<h2>Conecta Sa\u00fade 2026<\/h2>\n<p>A <strong>Academia da Sa\u00fade da Ind\u00fastria<\/strong> foi anunciada durante o <strong>Conecta Sa\u00fade 2026<\/strong>, realizado na \u00faltima ter\u00e7a-feira (1\u00ba), em S\u00e3o Paulo. Promovido pelo <strong>SESI <\/strong>e pelo <strong>Conselho Nacional do SESI (CN-SESI)<\/strong>, com apoio da <strong>Federa\u00e7\u00e3o das Ind\u00fastrias do Estado de S\u00e3o Paulo (<a href=\"https:\/\/www.fiesp.com.br\/\" target=\"_blank\">FIESP<\/a>)<\/strong>, o evento reuniu mais de <strong>500 participantes<\/strong>, entre<strong> lideran\u00e7as empresariais, gestores p\u00fablicos, representantes do setor de sa\u00fade e especialistas<\/strong>.\u00a0<\/p>\n<p>O encontro discutiu <strong>como transformar diferentes atendimentos, informa\u00e7\u00f5es e servi\u00e7os de sa\u00fade em uma jornada cont\u00ednua, capaz de acompanhar as pessoas antes, durante e depois de um quadro de sa\u00fade<\/strong>.\u00a0<\/p>\n<p>Na abertura do evento, o diretor-superintendente do SESI, <strong>Paulo Mol<\/strong>, destacou que uma<strong> vis\u00e3o integral da sa\u00fade<\/strong> exige o <strong>acompanhamento da trajet\u00f3ria do trabalhador ao longo do tempo<\/strong>, conectando informa\u00e7\u00f5es, atendimentos e diferentes pontos da rede. Segundo ele, essa mudan\u00e7a passa por uma<strong> atua\u00e7\u00e3o mais preventiva<\/strong>, que come\u00e7a <strong>antes do surgimento da doen\u00e7a <\/strong>e prioriza a continuidade do cuidado.\u00a0<\/p>\n<p>O presidente do Conselho Nacional do SESI, <strong>Fausto Junior<\/strong>, ressaltou que esse avan\u00e7o tamb\u00e9m depende da capacidade de<strong> integrar os diferentes atores que fazem parte do sistema de sa\u00fade<\/strong>.\u00a0<\/p>\n<p>Confira outros detalhes no <a href=\"https:\/\/noticias.portaldaindustria.com.br\/noticias\/saude-e-qualidade-de-vida\/conecta-saude-2026-aposta-em-olhar-360o-para-oferecer-atencao-integral-ao-trabalhador\/\" target=\"_blank\">portal da ind\u00fastria<\/a>.<\/p>\n<p><strong>VEJA MAIS:<\/strong><\/p>\n<ul>\n<li><a href=\"https:\/\/brasil61.com\/n\/conecta-saude-2026-debate-integracao-do-cuidado-e-uso-de-dados-na-saude-pind264805\" target=\"_blank\">Conecta Sa\u00fade 2026 debate integra\u00e7\u00e3o do cuidado e uso de dados na sa\u00fade<\/a><\/li>\n<li><a href=\"https:\/\/brasil61.com\/n\/vigindustria-brasil-saude-dos-trabalhadores-da-industria-acende-alerta-para-sedentarismo-e-estresse-pind264807\" target=\"_blank\">VigInd\u00fastria Brasil: sa\u00fade dos trabalhadores da ind\u00fastria acende alerta para sedentarismo e estresse<\/a><\/li>\n<\/ul>\n<p>\t\t\t\t\t\t\t\t\t\t<img loading=\"lazy\" decoding=\"async\" src=\"https:\/\/brasil61.com\/api\/v1\/serve_pixel\/17677\/91418\" alt=\"Pixel Brasil 61\" class=\"b61_pixel\" width=\"0\" height=\"0\"><\/p>\n<input type=\"hidden\" id=\"baseurl\" value=\"https:\/\/noticiasdestaque.com.br\"><input type=\"hidden\" id=\"audio_nonce\" value=\"0361f70337\">","protected":false},"excerpt":{"rendered":"<p>Academia da Sa\u00fade da Ind\u00fastria oferece programas de capacita\u00e7\u00e3o, imers\u00f5es e conte\u00fados voltados \u00e0 gest\u00e3o estrat\u00e9gica<\/p>\n","protected":false},"author":1,"featured_media":55139,"comment_status":"open","ping_status":"open","sticky":false,"template":"","format":"standard","meta":{"fifu_image_url":"","fifu_image_alt":"","footnotes":""},"categories":[51],"tags":[],"class_list":["post-55138","post","type-post","status-publish","format-standard","has-post-thumbnail","hentry","category-saude"],"distributor_meta":false,"distributor_terms":false,"distributor_media":false,"distributor_original_site_name":"Noticias em Destaque","distributor_original_site_url":"https:\/\/noticiasdestaque.com.br","push-errors":false,"_links":{"self":[{"href":"https:\/\/noticiasdestaque.com.br\/index.php\/wp-json\/wp\/v2\/posts\/55138","targetHints":{"allow":["GET"]}}],"collection":[{"href":"https:\/\/noticiasdestaque.com.br\/index.php\/wp-json\/wp\/v2\/posts"}],"about":[{"href":"https:\/\/noticiasdestaque.com.br\/index.php\/wp-json\/wp\/v2\/types\/post"}],"author":[{"embeddable":true,"href":"https:\/\/noticiasdestaque.com.br\/index.php\/wp-json\/wp\/v2\/users\/1"}],"replies":[{"embeddable":true,"href":"https:\/\/noticiasdestaque.com.br\/index.php\/wp-json\/wp\/v2\/comments?post=55138"}],"version-history":[{"count":0,"href":"https:\/\/noticiasdestaque.com.br\/index.php\/wp-json\/wp\/v2\/posts\/55138\/revisions"}],"wp:featuredmedia":[{"embeddable":true,"href":"https:\/\/noticiasdestaque.com.br\/index.php\/wp-json\/wp\/v2\/media\/55139"}],"wp:attachment":[{"href":"https:\/\/noticiasdestaque.com.br\/index.php\/wp-json\/wp\/v2\/media?parent=55138"}],"wp:term":[{"taxonomy":"category","embeddable":true,"href":"https:\/\/noticiasdestaque.com.br\/index.php\/wp-json\/wp\/v2\/categories?post=55138"},{"taxonomy":"post_tag","embeddable":true,"href":"https:\/\/noticiasdestaque.com.br\/index.php\/wp-json\/wp\/v2\/tags?post=55138"}],"curies":[{"name":"wp","href":"https:\/\/api.w.org\/{rel}","templated":true}]}}