{"id":55130,"date":"2026-09-03T18:12:00","date_gmt":"2026-09-03T21:12:00","guid":{"rendered":"https:\/\/noticiasdestaque.com.br\/index.php\/2026\/09\/03\/eleicoes-2026-lula-lidera-no-nordeste-mas-flavio-bolsonaro-aparece-a-frente-em-outras-regioes-aponta-pesquisa-datafolha\/"},"modified":"2026-09-03T18:12:00","modified_gmt":"2026-09-03T21:12:00","slug":"eleicoes-2026-lula-lidera-no-nordeste-mas-flavio-bolsonaro-aparece-a-frente-em-outras-regioes-aponta-pesquisa-datafolha","status":"publish","type":"post","link":"https:\/\/noticiasdestaque.com.br\/index.php\/2026\/09\/03\/eleicoes-2026-lula-lidera-no-nordeste-mas-flavio-bolsonaro-aparece-a-frente-em-outras-regioes-aponta-pesquisa-datafolha\/","title":{"rendered":"ELEI\u00c7\u00d5ES 2026: Lula lidera no Nordeste, mas Fl\u00e1vio Bolsonaro aparece \u00e0 frente em outras regi\u00f5es, aponta pesquisa Datafolha"},"content":{"rendered":"<p>\t\t\t\t\t\t\t\t\t\t\t<audio controls class=\"b61_audio_player\" data-noticia=\"91413\" src=\"https:\/\/brasil61.com\/rails\/active_storage\/blobs\/eyJfcmFpbHMiOnsibWVzc2FnZSI6IkJBaHBBOU5jQkE9PSIsImV4cCI6bnVsbCwicHVyIjoiYmxvYl9pZCJ9fQ==--893df1ab97baeacb117b653d124bcdd89fa2ceaa\/BRAS2617072A\"><\/audio><\/p>\n<p><strong>A mais recente <a href=\"https:\/\/media.folha.uol.com.br\/datafolha\/2026\/08\/24\/z449esriv9uiuf2nkkin3zmjzj79u-frfagzqbw2ors.pdf\" target=\"_blank\">pesquisa Datafolha<\/a> para a elei\u00e7\u00e3o presidencial, divulgada nesta quinta-feira (3), aponta que o eleitorado brasileiro permanece dividido em contextos regionalizados. Enquanto Luiz In\u00e1cio Lula da Silva (PT) continua com uma margem favor\u00e1vel no Norte e no Nordeste, Fl\u00e1vio Bolsonaro (PL) lidera as inten\u00e7\u00f5es de voto no Sudeste, Sul e Centro-Oeste no primeiro turno.<\/strong><\/p>\n<p>No cen\u00e1rio nacional, o petista conta com 39% das inten\u00e7\u00f5es de voto, e Fl\u00e1vio Bolsonaro soma 33%. Na sequ\u00eancia aparecem Ronaldo Caiado (PSD), com 5%; Renan Santos (Miss\u00e3o), com 4%; Romeu Zema (Novo), com 3%; e Augusto Cury (Avante), com 2%. Votos brancos e nulos somam 6%, enquanto 4% declararam-se indecisos.<\/p>\n<p><strong>No m\u00eas de junho, a diferen\u00e7a entre Lula e Fl\u00e1vio no 1\u00ba turno era de 10 pontos (41% a 31%). No m\u00eas seguinte, ficou entre oito pontos na segunda quinzena (40% a 32%). Agora, a dist\u00e2ncia caiu para seis pontos, o que aponta para uma diminui\u00e7\u00e3o gradual na vantagem do petista no per\u00edodo analisado.<\/strong><\/p>\n<h2>Blocos regionais<\/h2>\n<p><strong>No Nordeste, Lula responde por 53% da prefer\u00eancia, contra 25% de Fl\u00e1vio Bolsonaro.\u00a0Contudo, Fl\u00e1vio Bolsonaro assume a lideran\u00e7a nas outras tr\u00eas regi\u00f5es do pa\u00eds. No Sul, o senador lidera com 38%, enquanto Lula obt\u00e9m 33%. No Sudeste, o registro \u00e9 de 36% a 33% a favor do parlamentar liberal.\u00a0<\/strong><\/p>\n<p>No recorte envolvendo Norte\/Centro-Oeste, o cen\u00e1rio aponta 35% a 33%, a favor de Fl\u00e1vio contra Lula.<\/p>\n<h2>Perspectivas para o segundo turno<\/h2>\n<p><strong>Em um eventual embate direto de segundo turno, o resultado nacional aponta 47% para Lula e 43% para Fl\u00e1vio Bolsonaro. Votos brancos, nulos ou em nenhum somam 9%, e 2% n\u00e3o responderam.<\/strong><\/p>\n<p><strong>VEJA MAIS:<\/strong><\/p>\n<ul>\n<li><a href=\"https:\/\/brasil61.com\/n\/eleicoes-2026-saiba-como-o-eleitor-pode-fiscalizar-a-campanha-e-denunciar-irregularidades-bras2617051\" target=\"_blank\">Elei\u00e7\u00f5es 2026: saiba como o eleitor pode fiscalizar a campanha e denunciar irregularidades<\/a><\/li>\n<li><a href=\"https:\/\/brasil61.com\/n\/eleicoes-2026-tse-define-o-que-caracteriza-deepfake-em-conteudo-eleitoral-bras2617063\" target=\"_blank\">Elei\u00e7\u00f5es 2026: TSE define o que caracteriza deepfake em conte\u00fado eleitoral<\/a><\/li>\n<\/ul>\n<p>O desenho regional indica que o desfecho da disputa depender\u00e1 do comportamento do eleitorado no Sudeste e da migra\u00e7\u00e3o dos votos depositados nos candidatos de terceira via no Centro-Sul, al\u00e9m da capacidade de manuten\u00e7\u00e3o dos percentuais de Lula no Norte e Nordeste.<\/p>\n<h2>Avalia\u00e7\u00e3o negativa do governo Lula sobe de 38% para 41%<\/h2>\n<p><strong>A avalia\u00e7\u00e3o negativa do governo do presidente Luiz In\u00e1cio Lula da Silva aumentou na compara\u00e7\u00e3o com o levantamento realizado na segunda quinzena de julho. Agora, 41% dos eleitores consideram a gest\u00e3o petista como ruim ou p\u00e9ssima. Outros 33% afirmaram que o governo \u00e9 \u00f3timo ou bom. 25% avaliam a administra\u00e7\u00e3o como regular. Um por cento n\u00e3o soube responder.<\/strong><\/p>\n<p>No m\u00eas de julho, a avalia\u00e7\u00e3o negativa do governo chegava a 38%, ao passo que 32% relatavam uma percep\u00e7\u00e3o positiva. Para 28%, a gest\u00e3o era regular.\u00a0<\/p>\n<p><strong>J\u00e1 a aprova\u00e7\u00e3o do trabalho de Lula como presidente aparece em 47%. A desaprova\u00e7\u00e3o chega a 50%, e 3% dos entrevistados n\u00e3o opinaram.<\/strong><\/p>\n<p>De acordo com pesquisa realizada na segunda quinzena de julho, 49% dos eleitores aprovavam a atua\u00e7\u00e3o de Lula na Presid\u00eancia, enquanto 48% desaprovavam.<\/p>\n<h2>Sobre a\u00a0pesquisa<\/h2>\n<p>A pesquisa foi realizada com eleitores de 16 anos ou mais, por meio de entrevistas presenciais em pontos de circula\u00e7\u00e3o de pessoas. O levantamento utilizou question\u00e1rio estruturado, com checagem de pelo menos 20% das entrevistas feitas por cada entrevistador.<\/p>\n<p>O trabalho de campo ocorreu nos dias 18 e 19 de agosto de 2026, em 128 munic\u00edpios de todo o pa\u00eds, com 2.058 entrevistas. A margem de erro m\u00e1xima \u00e9 de dois pontos percentuais, para mais ou para menos, considerando n\u00edvel de confian\u00e7a de 95%. O levantamento foi realizado para a Folha de S.Paulo e a TV Globo. A pesquisa est\u00e1 registrada no <a href=\"https:\/\/www.tse.jus.br\/\" target=\"_blank\">TSE<\/a>, com o c\u00f3digo BR-04496\/2026.<br \/>\n\u00a0<\/p>\n<p>\t\t\t\t\t\t\t\t\t\t<img loading=\"lazy\" decoding=\"async\" src=\"https:\/\/brasil61.com\/api\/v1\/serve_pixel\/17677\/91413\" alt=\"Pixel Brasil 61\" class=\"b61_pixel\" width=\"0\" height=\"0\"><\/p>\n<input type=\"hidden\" id=\"baseurl\" value=\"https:\/\/noticiasdestaque.com.br\"><input type=\"hidden\" id=\"audio_nonce\" value=\"0361f70337\">","protected":false},"excerpt":{"rendered":"<p>No cen\u00e1rio nacional, petista tem 39% por cento das inten\u00e7\u00f5es de voto, contra 33% por cento do senador. Resultado mostra queda gradual da vantagem de Lula<\/p>\n","protected":false},"author":1,"featured_media":55131,"comment_status":"open","ping_status":"open","sticky":false,"template":"","format":"standard","meta":{"fifu_image_url":"","fifu_image_alt":"","footnotes":""},"categories":[50],"tags":[],"class_list":["post-55130","post","type-post","status-publish","format-standard","has-post-thumbnail","hentry","category-politica"],"distributor_meta":false,"distributor_terms":false,"distributor_media":false,"distributor_original_site_name":"Noticias em Destaque","distributor_original_site_url":"https:\/\/noticiasdestaque.com.br","push-errors":false,"_links":{"self":[{"href":"https:\/\/noticiasdestaque.com.br\/index.php\/wp-json\/wp\/v2\/posts\/55130","targetHints":{"allow":["GET"]}}],"collection":[{"href":"https:\/\/noticiasdestaque.com.br\/index.php\/wp-json\/wp\/v2\/posts"}],"about":[{"href":"https:\/\/noticiasdestaque.com.br\/index.php\/wp-json\/wp\/v2\/types\/post"}],"author":[{"embeddable":true,"href":"https:\/\/noticiasdestaque.com.br\/index.php\/wp-json\/wp\/v2\/users\/1"}],"replies":[{"embeddable":true,"href":"https:\/\/noticiasdestaque.com.br\/index.php\/wp-json\/wp\/v2\/comments?post=55130"}],"version-history":[{"count":0,"href":"https:\/\/noticiasdestaque.com.br\/index.php\/wp-json\/wp\/v2\/posts\/55130\/revisions"}],"wp:featuredmedia":[{"embeddable":true,"href":"https:\/\/noticiasdestaque.com.br\/index.php\/wp-json\/wp\/v2\/media\/55131"}],"wp:attachment":[{"href":"https:\/\/noticiasdestaque.com.br\/index.php\/wp-json\/wp\/v2\/media?parent=55130"}],"wp:term":[{"taxonomy":"category","embeddable":true,"href":"https:\/\/noticiasdestaque.com.br\/index.php\/wp-json\/wp\/v2\/categories?post=55130"},{"taxonomy":"post_tag","embeddable":true,"href":"https:\/\/noticiasdestaque.com.br\/index.php\/wp-json\/wp\/v2\/tags?post=55130"}],"curies":[{"name":"wp","href":"https:\/\/api.w.org\/{rel}","templated":true}]}}