{"id":5512,"date":"2023-03-15T19:52:00","date_gmt":"2023-03-15T19:52:00","guid":{"rendered":"https:\/\/noticiasdestaque.com.br\/index.php\/2023\/03\/15\/receita-recebe-mais-de-milhao-de-declaracoes-do-ir-no-primeiro-dia\/"},"modified":"2023-03-15T19:52:00","modified_gmt":"2023-03-15T19:52:00","slug":"receita-recebe-mais-de-milhao-de-declaracoes-do-ir-no-primeiro-dia","status":"publish","type":"post","link":"https:\/\/noticiasdestaque.com.br\/index.php\/2023\/03\/15\/receita-recebe-mais-de-milhao-de-declaracoes-do-ir-no-primeiro-dia\/","title":{"rendered":"Receita recebe mais de 1 milh\u00e3o de declara\u00e7\u00f5es do IR no primeiro dia"},"content":{"rendered":"<style> bloco.meta {font-style: italic; color: #666;font-weight: 600;font-size: .8em; \/* line-height: .3em; *\/}  text h2 { font-weight: 700 !important;  color: #062f46 !important;} text img { width: none; left: none;}<\/style>\n<\/p>\n<p>Ap\u00f3s a mudan\u00e7a de prazo que vigora a partir deste ano, o n\u00famero de declara\u00e7\u00f5es do Imposto de Renda Pessoa F\u00edsica entregues bateu recorde no primeiro dia. At\u00e9 as 17h desta quarta-feira (15) foram enviadas 1.050.023 declara\u00e7\u00f5es, o que equivale a quase dez vezes as 130.099 entregues no primeiro dia de envio em 2022.<\/p>\n<p>Neste ano, o prazo de entrega da declara\u00e7\u00e3o mudou. <a href=\"https:\/\/agenciabrasil.ebc.com.br\/economia\/noticia\/2023-02\/entrega-da-declaracao-do-imposto-de-renda-comeca-no-dia-15-de-marco\" target=\"_blank\">Come\u00e7ou \u00e0s 9h desta quarta-feira (15) e vai at\u00e9 as 23h59min59s de 31 de maio<\/a>. A mudan\u00e7a, segunda a Receita, foi necess\u00e1ria para que todos os contribuintes tenham acesso \u00e0 declara\u00e7\u00e3o pr\u00e9-preenchida, que \u00e9 enviada duas semanas ap\u00f3s a entrega dos informes de rendimentos pelos empregadores, pelos planos de sa\u00fade e pelas institui\u00e7\u00f5es financeiras.<\/p>\n<p>Antigamente, o prazo de entrega da declara\u00e7\u00e3o come\u00e7ava no primeiro dia \u00fatil de mar\u00e7o e ia at\u00e9 o \u00faltimo dia \u00fatil de abril. Com o in\u00edcio mais tardio a partir deste ano, mais contribuintes ganharam tempo para entregar a declara\u00e7\u00e3o no primeiro dia.<\/p>\n<p>Outro fator que impulsionou o recorde foi a<a href=\"https:\/\/agenciabrasil.ebc.com.br\/economia\/noticia\/2023-03\/receita-libera-nesta-quinta-programa-gerador-do-ir-2023\" target=\"_blank\"> antecipa\u00e7\u00e3o do <em>download<\/em> do programa gerador da declara\u00e7\u00e3o<\/a>. Inicialmente previsto para ser liberado nesta quarta-feira (15), o programa teve a libera\u00e7\u00e3o antecipada para quinta-feira passada (9).<\/p>\n<p>Segundo a Receita Federal, a expectativa \u00e9 que sejam recebidas entre 38,5 milh\u00f5es e 39,5 milh\u00f5es de declara\u00e7\u00f5es neste ano, n\u00famero superior ao recorde registrado em 2022, quando o Fisco recebeu 36.322.912 documentos. Quem enviar a declara\u00e7\u00e3o depois do prazo pagar\u00e1 multa de R$ 165,74 ou 20% do imposto devido, prevalecendo o maior valor.<\/p>\n<h2>Novidades<\/h2>\n<p>A declara\u00e7\u00e3o deste ano tem novidades relativas \u00e0 restitui\u00e7\u00e3o. Quem optar por receber a restitui\u00e7\u00e3o por Pix ou usar a declara\u00e7\u00e3o pr\u00e9-preenchida receber\u00e1 o valor mais rapidamente, sempre respeitando as prioridades legais. Quanto ao Pix, no entanto, a novidade s\u00f3 vale para quem declarar a chave do tipo Cadastro de Pessoas F\u00edsicas (CPF) no campo de pagamento da restitui\u00e7\u00e3o.<\/p>\n<p>Outra mudan\u00e7a importante \u00e9 a amplia\u00e7\u00e3o dos dados dispon\u00edveis na declara\u00e7\u00e3o pr\u00e9-preenchida. No ano passado, o acesso havia sido estendido a quem tem conta n\u00edvel prata ou ouro no Portal Gov.br. Agora, o formul\u00e1rio, que proporciona mais comodidade e reduz as chances de erros pelo contribuinte, ter\u00e1 mais informa\u00e7\u00f5es, como im\u00f3veis registrados em cart\u00f3rio e criptoativos.<\/p>\n<p>Tamb\u00e9m houve uma novidade em rela\u00e7\u00e3o a quem tem investimentos na bolsa de valores. A Receita flexibilizou a obrigatoriedade da declara\u00e7\u00e3o para este p\u00fablico. S\u00f3 quem fez vendas de grande valor ou obteve lucro (de qualquer valor) nessas aplica\u00e7\u00f5es dever\u00e1 preencher a declara\u00e7\u00e3o.<\/p>\n<p class=\"alt-font font-italic my-2 small text-info\">\n                                                Edi\u00e7\u00e3o:   N\u00e1dia Franco                    <\/p>\n<p>            <!-- blog End --><\/p>\n<p>            <!-- tag and share --><\/p>\n<p> Fonte: EBC <\/p>\n<\/div>\n<input type=\"hidden\" id=\"baseurl\" value=\"https:\/\/noticiasdestaque.com.br\"><input type=\"hidden\" id=\"audio_nonce\" value=\"581f3017e1\">","protected":false},"excerpt":{"rendered":"<p>N\u00famero de envios bate recorde ap\u00f3s mudan\u00e7a de prazo<\/p>\n","protected":false},"author":1,"featured_media":5514,"comment_status":"open","ping_status":"open","sticky":false,"template":"","format":"standard","meta":{"fifu_image_url":"","fifu_image_alt":"","footnotes":""},"categories":[1],"tags":[174],"class_list":["post-5512","post","type-post","status-publish","format-standard","has-post-thumbnail","hentry","category-uncategorized","tag-internacao-para-alcoolatras"],"distributor_meta":false,"distributor_terms":false,"distributor_media":false,"distributor_original_site_name":"Noticias em Destaque","distributor_original_site_url":"https:\/\/noticiasdestaque.com.br","push-errors":false,"_links":{"self":[{"href":"https:\/\/noticiasdestaque.com.br\/index.php\/wp-json\/wp\/v2\/posts\/5512","targetHints":{"allow":["GET"]}}],"collection":[{"href":"https:\/\/noticiasdestaque.com.br\/index.php\/wp-json\/wp\/v2\/posts"}],"about":[{"href":"https:\/\/noticiasdestaque.com.br\/index.php\/wp-json\/wp\/v2\/types\/post"}],"author":[{"embeddable":true,"href":"https:\/\/noticiasdestaque.com.br\/index.php\/wp-json\/wp\/v2\/users\/1"}],"replies":[{"embeddable":true,"href":"https:\/\/noticiasdestaque.com.br\/index.php\/wp-json\/wp\/v2\/comments?post=5512"}],"version-history":[{"count":1,"href":"https:\/\/noticiasdestaque.com.br\/index.php\/wp-json\/wp\/v2\/posts\/5512\/revisions"}],"predecessor-version":[{"id":5513,"href":"https:\/\/noticiasdestaque.com.br\/index.php\/wp-json\/wp\/v2\/posts\/5512\/revisions\/5513"}],"wp:featuredmedia":[{"embeddable":true,"href":"https:\/\/noticiasdestaque.com.br\/index.php\/wp-json\/wp\/v2\/media\/5514"}],"wp:attachment":[{"href":"https:\/\/noticiasdestaque.com.br\/index.php\/wp-json\/wp\/v2\/media?parent=5512"}],"wp:term":[{"taxonomy":"category","embeddable":true,"href":"https:\/\/noticiasdestaque.com.br\/index.php\/wp-json\/wp\/v2\/categories?post=5512"},{"taxonomy":"post_tag","embeddable":true,"href":"https:\/\/noticiasdestaque.com.br\/index.php\/wp-json\/wp\/v2\/tags?post=5512"}],"curies":[{"name":"wp","href":"https:\/\/api.w.org\/{rel}","templated":true}]}}