{"id":55118,"date":"2026-09-03T12:00:00","date_gmt":"2026-09-03T15:00:00","guid":{"rendered":"https:\/\/noticiasdestaque.com.br\/index.php\/2026\/09\/03\/ue-suspende-importacoes-de-carnes-do-brasil-e-setor-busca-alternativas\/"},"modified":"2026-09-03T12:00:00","modified_gmt":"2026-09-03T15:00:00","slug":"ue-suspende-importacoes-de-carnes-do-brasil-e-setor-busca-alternativas","status":"publish","type":"post","link":"https:\/\/noticiasdestaque.com.br\/index.php\/2026\/09\/03\/ue-suspende-importacoes-de-carnes-do-brasil-e-setor-busca-alternativas\/","title":{"rendered":"UE suspende importa\u00e7\u00f5es de carnes do Brasil e setor busca alternativas"},"content":{"rendered":"<p>\t\t\t\t\t\t\t\t\t\t\t<audio controls class=\"b61_audio_player\" data-noticia=\"91402\" src=\"https:\/\/brasil61.com\/rails\/active_storage\/blobs\/eyJfcmFpbHMiOnsibWVzc2FnZSI6IkJBaHBBMjFjQkE9PSIsImV4cCI6bnVsbCwicHVyIjoiYmxvYl9pZCJ9fQ==--657b2f780224e8d03c3270086964cee0365d43fb\/BRAS2617070A\"><\/audio><\/p>\n<p>A partir desta quinta-feira (3) est\u00e1 <strong>suspensa a exporta\u00e7\u00e3o de produtos de origem animal do Brasil para a Uni\u00e3o Europeia (UE)<\/strong>. A medida inclui <strong>carne de frango, bovina e su\u00edna, al\u00e9m de ovos, mel, pescados e animais vivos destinados \u00e0 produ\u00e7\u00e3o de alimentos<\/strong> e decorre da aplica\u00e7\u00e3o da legisla\u00e7\u00e3o do bloco europeu que<strong> restringe o uso de determinados antimicrobianos na produ\u00e7\u00e3o animal <\/strong>\u2014 como antibi\u00f3ticos.<\/p>\n<p>Em 2025 a <strong>UE importou US$ 1,8 bilh\u00e3o em produtos de origem animal do Brasil<\/strong>, o equivalente a <strong>368,1 mil toneladas<\/strong>, segundo dados do <a href=\"https:\/\/mapa-indicadores.agricultura.gov.br\/publico\/extensions\/Agrostat\/Agrostat.html\" target=\"_blank\">Agrostat &#8211; Sistema de Estat\u00edsticas de Com\u00e9rcio Exterior do Agroneg\u00f3cio Brasileiro<\/a>.\u00a0<\/p>\n<p>No setor de <strong>frango<\/strong>, a expectativa \u00e9 que a suspens\u00e3o seja <strong>revertida em novembro<\/strong>, ap\u00f3s a conclus\u00e3o da auditoria europeia. At\u00e9 l\u00e1, as <strong>perdas <\/strong>podem chegar a aproximadamente <strong>US$ 243 milh\u00f5es<\/strong>, considerando a m\u00e9dia <strong>mensal <\/strong>exportada pelo Brasil ao bloco neste ano, de <strong>US$ 97,136 milh\u00f5es<\/strong>.\u00a0<\/p>\n<p>Segundo o <a href=\"https:\/\/abpa-br.org\/wp-content\/uploads\/2026\/04\/relatorio_ABPA-2804_DIGITAL.pdf\" target=\"_blank\">Relat\u00f3rio Anual 2026 da Associa\u00e7\u00e3o Brasileira de Prote\u00edna Animal (ABPA)<\/a>, o <strong>Paran\u00e1 <\/strong>\u00e9 o <strong>principal estado exportador de carne de frango do pa\u00eds<\/strong>, com <strong>2.103.688 toneladas <\/strong>embarcadas em 2025, o equivalente a <strong>40,76% do total<\/strong>. <strong>Santa Catarina<\/strong> aparece em <strong>segundo lugar<\/strong>, com <strong>1.201.818 toneladas<\/strong>, seguida por <strong>Rio Grande do Sul, S\u00e3o Paulo e Goi\u00e1s<\/strong>.\u00a0<\/p>\n<p>No mercado de <strong>carne bovina<\/strong>, o <strong>estado paranaense\u00a0<\/strong>ocupou a <strong>d\u00e9cima posi\u00e7\u00e3o<\/strong> entre as UF exportadoras em 2025, com <strong>46.819 toneladas<\/strong>, segundo o <a href=\"https:\/\/abiec.com.br\/publicacoes\/beef-report-2026\/\" target=\"_blank\">Beef Report 2026<\/a>, da<strong> Associa\u00e7\u00e3o Brasileira das Ind\u00fastrias Exportadoras de Carnes (<a href=\"https:\/\/abiec.com.br\/\" target=\"_blank\">ABIEC<\/a>)<\/strong>.\u00a0<\/p>\n<p>De acordo com a <strong>Federa\u00e7\u00e3o da Agricultura do Estado do Paran\u00e1 (<a href=\"https:\/\/www.sistemafaep.org.br\/\" target=\"_blank\">FAEP<\/a>)<\/strong>, o embargo europeu pode provocar um<strong> impacto superior a US$ 392,2 milh\u00f5es <\/strong>por ano nas\u00a0principais cadeias pecu\u00e1rias do estado: <strong>avicultura e bovinocultura de corte<\/strong>.\u00a0<\/p>\n<p><strong>Principais estados exportadores de carne de frango em 2025<\/strong><\/p>\n<ol>\n<li>\n<p><strong>Paran\u00e1 <\/strong>\u2014 2.103.688 toneladas (40,76%)<\/p>\n<\/li>\n<li><strong>Santa Catarina <\/strong>\u2014 1.201.818 toneladas (23,28%)<\/li>\n<li><strong>Rio Grande do Sul <\/strong>\u2014 686.359 toneladas (13,30%)<\/li>\n<li><strong>S\u00e3o Paulo<\/strong> \u2014 330.828 toneladas (6,41%)<\/li>\n<li><strong>Goi\u00e1s <\/strong>\u2014 272.908 toneladas (5,29%)<\/li>\n<li><strong>Minas Gerais<\/strong> \u2014 199.637 toneladas (3,87%)<\/li>\n<li><strong>Mato Grosso do Sul<\/strong> \u2014 178.244 toneladas (3,45%)<\/li>\n<li><strong>Mato Grosso<\/strong> \u2014 99.639 toneladas (1,93%)<\/li>\n<li><strong>Distrito Federal <\/strong>\u2014 75.241 toneladas (1,46%)<\/li>\n<li><strong>Esp\u00edrito Santo<\/strong> \u2014 3.354 toneladas (0,06%)<\/li>\n<\/ol>\n<h2>Carne bovina<\/h2>\n<p>No caso da<strong> carne bovina<\/strong>, o setor brasileiro pode <strong>deixar de exportar cerca de US$ 1,828 bilh\u00e3o<\/strong> <strong>entre setembro deste ano e julho de 2028<\/strong>, tempo necess\u00e1rio para adapta\u00e7\u00e3o da cadeia \u00e0s novas exig\u00eancias. O valor considera a m\u00e9dia <strong>mensal <\/strong>de embarques registrada ao longo de 2026.\u00a0<\/p>\n<p>Na avalia\u00e7\u00e3o do professor de Agroneg\u00f3cio Global do Insper, <strong>Marcos Jank<\/strong>, o impacto da suspens\u00e3o sobre as exporta\u00e7\u00f5es brasileiras<strong> n\u00e3o deve ser t\u00e3o expressivo<\/strong>, uma vez que a <strong>Uni\u00e3o Europeia representa um mercado menor em compara\u00e7\u00e3o com a China<\/strong>.\u00a0<\/p>\n<p>Segundo dados da ABIEC, o Brasil exportou<strong> 4.529.156 toneladas de carne bovina<\/strong> em 2025. Desse total, <strong>2.143.058 toneladas tiveram a China como destino<\/strong>, enquanto<strong> 231.456 toneladas<\/strong> foram embarcadas para o<strong> mercado europeu<\/strong>.\u00a0<\/p>\n<p>\u201cO que acontece na <strong>Europa <\/strong>\u00e9 que eles pagam<strong> pre\u00e7os melhores<\/strong>, porque a gente atende diversos segmentos l\u00e1, por isso, os <strong>pre\u00e7os s\u00e3o mais altos <\/strong>do que em outros lugares do mundo. Mas os <strong>volumes s\u00e3o bastante baixos<\/strong> e restringidos por cotas\u201d, afirma Jank.\u00a0<\/p>\n<p>Por outro lado, o professor tamb\u00e9m destaca a <a href=\"https:\/\/www.whitehouse.gov\/presidential-actions\/2026\/08\/further-ensuring-affordable-beef-for-the-american-consumer\/\" target=\"_blank\">abertura, pelos Estados Unidos, de uma cota de tr\u00eas meses para a importa\u00e7\u00e3o de 300 mil toneladas de carne bovina do Brasil e do Paraguai<\/a> como uma alternativa para o redirecionamento das exporta\u00e7\u00f5es.\u00a0<\/p>\n<p>\u201cParte do que a gente <strong>deixou de vender para a Uni\u00e3o Europeia vai para os Estados Unidos<\/strong>, que est\u00e3o precisando de carne. Os Estados Unidos est\u00e3o em um ano muito ruim de produ\u00e7\u00e3o e \u00e9 por isso que o <strong>tarifa\u00e7o n\u00e3o entrou para carne bovina<\/strong>\u201d, destaca.\u00a0<\/p>\n<p><strong>Principais estados exportadores de carne bovina em 2025\u00a0<\/strong><\/p>\n<ol>\n<li><strong>Mato Grosso<\/strong> \u2014 822.920 toneladas<\/li>\n<li><strong>S\u00e3o Paulo<\/strong> \u2014 697.145 toneladas<\/li>\n<li><strong>Goi\u00e1s <\/strong>\u2014 431.837 toneladas<\/li>\n<li><strong>Mato Grosso do Sul <\/strong>\u2014 386.259 toneladas<\/li>\n<li><strong>Rond\u00f4nia <\/strong>\u2014 312.878 toneladas<\/li>\n<li><strong>Minas Gerais<\/strong> \u2014 274.884 toneladas<\/li>\n<li><strong>Par\u00e1 <\/strong>\u2014 242.910 toneladas<\/li>\n<li><strong>Tocantins <\/strong>\u2014 137.086 toneladas<\/li>\n<li><strong>Rio Grande do Sul<\/strong> \u2014 96.515 toneladas<\/li>\n<li><strong>Paran\u00e1 <\/strong>\u2014 46.819 toneladas<\/li>\n<\/ol>\n<h2>Impacto no mercado interno<\/h2>\n<p>O professor do <strong>Departamento de Economia da Universidade de Bras\u00edlia (ECO\/<a href=\"https:\/\/www.unb.br\/\">UnB<\/a>)<\/strong>, <strong>Jos\u00e9 Luis Oreiro<\/strong>, avalia que a restri\u00e7\u00e3o europeia pode <strong>pressionar para baixo os pre\u00e7os das carnes de frango e bovina no mercado brasileiro<\/strong>.\u00a0<\/p>\n<p>\u201cO redirecionamento de mais de 100 mil toneladas de carne bovina e 230 mil toneladas de frango, que antes iriam para a Europa, vai <strong>aumentar imediatamente a oferta dispon\u00edvel no mercado interno<\/strong>. O mercado interno brasileiro tem capacidade para absorver esse volume excedente, mas <strong>o aumento da disponibilidade local pressiona as margens de lucro dos frigor\u00edficos e pode resultar em produtos mais baratos nos supermercados<\/strong>\u201d, explica.\u00a0<\/p>\n<p>O especialista em com\u00e9rcio exterior e s\u00f3cio da Barral Parente Pinheiro Advogados, <strong>Celso Figueiredo, tem avalia\u00e7\u00e3o diferente<\/strong>. Para ele, a <strong>suspens\u00e3o n\u00e3o deve provocar impacto significativo nos pre\u00e7os<\/strong> das carnes no mercado interno, diante da <strong>participa\u00e7\u00e3o relativamente pequena da Uni\u00e3o Europeia nas exporta\u00e7\u00f5es <\/strong>brasileiras e da<strong> exist\u00eancia de outros mercados compradores<\/strong>.\u00a0<\/p>\n<p>\u201cTamb\u00e9m tem muita quest\u00e3o do <strong>mercado consumidor interno brasileiro<\/strong> que acaba dando um <strong>direcionamento muito mais forte e direto na din\u00e2mica de pre\u00e7os<\/strong>. Eventualmente, se houver um <strong>aumento no consumo muito maior do que [a oferta] de carne bovina e frango <\/strong>no Brasil, pode ser que assim haja um <strong>aumento de pre\u00e7os <\/strong>aqui no mercado brasileiro\u201d, afirma.\u00a0<\/p>\n<h2>Expectativa de retomada das exporta\u00e7\u00f5es<\/h2>\n<p>Em resposta \u00e0s exig\u00eancias da Uni\u00e3o Europeia, o Brasil adotou, desde 1\u00ba de julho, <strong>novos procedimentos para o controle do uso de antimicrobianos na cadeia de prote\u00ednas e de outros produtos de origem animal<\/strong>.\u00a0<\/p>\n<p>Como mostrou o <a href=\"https:\/\/www.estadao.com.br\/economia\/agronegocios\/producao-de-frango-e-mel-do-brasil-sera-alvo-de-auditoria-sanitaria-da-uniao-europeia\/\" target=\"_blank\">Estad\u00e3o<\/a>, o presidente<strong> Luiz In\u00e1cio Lula da Silva <\/strong>enviou, em 31 de julho, uma carta \u00e0 presidente da Comiss\u00e3o Europeia,<strong> Ursula von der Leyen<\/strong>, na qual pediu a<strong> reinclus\u00e3o do Brasil na lista de fornecedores de carne de frango e mel <\/strong>do bloco <strong>antes da conclus\u00e3o das auditorias<\/strong> europeias sobre o sistema brasileiro de controle de antimicrobianos na produ\u00e7\u00e3o animal.\u00a0<\/p>\n<p>No caso do <strong>frango e do mel<\/strong>, a exclus\u00e3o do Brasil da lista poder\u00e1 ser <strong>revertida em novembro<\/strong>, ap\u00f3s a<strong> conclus\u00e3o da auditoria<\/strong> europeia e a an\u00e1lise dos resultados pelas inst\u00e2ncias competentes.\u00a0<\/p>\n<p>J\u00e1 para a<strong> carne bovina<\/strong>, o per\u00edodo de restri\u00e7\u00e3o pode ser <strong>mais longo<\/strong>. O produto brasileiro pode permanecer<strong> fora do mercado europeu at\u00e9 meados de 2028<\/strong>, em raz\u00e3o do tempo necess\u00e1rio para adapta\u00e7\u00e3o da cadeia \u00e0s novas exig\u00eancias. O <strong>ciclo de vida dos bovinos pode durar de 24 a 36 meses<\/strong>. Por isso, ainda <strong>n\u00e3o h\u00e1 previs\u00e3o de uma auditoria europeia espec\u00edfica<\/strong>, j\u00e1 que o Brasil ainda n\u00e3o teria animais com o ciclo completo ap\u00f3s a ado\u00e7\u00e3o do novo protocolo.\u00a0<\/p>\n<h2>Associa\u00e7\u00f5es do setor de carnes<\/h2>\n<p><strong>Associa\u00e7\u00f5es brasileiras do setor de carnes <\/strong>demonstram <strong>preocupa\u00e7\u00e3o<\/strong> com a<strong> interrup\u00e7\u00e3o das exporta\u00e7\u00f5es de produtos de origem animal do Brasil para a Uni\u00e3o Europeia<\/strong>.<\/p>\n<p>Em nota, a <strong>ABIEC <\/strong>informou que atua em conjunto com os demais elos da cadeia produtiva e presta <strong>suporte t\u00e9cnico ao Minist\u00e9rio da Agricultura e Pecu\u00e1ria (<a href=\"https:\/\/www.gov.br\/agricultura\/pt-br\" target=\"_blank\">Mapa<\/a>)<\/strong>, autoridade sanit\u00e1ria brasileira respons\u00e1vel pelas negocia\u00e7\u00f5es com as autoridades europeias.\u00a0<\/p>\n<p>No \u00e2mbito da <strong>iniciativa privada<\/strong>, a entidade informou ter desenvolvido, em conjunto com a <strong>Associa\u00e7\u00e3o Brasileira das Empresas de Certifica\u00e7\u00e3o por Auditoria e Rastreabilidade (<a href=\"https:\/\/abcar.agr.br\/\" target=\"_blank\">ABCAR<\/a>)<\/strong> e a <strong>Confedera\u00e7\u00e3o da Agricultura e Pecu\u00e1ria do Brasil (<a href=\"https:\/\/cnabrasil.org.br\/\" target=\"_blank\">CNA<\/a>)<\/strong>, um <strong>protocolo privado de controle do uso de antimicrobianos<\/strong>.\u00a0<\/p>\n<p>\u201cO protocolo, que faz parte das garantias oficiais brasileiras, <strong>j\u00e1 est\u00e1 em processo de execu\u00e7\u00e3o junto \u00e0 cadeia<\/strong>, sendo que 100% das empresas associadas \u00e0 ABIEC e habilitadas ao mercado europeu est\u00e3o aderidas\u201d, informa.\u00a0<\/p>\n<p>A <a href=\"https:\/\/abpa-br.org\/\" target=\"_blank\"><strong>ABPA<\/strong><\/a>, por sua vez, informou em nota que <strong>acompanha, junto ao governo brasileiro, o andamento da miss\u00e3o europeia<\/strong> respons\u00e1vel por inspecionar o sistema brasileiro de<strong> produ\u00e7\u00e3o de carne de frango<\/strong>. Segundo a entidade, o <strong>trabalho tem ocorrido de forma satisfat\u00f3ria<\/strong> at\u00e9 o momento.\u00a0<\/p>\n<p>A entidade ressalta ainda que a <strong>avicultura brasileira j\u00e1 atende integralmente aos requisitos estabelecidos pela UE<\/strong> para a importa\u00e7\u00e3o de carne de frango.\u00a0<\/p>\n<h2>Mercados alternativos<\/h2>\n<p>Entre os <strong>poss\u00edveis destinos para os volumes que deixarem de ser enviados \u00e0 Uni\u00e3o Europeia<\/strong>, Jos\u00e9 Luis Oreiro cita <strong>China e Estados Unidos<\/strong>, que, segundo ele, t\u00eam capacidade e escala para absorver parte da oferta excedente.\u00a0<\/p>\n<p>\u201cOutra alternativa \u00e9 o <strong>Oriente M\u00e9dio<\/strong>, um mercado com forte poder de compra, que j\u00e1 representa uma grande fatia das exporta\u00e7\u00f5es de frango e carne bovina brasileira, especialmente em opera\u00e7\u00f5es com <strong>certifica\u00e7\u00e3o halal<\/strong>\u201d, sugere.\u00a0<\/p>\n<p>Celso Figueiredo tamb\u00e9m aponta a <strong>\u00c1sia <\/strong>como uma <strong>alternativa<\/strong>, diante do crescimento das exporta\u00e7\u00f5es brasileiras para a regi\u00e3o nos \u00faltimos anos.\u00a0<\/p>\n<p>\u201c<strong>Vietn\u00e3 <\/strong>abriu mercado para carne em 2025. Existe uma expectativa de exportar cada vez mais para a <strong>Indon\u00e9sia<\/strong>. Existe uma expectativa de abrir o<strong> mercado japon\u00eas<\/strong>. Mas eu diria que <strong>nada seria de<\/strong> <strong>curto prazo<\/strong> no caso desses pa\u00edses asi\u00e1ticos. O mais prov\u00e1vel \u00e9 o redirecionamento para <strong>pa\u00edses que j\u00e1 t\u00eam uma previsibilidade de cota ou de abertura comercial imediata<\/strong>, al\u00e9m do <strong>pr\u00f3prio mercado brasileiro<\/strong>\u201d, afirma.\u00a0<\/p>\n<p>Em nota, a ABIEC ressalta que a <strong>carne bovina brasileira continuar\u00e1 sendo comercializada nos mercados para os quais o pa\u00eds est\u00e1 habilitado<\/strong>. A entidade afirma ainda que <strong>n\u00e3o h\u00e1 previs\u00e3o de substitui\u00e7\u00e3o autom\u00e1tica do mercado europeu<\/strong>, uma vez que <strong>cada destino possui demandas espec\u00edficas<\/strong> por produtos e cortes.\u00a0<\/p>\n<p>\u201cA prioridade da ABIEC \u00e9 contribuir para que esse <strong>fluxo comercial seja restabelecido<\/strong> no menor prazo poss\u00edvel, preservando a diversifica\u00e7\u00e3o dos destinos, a competitividade da cadeia e a presen\u00e7a internacional da carne bovina brasileira\u201d, conclui.\u00a0<\/p>\n<p><strong>VEJA MAIS:<\/strong><\/p>\n<ul>\n<li><a href=\"https:\/\/brasil61.com\/n\/boi-gordo-hoje-confira-cotacoes-para-esta-quinta-feira-3-pagr266507\" target=\"_blank\">Boi gordo hoje: confira cota\u00e7\u00f5es para esta quinta-feira (3)<\/a><\/li>\n<li><a href=\"https:\/\/brasil61.com\/n\/ccj-do-senado-aprova-proposta-que-acaba-com-escala-6x1-bras2617060\" target=\"_blank\">CCJ do Senado aprova proposta que acaba com escala 6&#215;1<\/a><\/li>\n<\/ul>\n<p>\t\t\t\t\t\t\t\t\t\t<img loading=\"lazy\" decoding=\"async\" src=\"https:\/\/brasil61.com\/api\/v1\/serve_pixel\/17677\/91402\" alt=\"Pixel Brasil 61\" class=\"b61_pixel\" width=\"0\" height=\"0\"><\/p>\n<input type=\"hidden\" id=\"baseurl\" value=\"https:\/\/noticiasdestaque.com.br\"><input type=\"hidden\" id=\"audio_nonce\" value=\"bebeb23d5e\">","protected":false},"excerpt":{"rendered":"<p>Bloco europeu comprou US$ 1,8 bilh\u00e3o em produtos de origem animal do Brasil em 2025; setor tenta redirecionar vendas<\/p>\n","protected":false},"author":1,"featured_media":55119,"comment_status":"open","ping_status":"open","sticky":false,"template":"","format":"standard","meta":{"fifu_image_url":"","fifu_image_alt":"","footnotes":""},"categories":[59],"tags":[],"class_list":["post-55118","post","type-post","status-publish","format-standard","has-post-thumbnail","hentry","category-economia"],"distributor_meta":false,"distributor_terms":false,"distributor_media":false,"distributor_original_site_name":"Noticias em Destaque","distributor_original_site_url":"https:\/\/noticiasdestaque.com.br","push-errors":false,"_links":{"self":[{"href":"https:\/\/noticiasdestaque.com.br\/index.php\/wp-json\/wp\/v2\/posts\/55118","targetHints":{"allow":["GET"]}}],"collection":[{"href":"https:\/\/noticiasdestaque.com.br\/index.php\/wp-json\/wp\/v2\/posts"}],"about":[{"href":"https:\/\/noticiasdestaque.com.br\/index.php\/wp-json\/wp\/v2\/types\/post"}],"author":[{"embeddable":true,"href":"https:\/\/noticiasdestaque.com.br\/index.php\/wp-json\/wp\/v2\/users\/1"}],"replies":[{"embeddable":true,"href":"https:\/\/noticiasdestaque.com.br\/index.php\/wp-json\/wp\/v2\/comments?post=55118"}],"version-history":[{"count":0,"href":"https:\/\/noticiasdestaque.com.br\/index.php\/wp-json\/wp\/v2\/posts\/55118\/revisions"}],"wp:featuredmedia":[{"embeddable":true,"href":"https:\/\/noticiasdestaque.com.br\/index.php\/wp-json\/wp\/v2\/media\/55119"}],"wp:attachment":[{"href":"https:\/\/noticiasdestaque.com.br\/index.php\/wp-json\/wp\/v2\/media?parent=55118"}],"wp:term":[{"taxonomy":"category","embeddable":true,"href":"https:\/\/noticiasdestaque.com.br\/index.php\/wp-json\/wp\/v2\/categories?post=55118"},{"taxonomy":"post_tag","embeddable":true,"href":"https:\/\/noticiasdestaque.com.br\/index.php\/wp-json\/wp\/v2\/tags?post=55118"}],"curies":[{"name":"wp","href":"https:\/\/api.w.org\/{rel}","templated":true}]}}