{"id":55116,"date":"2026-09-03T04:55:00","date_gmt":"2026-09-03T07:55:00","guid":{"rendered":"https:\/\/noticiasdestaque.com.br\/index.php\/2026\/09\/03\/vigindustria-brasil-saude-dos-trabalhadores-da-industria-acende-alerta-para-sedentarismo-e-estresse\/"},"modified":"2026-09-03T04:55:00","modified_gmt":"2026-09-03T07:55:00","slug":"vigindustria-brasil-saude-dos-trabalhadores-da-industria-acende-alerta-para-sedentarismo-e-estresse","status":"publish","type":"post","link":"https:\/\/noticiasdestaque.com.br\/index.php\/2026\/09\/03\/vigindustria-brasil-saude-dos-trabalhadores-da-industria-acende-alerta-para-sedentarismo-e-estresse\/","title":{"rendered":"VigInd\u00fastria Brasil: sa\u00fade dos trabalhadores da ind\u00fastria acende alerta para sedentarismo e estresse"},"content":{"rendered":"<p>\t\t\t\t\t\t\t\t\t\t\t<audio controls class=\"b61_audio_player\" data-noticia=\"91394\" src=\"https:\/\/brasil61.com\/rails\/active_storage\/blobs\/eyJfcmFpbHMiOnsibWVzc2FnZSI6IkJBaHBBd0pjQkE9PSIsImV4cCI6bnVsbCwicHVyIjoiYmxvYl9pZCJ9fQ==--d77d3fb04c5644728f49b940bff81b89b21fbfb1\/PIND264807A\"><\/audio><\/p>\n<p><strong>Quase metade dos trabalhadores da ind\u00fastria brasileira n\u00e3o pratica atividade f\u00edsica nos momentos de lazer. Al\u00e9m disso, um em cada cinco profissionais relata n\u00edvel elevado de estresse. <\/strong>\u00c9 o que revela o <a href=\"https:\/\/static.portaldaindustria.com.br\/portaldaindustria\/noticias\/media\/filer_public\/fc\/83\/fc836c73-55b5-4ed7-9e4c-13a54a95786c\/relatorio_vigindustria_-_conecta_saude_2026.pdf\" target=\"_blank\">VigInd\u00fastria Brasil<\/a> &#8211; levantamento do Servi\u00e7o Social da Ind\u00fastria <a href=\"https:\/\/sesi.portaldaindustria.com.br\/para-voce\" target=\"_blank\">(SESI)<\/a> divulgado na ter\u00e7a-feira (1\u00ba), durante o Conecta Sa\u00fade 2026, em S\u00e3o Paulo.<\/p>\n<p><strong>O estudo tamb\u00e9m aponta que 71% dos trabalhadores consomem poucas frutas e hortali\u00e7as. Entre os entrevistados, cerca de 34% passam tr\u00eas horas ou mais por dia em computadores, tablets ou celulares durante o tempo de lazer, seja para acessar redes sociais, assistir a filmes ou jogar. <\/strong>Entre os trabalhadores com menos de 30 anos, esse percentual chega a 48%.<\/p>\n<p>A especialista em sa\u00fade integral do SESI, Georgia Matos, chama aten\u00e7\u00e3o para os efeitos da exposi\u00e7\u00e3o prolongada \u00e0s telas entre os trabalhadores mais jovens. Segundo ela, as consequ\u00eancias podem ir al\u00e9m da falta de descanso adequado.<\/p>\n<p>\u201cO que a gente percebeu \u00e9 que os trabalhadores jovens, principalmente, t\u00eam apresentado indicadores de risco relacionados \u00e0 hiper conex\u00e3o, com muito tempo de tela. Isso tem interferido no sono, na qualidade dos relacionamentos e no n\u00edvel de estresse. \u00c9 algo que chamou aten\u00e7\u00e3o, e acho que as ind\u00fastrias precisam ficar muito atentas\u201d, considera. \u00a0<\/p>\n<p><strong>O VigInd\u00fastria \u00e9 realizado em parceria entre o SESI, o Conselho Nacional do SESI (CN-SESI) e o <a href=\"https:\/\/www.gov.br\/saude\/pt-br\" target=\"_blank\">Minist\u00e9rio da Sa\u00fade<\/a>. O levantamento busca identificar fatores de risco e diferentes necessidades dos trabalhadores para orientar empresas na defini\u00e7\u00e3o de prioridades e no planejamento de a\u00e7\u00f5es de promo\u00e7\u00e3o da sa\u00fade e preven\u00e7\u00e3o de doen\u00e7as cr\u00f4nicas.<\/strong><\/p>\n<p>Ainda segundo Georgia Matos, os dados podem ser usados pelas empresas para direcionar a\u00e7\u00f5es a grupos com necessidades espec\u00edficas.<\/p>\n<p>\u201cOs dados precisam chegar \u00e0 tomada de decis\u00e3o. Se identificamos, por exemplo, uma concentra\u00e7\u00e3o maior de determinado fator de risco em uma popula\u00e7\u00e3o, essa informa\u00e7\u00e3o deve ajudar a orientar programas, campanhas, acompanhamento e a\u00e7\u00f5es espec\u00edficas para aquele grupo\u201d, afirma.<\/p>\n<h2>Estresse est\u00e1 entre os pontos de aten\u00e7\u00e3o<\/h2>\n<p><strong>Al\u00e9m do n\u00edvel elevado de estresse, relatado por 20,3% dos trabalhadores, 18,7% afirmaram ter dificuldade para relaxar e aproveitar o tempo de lazer. Entre os menores de 30 anos, a propor\u00e7\u00e3o chega a 21%.<\/strong><\/p>\n<p>Por meio de nota, o diretor administrativo adjunto da Associa\u00e7\u00e3o Nacional de medicina do Trabalho <a href=\"https:\/\/www.anamt.org.br\/portal\/\" target=\"_blank\"><strong>(ANAMT)<\/strong><\/a> Ricardo de Almeida Sebba, afirmou que os dados da pesquisa revelam um ac\u00famulo preocupante de fatores de risco. Para ele, inatividade f\u00edsica, alimenta\u00e7\u00e3o inadequada, excesso de peso, estresse persistente, sono de m\u00e1 qualidade e uso excessivo de telas n\u00e3o atuam isoladamente, j\u00e1 que se somam e potencializam seus efeitos ao longo dos anos.<\/p>\n<p>\u201cEsse conjunto aumenta a probabilidade de obesidade, hipertens\u00e3o arterial, altera\u00e7\u00f5es do colesterol, diabetes tipo 2, doen\u00e7as cardiovasculares, acidente vascular cerebral e alguns tipos de c\u00e2ncer. Tamb\u00e9m favorece perda de condicionamento f\u00edsico, redu\u00e7\u00e3o de for\u00e7a muscular, dores e limita\u00e7\u00f5es osteomusculares. No campo da sa\u00fade mental, pode contribuir para dist\u00farbios do sono, ansiedade, depress\u00e3o e esgotamento profissional\u201d, explica.<\/p>\n<p>\u201cNo ambiente profissional, as consequ\u00eancias podem aparecer como fadiga, menor capacidade de concentra\u00e7\u00e3o e tomada de decis\u00e3o, queda da capacidade para o trabalho, presente\u00edsmo, aumento do absente\u00edsmo, afastamentos prolongados e incapacidade precoce\u201d, complementa Sebba.<\/p>\n<h2>Obesidade lidera entre as doen\u00e7as cr\u00f4nicas<\/h2>\n<p><strong>A obesidade aparece como a condi\u00e7\u00e3o cr\u00f4nica mais frequente entre as investigadas pelo VigInd\u00fastria e est\u00e1 presente em 22,7% dos trabalhadores. Na sequ\u00eancia est\u00e3o os problemas cr\u00f4nicos de coluna, relatados por 19%, o colesterol alto, com 17%, e a hipertens\u00e3o, com 16%.<\/strong><\/p>\n<h2>Clique aqui para ter acesso \u00e0 \u00edntegra do estudo\u00a0<\/h2>\n<p>O levantamento tamb\u00e9m mostra aumento da preval\u00eancia de algumas doen\u00e7as conforme a idade avan\u00e7a. \u00c9 o caso do diabetes, identificado em 5,7% do total de entrevistados. O percentual passa de 3% entre os trabalhadores com menos de 30 anos para 8% na faixa de 40 a 59 anos e chega a 22% entre aqueles com 60 anos ou mais.<\/p>\n<p><strong>VEJA MAIS:<\/strong><\/p>\n<ul>\n<li><a href=\"https:\/\/brasil61.com\/n\/brasil-pode-levar-ate-30-anos-para-compensar-reducao-da-jornada-para-40-horas-semanais-pind264806\" target=\"_blank\">Brasil pode levar at\u00e9 30 anos para compensar redu\u00e7\u00e3o da jornada para 40 horas semanais<\/a><\/li>\n<li><a href=\"https:\/\/brasil61.com\/n\/conecta-saude-2026-debate-integracao-do-cuidado-e-uso-de-dados-na-saude-pind264805\" target=\"_blank\">Conecta Sa\u00fade 2026 debate integra\u00e7\u00e3o do cuidado e uso de dados na sa\u00fade<\/a><\/li>\n<\/ul>\n<p>Ricardo de Almeida Sebba refor\u00e7a que uma vida saud\u00e1vel n\u00e3o exige que todos se tornem atletas, mas requer regularidade e compromisso com h\u00e1bitos sustent\u00e1veis.<\/p>\n<p>\u201cO primeiro passo \u00e9 incorporar o movimento \u00e0 rotina. Para adultos, recomenda-se acumular entre 150 e 300 minutos semanais de atividade f\u00edsica moderada ou entre 75 e 150 minutos de atividade vigorosa, al\u00e9m de exerc\u00edcios de fortalecimento muscular em pelo menos dois dias da semana\u201d, orienta. Por fim, n\u00e3o \u00e9 tecnicamente correto atribuir toda a responsabilidade ao trabalhador. As empresas tamb\u00e9m precisam criar condi\u00e7\u00f5es reais para escolhas saud\u00e1veis\u201d, pontua.<\/p>\n<p>Para o presidente do Conselho Nacional do SESI, Fausto Junior, os resultados podem contribuir para orientar a gest\u00e3o da sa\u00fade dos trabalhadores de acordo com as necessidades identificadas em diferentes regi\u00f5es.<\/p>\n<p>\u201cNesse processo, o SESI desempenha um papel complementar ao Sistema \u00danico de Sa\u00fade (SUS), conforme previsto na Constitui\u00e7\u00e3o e na legisla\u00e7\u00e3o. Pela sua capilaridade e presen\u00e7a no mundo do trabalho, pode somar esfor\u00e7os e ampliar o alcance das a\u00e7\u00f5es de promo\u00e7\u00e3o, preven\u00e7\u00e3o e cuidado junto aos trabalhadores da ind\u00fastria. Essa articula\u00e7\u00e3o entre governo, Sistema Ind\u00fastria e empresas \u00e9 fundamental para transformar conhecimento em melhores condi\u00e7\u00f5es de sa\u00fade e qualidade de vida\u201d, destaca.<\/p>\n<h2>Maioria considera seguran\u00e7a uma prioridade no trabalho<\/h2>\n<p><strong>O levantamento tamb\u00e9m avaliou como os trabalhadores percebem a seguran\u00e7a no ambiente profissional. Para 84% dos entrevistados, a seguran\u00e7a \u00e9 importante para a empresa. Mais de sete em cada dez tamb\u00e9m afirmam que a organiza\u00e7\u00e3o prioriza a preven\u00e7\u00e3o e consideram o ambiente de trabalho seguro.<\/strong><\/p>\n<p>H\u00e1 diferen\u00e7as, por\u00e9m, quando o levantamento considera o treinamento para situa\u00e7\u00f5es de emerg\u00eancia e preven\u00e7\u00e3o de acidentes conforme o porte das empresas. Entre trabalhadores de micro e pequenas ind\u00fastrias, 56% afirmam receber esse tipo de treinamento. Nas m\u00e9dias e grandes empresas, o percentual sobe para 68%.<\/p>\n<h2>VigInd\u00fastria<\/h2>\n<p>O levantamento foi realizado entre julho e dezembro de 2025 e ouviu 57.952 trabalhadores de 825 empresas. Ao todo, foram analisados 33 indicadores, distribu\u00eddos em seis dimens\u00f5es: sociodemogr\u00e1fica; comportamentos de risco; bem-estar mental; morbidade referida; percep\u00e7\u00e3o de sa\u00fade e autocuidado; e cultura de seguran\u00e7a.<\/p>\n<p>A proposta \u00e9 reunir informa\u00e7\u00f5es sobre fatores de risco e necessidades dos profissionais para subsidiar a defini\u00e7\u00e3o de prioridades e o planejamento de medidas de promo\u00e7\u00e3o da sa\u00fade e preven\u00e7\u00e3o de doen\u00e7as.<br \/>\n\u00a0<\/p>\n<p>\t\t\t\t\t\t\t\t\t\t<img loading=\"lazy\" decoding=\"async\" src=\"https:\/\/brasil61.com\/api\/v1\/serve_pixel\/17677\/91394\" alt=\"Pixel Brasil 61\" class=\"b61_pixel\" width=\"0\" height=\"0\"><\/p>\n<input type=\"hidden\" id=\"baseurl\" value=\"https:\/\/noticiasdestaque.com.br\"><input type=\"hidden\" id=\"audio_nonce\" value=\"5e107ffbaa\">","protected":false},"excerpt":{"rendered":"<p>Pesquisa do SESI aponta ainda excesso de tempo de tela entre jovens e obesidade como principal doen\u00e7a cr\u00f4nica<\/p>\n","protected":false},"author":1,"featured_media":55117,"comment_status":"open","ping_status":"open","sticky":false,"template":"","format":"standard","meta":{"fifu_image_url":"","fifu_image_alt":"","footnotes":""},"categories":[51],"tags":[],"class_list":["post-55116","post","type-post","status-publish","format-standard","has-post-thumbnail","hentry","category-saude"],"distributor_meta":false,"distributor_terms":false,"distributor_media":false,"distributor_original_site_name":"Noticias em Destaque","distributor_original_site_url":"https:\/\/noticiasdestaque.com.br","push-errors":false,"_links":{"self":[{"href":"https:\/\/noticiasdestaque.com.br\/index.php\/wp-json\/wp\/v2\/posts\/55116","targetHints":{"allow":["GET"]}}],"collection":[{"href":"https:\/\/noticiasdestaque.com.br\/index.php\/wp-json\/wp\/v2\/posts"}],"about":[{"href":"https:\/\/noticiasdestaque.com.br\/index.php\/wp-json\/wp\/v2\/types\/post"}],"author":[{"embeddable":true,"href":"https:\/\/noticiasdestaque.com.br\/index.php\/wp-json\/wp\/v2\/users\/1"}],"replies":[{"embeddable":true,"href":"https:\/\/noticiasdestaque.com.br\/index.php\/wp-json\/wp\/v2\/comments?post=55116"}],"version-history":[{"count":0,"href":"https:\/\/noticiasdestaque.com.br\/index.php\/wp-json\/wp\/v2\/posts\/55116\/revisions"}],"wp:featuredmedia":[{"embeddable":true,"href":"https:\/\/noticiasdestaque.com.br\/index.php\/wp-json\/wp\/v2\/media\/55117"}],"wp:attachment":[{"href":"https:\/\/noticiasdestaque.com.br\/index.php\/wp-json\/wp\/v2\/media?parent=55116"}],"wp:term":[{"taxonomy":"category","embeddable":true,"href":"https:\/\/noticiasdestaque.com.br\/index.php\/wp-json\/wp\/v2\/categories?post=55116"},{"taxonomy":"post_tag","embeddable":true,"href":"https:\/\/noticiasdestaque.com.br\/index.php\/wp-json\/wp\/v2\/tags?post=55116"}],"curies":[{"name":"wp","href":"https:\/\/api.w.org\/{rel}","templated":true}]}}