{"id":55114,"date":"2026-09-03T04:25:00","date_gmt":"2026-09-03T07:25:00","guid":{"rendered":"https:\/\/noticiasdestaque.com.br\/index.php\/2026\/09\/03\/instalacao-de-data-centers-no-brasil-veja-o-que-preve-projeto-aprovado-pelo-senado\/"},"modified":"2026-09-03T04:25:00","modified_gmt":"2026-09-03T07:25:00","slug":"instalacao-de-data-centers-no-brasil-veja-o-que-preve-projeto-aprovado-pelo-senado","status":"publish","type":"post","link":"https:\/\/noticiasdestaque.com.br\/index.php\/2026\/09\/03\/instalacao-de-data-centers-no-brasil-veja-o-que-preve-projeto-aprovado-pelo-senado\/","title":{"rendered":"Instala\u00e7\u00e3o de data centers no Brasil: veja o que prev\u00ea projeto aprovado pelo Senado"},"content":{"rendered":"<p>\t\t\t\t\t\t\t\t\t\t\t<audio controls class=\"b61_audio_player\" data-noticia=\"91374\" src=\"https:\/\/brasil61.com\/rails\/active_storage\/blobs\/eyJfcmFpbHMiOnsibWVzc2FnZSI6IkJBaHBBKzFiQkE9PSIsImV4cCI6bnVsbCwicHVyIjoiYmxvYl9pZCJ9fQ==--2ff6c9dd15d3521784f82bcf7bdf81a0be382060\/BRAS2617058A\"><\/audio><\/p>\n<p dir=\"ltr\">O Plen\u00e1rio do <a href=\"https:\/\/www12.senado.leg.br\/hpsenado\">Senado<\/a> aprovou na<strong> ter\u00e7a-feira (1\u00ba) o PL 278\/2026<\/strong>, que cria incentivos fiscais para estimular a instala\u00e7\u00e3o de data centers no pa\u00eds. O texto, aprovado sem mudan\u00e7as de m\u00e9rito, segue agora para san\u00e7\u00e3o presidencial.<\/p>\n<p dir=\"ltr\">A proposta institui o<strong> Regime Especial de Tributa\u00e7\u00e3o para Servi\u00e7os de Datacenter (Redata)<\/strong>, que suspende por cinco anos, na compra de equipamentos, o Imposto de Importa\u00e7\u00e3o, o PIS\/Cofins, o PIS\/Cofins-Importa\u00e7\u00e3o e o IPI. A ren\u00fancia tribut\u00e1ria deve chegar a cerca de R$ 5,2 bilh\u00f5es em 2026, caindo para R$ 1 bilh\u00e3o nos dois anos seguintes.<\/p>\n<p dir=\"ltr\">O projeto era uma das prioridades do<strong> esfor\u00e7o concentrado do Congresso<\/strong>, articulado pelo presidente do Senado, Davi Alcolumbre. Relatado pelo senador Cid Gomes (PSB-CE), o texto tramitou em regime de urg\u00eancia depois que a medida provis\u00f3ria que criava o Redata perdeu a validade sem ser votada.<\/p>\n<p dir=\"ltr\">Segundo o<a href=\"https:\/\/www.gov.br\/fazenda\/pt-br\"> Minist\u00e9rio da Fazenda<\/a>, cerca de 60% dos dados e da intelig\u00eancia artificial usados no Brasil ainda s\u00e3o processados no exterior, em boa parte por causa dos custos tribut\u00e1rios mais altos no pa\u00eds, depend\u00eancia que o programa busca reduzir.<\/p>\n<h2 dir=\"ltr\">Quem pode participar e quais s\u00e3o as contrapartidas<\/h2>\n<p dir=\"ltr\">Podem aderir ao <strong>Redata <\/strong>os centros de processamento voltados a computa\u00e7\u00e3o em nuvem, processamento de alto desempenho e uso de intelig\u00eancia artificial, entre outras finalidades, mediante autoriza\u00e7\u00e3o do Minist\u00e9rio da Fazenda. Como contrapartida, as empresas ter\u00e3o de:<\/p>\n<ul dir=\"ltr\">\n<li>usar energia de fonte renov\u00e1vel ou de baixa emiss\u00e3o;<\/li>\n<li>direcionar ao mercado interno pelo menos 10% do fornecimento efetivo de processamento e armazenagem;<\/li>\n<li>manter \u00cdndice de Efici\u00eancia H\u00eddrica de resfriamento igual ou inferior a 0,05 litro de \u00e1gua por kWh;<\/li>\n<li>investir no pa\u00eds o equivalente a 2% do valor dos produtos comprados com o benef\u00edcio fiscal;<\/li>\n<li>publicar relat\u00f3rio anual de sustentabilidade das instala\u00e7\u00f5es.<\/li>\n<\/ul>\n<p dir=\"ltr\">Empresas instaladas nas regi\u00f5es <strong>Norte<\/strong>, <strong>Nordeste<\/strong>, <strong>Centro-Oeste<\/strong> ou em \u00e1reas de ag\u00eancias de desenvolvimento regional podem ter essas exig\u00eancias reduzidas para 8% e 1,6%, respectivamente.<\/p>\n<h2 dir=\"ltr\">Exce\u00e7\u00f5es e puni\u00e7\u00f5es<\/h2>\n<p dir=\"ltr\">A suspens\u00e3o de impostos n\u00e3o vale para componentes tamb\u00e9m fabricados na <strong>Zona Franca de Manaus<\/strong>\u00a0e o benef\u00edcio do Imposto de Importa\u00e7\u00e3o se aplica s\u00f3 a produtos sem equivalente nacional. Empresas que descumprirem os compromissos ter\u00e3o de pagar os tributos suspensos, com juros e multa, podendo perder a habilita\u00e7\u00e3o ao regime. O acompanhamento ficar\u00e1 a cargo do <strong>Minist\u00e9rio do Desenvolvimento<\/strong>, <strong>Ind\u00fastria<\/strong>, <strong>Com\u00e9rcio<\/strong> e <strong>Servi\u00e7os<\/strong> e do <strong>Minist\u00e9rio da Fazenda<\/strong>.<\/p>\n<p>\t\t\t\t\t\t\t\t\t\t<img loading=\"lazy\" decoding=\"async\" src=\"https:\/\/brasil61.com\/api\/v1\/serve_pixel\/17677\/91374\" alt=\"Pixel Brasil 61\" class=\"b61_pixel\" width=\"0\" height=\"0\"><\/p>\n<input type=\"hidden\" id=\"baseurl\" value=\"https:\/\/noticiasdestaque.com.br\"><input type=\"hidden\" id=\"audio_nonce\" value=\"5e107ffbaa\">","protected":false},"excerpt":{"rendered":"<p>Texto institui o Redata, com suspens\u00e3o de impostos na compra de equipamentos por cinco anos; contrapartidas incluem uso de energia limpa e investimento m\u00ednimo no pa\u00eds<\/p>\n","protected":false},"author":1,"featured_media":55115,"comment_status":"open","ping_status":"open","sticky":false,"template":"","format":"standard","meta":{"fifu_image_url":"","fifu_image_alt":"","footnotes":""},"categories":[48],"tags":[],"class_list":["post-55114","post","type-post","status-publish","format-standard","has-post-thumbnail","hentry","category-mundo"],"distributor_meta":false,"distributor_terms":false,"distributor_media":false,"distributor_original_site_name":"Noticias em Destaque","distributor_original_site_url":"https:\/\/noticiasdestaque.com.br","push-errors":false,"_links":{"self":[{"href":"https:\/\/noticiasdestaque.com.br\/index.php\/wp-json\/wp\/v2\/posts\/55114","targetHints":{"allow":["GET"]}}],"collection":[{"href":"https:\/\/noticiasdestaque.com.br\/index.php\/wp-json\/wp\/v2\/posts"}],"about":[{"href":"https:\/\/noticiasdestaque.com.br\/index.php\/wp-json\/wp\/v2\/types\/post"}],"author":[{"embeddable":true,"href":"https:\/\/noticiasdestaque.com.br\/index.php\/wp-json\/wp\/v2\/users\/1"}],"replies":[{"embeddable":true,"href":"https:\/\/noticiasdestaque.com.br\/index.php\/wp-json\/wp\/v2\/comments?post=55114"}],"version-history":[{"count":0,"href":"https:\/\/noticiasdestaque.com.br\/index.php\/wp-json\/wp\/v2\/posts\/55114\/revisions"}],"wp:featuredmedia":[{"embeddable":true,"href":"https:\/\/noticiasdestaque.com.br\/index.php\/wp-json\/wp\/v2\/media\/55115"}],"wp:attachment":[{"href":"https:\/\/noticiasdestaque.com.br\/index.php\/wp-json\/wp\/v2\/media?parent=55114"}],"wp:term":[{"taxonomy":"category","embeddable":true,"href":"https:\/\/noticiasdestaque.com.br\/index.php\/wp-json\/wp\/v2\/categories?post=55114"},{"taxonomy":"post_tag","embeddable":true,"href":"https:\/\/noticiasdestaque.com.br\/index.php\/wp-json\/wp\/v2\/tags?post=55114"}],"curies":[{"name":"wp","href":"https:\/\/api.w.org\/{rel}","templated":true}]}}