{"id":55093,"date":"2026-09-02T18:20:00","date_gmt":"2026-09-02T21:20:00","guid":{"rendered":"https:\/\/noticiasdestaque.com.br\/index.php\/2026\/09\/02\/o-tempo-e-a-temperatura-sudeste-tem-quinta-feira-fria-em-belo-horizonte-e-tempo-mais-estavel-no-rio-e-no-espirito-santo\/"},"modified":"2026-09-02T18:20:00","modified_gmt":"2026-09-02T21:20:00","slug":"o-tempo-e-a-temperatura-sudeste-tem-quinta-feira-fria-em-belo-horizonte-e-tempo-mais-estavel-no-rio-e-no-espirito-santo","status":"publish","type":"post","link":"https:\/\/noticiasdestaque.com.br\/index.php\/2026\/09\/02\/o-tempo-e-a-temperatura-sudeste-tem-quinta-feira-fria-em-belo-horizonte-e-tempo-mais-estavel-no-rio-e-no-espirito-santo\/","title":{"rendered":"O TEMPO E A TEMPERATURA: Sudeste tem quinta-feira fria em Belo Horizonte e tempo mais est\u00e1vel no Rio e no Esp\u00edrito Santo"},"content":{"rendered":"<p>\t\t\t\t\t\t\t\t\t\t\t<audio controls class=\"b61_audio_player\" data-noticia=\"91378\" src=\"https:\/\/brasil61.com\/rails\/active_storage\/blobs\/eyJfcmFpbHMiOnsibWVzc2FnZSI6IkJBaHBBL1piQkE9PSIsImV4cCI6bnVsbCwicHVyIjoiYmxvYl9pZCJ9fQ==--84895c226c49b0411f5aef5fadb80d676e12be43\/PTSD264547A\"><\/audio><\/p>\n<p>De acordo com o <a href=\"https:\/\/portal.inmet.gov.br\/\">INMET<\/a>, a <strong>quinta-feira (3)<\/strong> no <strong>Sudeste<\/strong> traz um cen\u00e1rio de transi\u00e7\u00e3o, com melhora gradual do tempo em parte da regi\u00e3o.<\/p>\n<p><strong>Belo Horizonte (MG)<\/strong> tem a menor m\u00ednima entre as capitais do <strong>Sudeste<\/strong>, com <strong>12\u00b0C<\/strong>, e m\u00e1xima de <strong>27\u00b0C<\/strong>, sob c\u00e9u com muitas nuvens ao longo do dia.<\/p>\n<p>O <strong>Rio de Janeiro (RJ)<\/strong> tem tempo mais est\u00e1vel, com poucas nuvens em todos os per\u00edodos, m\u00ednima de <strong>18\u00b0C <\/strong>e m\u00e1xima de <strong>28\u00b0C<\/strong>. <strong>Vit\u00f3ria (ES)<\/strong> fica entre <strong>18\u00b0C<\/strong> e <strong>28\u00b0C<\/strong>, ainda com muitas nuvens e possibilidade de chuva isolada ao longo do dia.<\/p>\n<p>Os ventos no <strong>Rio de Janeiro<\/strong> sopram de fracos a moderados, com rajadas pela manh\u00e3, enquanto em <strong>Belo Horizonte <\/strong>as rajadas ocorrem principalmente no per\u00edodo da manh\u00e3.<\/p>\n<p>O <strong>INMET<\/strong> destaca a queda acentuada da temperatura m\u00ednima em <strong>Belo Horizonte,<\/strong> resultado do ar mais seco e frio que ainda influencia o interior de <strong>Minas Gerais<\/strong>, mesmo com a melhora observada no restante da regi\u00e3o.<\/p>\n<h2><strong>5 motivos para acompanhar as previs\u00f5es do tempo<\/strong><\/h2>\n<ul>\n<li>Agricultura: garantia de uma boa colheita;<\/li>\n<li>Marinha: prote\u00e7\u00e3o de marinheiros, navios e passageiros;<\/li>\n<li>Aeron\u00e1utica: seguran\u00e7a de pilotos, aeronaves e passageiros;<\/li>\n<li>Pesca: condi\u00e7\u00f5es favor\u00e1veis e seguras para a atividade;<\/li>\n<li>Turismo: garantia de passeios e viagens tranquilas e agrad\u00e1veis.<\/li>\n<\/ul>\n<h2><strong>Import\u00e2ncia das observa\u00e7\u00f5es meteorol\u00f3gicas no INMET<\/strong><\/h2>\n<p>As observa\u00e7\u00f5es meteorol\u00f3gicas do INMET s\u00e3o essenciais para previs\u00f5es em tempo real, estat\u00edsticas clim\u00e1ticas e coopera\u00e7\u00e3o internacional. Esses dados precisos ajudam a estudar o clima passado e a produzir Normais Climatol\u00f3gicas conforme a Organiza\u00e7\u00e3o Meteorol\u00f3gica Mundial (<a href=\"https:\/\/worldweather.wmo.int\/pt\/home.html\">OMM<\/a>).<\/p>\n<p data-end=\"305\" data-start=\"0\"><strong>As informa\u00e7\u00f5es s\u00e3o do Instituto Nacional de Meteorologia (<a href=\"https:\/\/portal.inmet.gov.br\/\">Inmet<\/a>).<\/strong><\/p>\n<p>\t\t\t\t\t\t\t\t\t\t<img loading=\"lazy\" decoding=\"async\" src=\"https:\/\/brasil61.com\/api\/v1\/serve_pixel\/17677\/91378\" alt=\"Pixel Brasil 61\" class=\"b61_pixel\" width=\"0\" height=\"0\"><\/p>\n<input type=\"hidden\" id=\"baseurl\" value=\"https:\/\/noticiasdestaque.com.br\"><input type=\"hidden\" id=\"audio_nonce\" value=\"5e107ffbaa\">","protected":false},"excerpt":{"rendered":"<p>BH tem m\u00ednima de 12\u00b0C, enquanto Rio de Janeiro e Vit\u00f3ria t\u00eam c\u00e9u mais aberto<\/p>\n","protected":false},"author":1,"featured_media":55094,"comment_status":"open","ping_status":"open","sticky":false,"template":"","format":"standard","meta":{"fifu_image_url":"","fifu_image_alt":"","footnotes":""},"categories":[58],"tags":[],"class_list":["post-55093","post","type-post","status-publish","format-standard","has-post-thumbnail","hentry","category-cotidiano"],"distributor_meta":false,"distributor_terms":false,"distributor_media":false,"distributor_original_site_name":"Noticias em Destaque","distributor_original_site_url":"https:\/\/noticiasdestaque.com.br","push-errors":false,"_links":{"self":[{"href":"https:\/\/noticiasdestaque.com.br\/index.php\/wp-json\/wp\/v2\/posts\/55093","targetHints":{"allow":["GET"]}}],"collection":[{"href":"https:\/\/noticiasdestaque.com.br\/index.php\/wp-json\/wp\/v2\/posts"}],"about":[{"href":"https:\/\/noticiasdestaque.com.br\/index.php\/wp-json\/wp\/v2\/types\/post"}],"author":[{"embeddable":true,"href":"https:\/\/noticiasdestaque.com.br\/index.php\/wp-json\/wp\/v2\/users\/1"}],"replies":[{"embeddable":true,"href":"https:\/\/noticiasdestaque.com.br\/index.php\/wp-json\/wp\/v2\/comments?post=55093"}],"version-history":[{"count":0,"href":"https:\/\/noticiasdestaque.com.br\/index.php\/wp-json\/wp\/v2\/posts\/55093\/revisions"}],"wp:featuredmedia":[{"embeddable":true,"href":"https:\/\/noticiasdestaque.com.br\/index.php\/wp-json\/wp\/v2\/media\/55094"}],"wp:attachment":[{"href":"https:\/\/noticiasdestaque.com.br\/index.php\/wp-json\/wp\/v2\/media?parent=55093"}],"wp:term":[{"taxonomy":"category","embeddable":true,"href":"https:\/\/noticiasdestaque.com.br\/index.php\/wp-json\/wp\/v2\/categories?post=55093"},{"taxonomy":"post_tag","embeddable":true,"href":"https:\/\/noticiasdestaque.com.br\/index.php\/wp-json\/wp\/v2\/tags?post=55093"}],"curies":[{"name":"wp","href":"https:\/\/api.w.org\/{rel}","templated":true}]}}