{"id":55091,"date":"2026-09-02T18:10:00","date_gmt":"2026-09-02T21:10:00","guid":{"rendered":"https:\/\/noticiasdestaque.com.br\/index.php\/2026\/09\/02\/o-tempo-e-a-temperatura-norte-tem-quinta-feira-de-calor-forte-e-chuva-isolada-a-tarde-e-a-noite\/"},"modified":"2026-09-02T18:10:00","modified_gmt":"2026-09-02T21:10:00","slug":"o-tempo-e-a-temperatura-norte-tem-quinta-feira-de-calor-forte-e-chuva-isolada-a-tarde-e-a-noite","status":"publish","type":"post","link":"https:\/\/noticiasdestaque.com.br\/index.php\/2026\/09\/02\/o-tempo-e-a-temperatura-norte-tem-quinta-feira-de-calor-forte-e-chuva-isolada-a-tarde-e-a-noite\/","title":{"rendered":"O TEMPO E A TEMPERATURA: Norte tem quinta-feira de calor forte e chuva isolada \u00e0 tarde e \u00e0 noite"},"content":{"rendered":"<p>\t\t\t\t\t\t\t\t\t\t\t<audio controls class=\"b61_audio_player\" data-noticia=\"91375\" src=\"https:\/\/brasil61.com\/rails\/active_storage\/blobs\/eyJfcmFpbHMiOnsibWVzc2FnZSI6IkJBaHBBL2xiQkE9PSIsImV4cCI6bnVsbCwicHVyIjoiYmxvYl9pZCJ9fQ==--29f94663731b625c0dc610a65765f85d9464bad3\/PTRN264911A\"><\/audio><\/p>\n<p>De acordo com o <a href=\"https:\/\/portal.inmet.gov.br\/\">INMET<\/a>, a <strong>quinta-feira (3)<\/strong> na <strong>Regi\u00e3o Norte<\/strong> mant\u00e9m o calor elevado, mas com c\u00e9u mais carregado e chance de chuva isolada na maioria das capitais.<\/p>\n<p><strong>Manaus (AM)<\/strong> tem a maior m\u00ednima da regi\u00e3o, com <strong>27\u00b0C<\/strong>, e m\u00e1xima de <strong>37\u00b0C<\/strong>, com muitas nuvens e possibilidade de pancadas ao longo de todo o dia. <strong>Porto Velho (RO)<\/strong> chega a <strong>38\u00b0C<\/strong> de m\u00e1xima, com m\u00ednima de <strong>24\u00b0C<\/strong>, tamb\u00e9m com chuva isolada em todos os per\u00edodos.<\/p>\n<p><strong>Rio Branco (AC) <\/strong>fica entre<strong> 23\u00b0C<\/strong> e <strong>37\u00b0C<\/strong>, seguindo o mesmo padr\u00e3o de instabilidade. <strong>Boa Vista (RR)<\/strong> tem m\u00ednima de <strong>26\u00b0C<\/strong> e m\u00e1xima de <strong>35\u00b0C<\/strong>, com nebulosidade e chuva poss\u00edvel desde a manh\u00e3.<\/p>\n<p><strong>Bel\u00e9m (PA)<\/strong> varia entre <strong>24\u00b0C <\/strong>e <strong>34\u00b0C<\/strong>, e <strong>Macap\u00e1 (AP)<\/strong> entre <strong>25\u00b0C <\/strong>e <strong>33\u00b0C<\/strong>, ambas com muitas nuvens ao longo do dia e chance de chuva isolada \u00e0 noite.<\/p>\n<p>Os ventos seguem fracos a moderados, predominantemente dos quadrantes leste e nordeste.<\/p>\n<p>O <strong>INMET<\/strong> recomenda aten\u00e7\u00e3o a pancadas de chuva r\u00e1pidas no fim do dia, al\u00e9m dos cuidados de sempre com o calor e a exposi\u00e7\u00e3o solar durante a tarde.<\/p>\n<h2><strong>5 motivos para acompanhar as previs\u00f5es do tempo<\/strong><\/h2>\n<ul>\n<li>Agricultura: garantia de uma boa colheita;<\/li>\n<li>Marinha: prote\u00e7\u00e3o de marinheiros, navios e passageiros;<\/li>\n<li>Aeron\u00e1utica: seguran\u00e7a de pilotos, aeronaves e passageiros;<\/li>\n<li>Pesca: condi\u00e7\u00f5es favor\u00e1veis e seguras para a atividade;<\/li>\n<li>Turismo: garantia de passeios e viagens tranquilas e agrad\u00e1veis.<\/li>\n<\/ul>\n<h2><strong>Import\u00e2ncia das observa\u00e7\u00f5es meteorol\u00f3gicas no INMET<\/strong><\/h2>\n<p>As observa\u00e7\u00f5es meteorol\u00f3gicas do INMET s\u00e3o essenciais para previs\u00f5es em tempo real, estat\u00edsticas clim\u00e1ticas e coopera\u00e7\u00e3o internacional. Esses dados precisos ajudam a estudar o clima passado e a produzir Normais Climatol\u00f3gicas conforme a Organiza\u00e7\u00e3o Meteorol\u00f3gica Mundial (<a href=\"https:\/\/worldweather.wmo.int\/pt\/home.html\">OMM<\/a>).<\/p>\n<p data-end=\"305\" data-start=\"0\"><strong>As informa\u00e7\u00f5es s\u00e3o do Instituto Nacional de Meteorologia (<a href=\"https:\/\/portal.inmet.gov.br\/\">Inmet<\/a>).<\/strong><\/p>\n<p>\t\t\t\t\t\t\t\t\t\t<img loading=\"lazy\" decoding=\"async\" src=\"https:\/\/brasil61.com\/api\/v1\/serve_pixel\/17677\/91375\" alt=\"Pixel Brasil 61\" class=\"b61_pixel\" width=\"0\" height=\"0\"><\/p>\n<input type=\"hidden\" id=\"baseurl\" value=\"https:\/\/noticiasdestaque.com.br\"><input type=\"hidden\" id=\"audio_nonce\" value=\"5e107ffbaa\">","protected":false},"excerpt":{"rendered":"<p>Manaus e Porto Velho lideram as m\u00e1ximas da regi\u00e3o, com at\u00e9 38\u00b0C<\/p>\n","protected":false},"author":1,"featured_media":55092,"comment_status":"open","ping_status":"open","sticky":false,"template":"","format":"standard","meta":{"fifu_image_url":"","fifu_image_alt":"","footnotes":""},"categories":[58],"tags":[],"class_list":["post-55091","post","type-post","status-publish","format-standard","has-post-thumbnail","hentry","category-cotidiano"],"distributor_meta":false,"distributor_terms":false,"distributor_media":false,"distributor_original_site_name":"Noticias em Destaque","distributor_original_site_url":"https:\/\/noticiasdestaque.com.br","push-errors":false,"_links":{"self":[{"href":"https:\/\/noticiasdestaque.com.br\/index.php\/wp-json\/wp\/v2\/posts\/55091","targetHints":{"allow":["GET"]}}],"collection":[{"href":"https:\/\/noticiasdestaque.com.br\/index.php\/wp-json\/wp\/v2\/posts"}],"about":[{"href":"https:\/\/noticiasdestaque.com.br\/index.php\/wp-json\/wp\/v2\/types\/post"}],"author":[{"embeddable":true,"href":"https:\/\/noticiasdestaque.com.br\/index.php\/wp-json\/wp\/v2\/users\/1"}],"replies":[{"embeddable":true,"href":"https:\/\/noticiasdestaque.com.br\/index.php\/wp-json\/wp\/v2\/comments?post=55091"}],"version-history":[{"count":0,"href":"https:\/\/noticiasdestaque.com.br\/index.php\/wp-json\/wp\/v2\/posts\/55091\/revisions"}],"wp:featuredmedia":[{"embeddable":true,"href":"https:\/\/noticiasdestaque.com.br\/index.php\/wp-json\/wp\/v2\/media\/55092"}],"wp:attachment":[{"href":"https:\/\/noticiasdestaque.com.br\/index.php\/wp-json\/wp\/v2\/media?parent=55091"}],"wp:term":[{"taxonomy":"category","embeddable":true,"href":"https:\/\/noticiasdestaque.com.br\/index.php\/wp-json\/wp\/v2\/categories?post=55091"},{"taxonomy":"post_tag","embeddable":true,"href":"https:\/\/noticiasdestaque.com.br\/index.php\/wp-json\/wp\/v2\/tags?post=55091"}],"curies":[{"name":"wp","href":"https:\/\/api.w.org\/{rel}","templated":true}]}}