{"id":5509,"date":"2023-03-15T19:22:00","date_gmt":"2023-03-15T19:22:00","guid":{"rendered":"https:\/\/noticiasdestaque.com.br\/index.php\/2023\/03\/15\/inep-divulga-edital-com-regras-do-encceja\/"},"modified":"2023-03-15T19:22:00","modified_gmt":"2023-03-15T19:22:00","slug":"inep-divulga-edital-com-regras-do-encceja","status":"publish","type":"post","link":"https:\/\/noticiasdestaque.com.br\/index.php\/2023\/03\/15\/inep-divulga-edital-com-regras-do-encceja\/","title":{"rendered":"Inep divulga edital com regras do Encceja 2023"},"content":{"rendered":"<style> bloco.meta {font-style: italic; color: #666;font-weight: 600;font-size: .8em; \/* line-height: .3em; *\/}  text h2 { font-weight: 700 !important;  color: #062f46 !important;} text img { width: none; left: none;}<\/style>\n<\/p>\n<p>O Instituto Nacional de Estudos e Pesquisas Educacionais An\u00edsio Teixeira (Inep) publicou hoje (15) o <a href=\"https:\/\/www.in.gov.br\/en\/web\/dou\/-\/edital-n-19-de-13-de-marco-de-2023-470197476\" target=\"_blank\">edital<\/a> com as regras para o Exame Nacional para Certifica\u00e7\u00e3o de Compet\u00eancias de Jovens e Adultos (Encceja) 2023. O exame ser\u00e1 aplicado no dia 27 de agosto em todo o pa\u00eds.<\/p>\n<p>As inscri\u00e7\u00f5es poder\u00e3o ser realizadas entre 22 de maio e 2 de junho, per\u00edodo em que os alunos tamb\u00e9m poder\u00e3o solicitar atendimento especializado no dia da prova. A participa\u00e7\u00e3o \u00e9 volunt\u00e1ria e gratuita.<\/p>\n<p>O exame \u00e9 destinado a jovens e adultos que n\u00e3o conclu\u00edram os estudos na idade apropriada. Para fazer a prova, \u00e9 preciso ter idade m\u00ednima de 15 anos completos no dia da prova para quem cursa o ensino fundamental e 18 anos completos no ensino m\u00e9dio.<\/p>\n<p>Neste ano, o exame ter\u00e1 novidades, como a possibilidade de solicitar um cart\u00e3o-resposta ampliado para quem tem defici\u00eancia visual, corre\u00e7\u00e3o diferenciada da reda\u00e7\u00e3o para autistas. aproveitamento de laudos das provas de 2022 para solicita\u00e7\u00e3o de atendimento especial e dispensa de documenta\u00e7\u00e3o comprobat\u00f3ria para travestis, transexuais ou transg\u00eaneros com nome social cadastrado na Receita Federal.<\/p>\n<h2>Aus\u00eancia<\/h2>\n<p>Entre 3 e 14 de abril, os participantes inscritos que n\u00e3o fizeram as provas aplicadas em 2022 poder\u00e3o justificar aus\u00eancia no exame. A justificativa \u00e9 obrigat\u00f3ria para se inscrever gratuitamente na edi\u00e7\u00e3o deste ano. Quem n\u00e3o justificar ou tiver a justificativa recusada ter\u00e1 que pagar R$ 40 para ressarcir o Inep pelos custos com a elabora\u00e7\u00e3o da prova.<\/p>\n<p class=\"alt-font font-italic my-2 small text-info\">\n                                                Edi\u00e7\u00e3o:   Juliana Andrade                    <\/p>\n<p>            <!-- blog End --><\/p>\n<p>            <!-- tag and share --><\/p>\n<p> Fonte: EBC <\/p>\n<input type=\"hidden\" id=\"baseurl\" value=\"https:\/\/noticiasdestaque.com.br\"><input type=\"hidden\" id=\"audio_nonce\" value=\"581f3017e1\">","protected":false},"excerpt":{"rendered":"<p>Exame ser\u00e1 aplicado no dia 27 de agosto em todo o pa\u00eds<\/p>\n","protected":false},"author":1,"featured_media":5511,"comment_status":"open","ping_status":"open","sticky":false,"template":"","format":"standard","meta":{"fifu_image_url":"","fifu_image_alt":"","footnotes":""},"categories":[1],"tags":[174],"class_list":["post-5509","post","type-post","status-publish","format-standard","has-post-thumbnail","hentry","category-uncategorized","tag-internacao-para-alcoolatras"],"distributor_meta":false,"distributor_terms":false,"distributor_media":false,"distributor_original_site_name":"Noticias em Destaque","distributor_original_site_url":"https:\/\/noticiasdestaque.com.br","push-errors":false,"_links":{"self":[{"href":"https:\/\/noticiasdestaque.com.br\/index.php\/wp-json\/wp\/v2\/posts\/5509","targetHints":{"allow":["GET"]}}],"collection":[{"href":"https:\/\/noticiasdestaque.com.br\/index.php\/wp-json\/wp\/v2\/posts"}],"about":[{"href":"https:\/\/noticiasdestaque.com.br\/index.php\/wp-json\/wp\/v2\/types\/post"}],"author":[{"embeddable":true,"href":"https:\/\/noticiasdestaque.com.br\/index.php\/wp-json\/wp\/v2\/users\/1"}],"replies":[{"embeddable":true,"href":"https:\/\/noticiasdestaque.com.br\/index.php\/wp-json\/wp\/v2\/comments?post=5509"}],"version-history":[{"count":1,"href":"https:\/\/noticiasdestaque.com.br\/index.php\/wp-json\/wp\/v2\/posts\/5509\/revisions"}],"predecessor-version":[{"id":5510,"href":"https:\/\/noticiasdestaque.com.br\/index.php\/wp-json\/wp\/v2\/posts\/5509\/revisions\/5510"}],"wp:featuredmedia":[{"embeddable":true,"href":"https:\/\/noticiasdestaque.com.br\/index.php\/wp-json\/wp\/v2\/media\/5511"}],"wp:attachment":[{"href":"https:\/\/noticiasdestaque.com.br\/index.php\/wp-json\/wp\/v2\/media?parent=5509"}],"wp:term":[{"taxonomy":"category","embeddable":true,"href":"https:\/\/noticiasdestaque.com.br\/index.php\/wp-json\/wp\/v2\/categories?post=5509"},{"taxonomy":"post_tag","embeddable":true,"href":"https:\/\/noticiasdestaque.com.br\/index.php\/wp-json\/wp\/v2\/tags?post=5509"}],"curies":[{"name":"wp","href":"https:\/\/api.w.org\/{rel}","templated":true}]}}