{"id":55089,"date":"2026-09-02T18:00:00","date_gmt":"2026-09-02T21:00:00","guid":{"rendered":"https:\/\/noticiasdestaque.com.br\/index.php\/2026\/09\/02\/o-tempo-e-a-temperatura-nordeste-tem-quinta-feira-nublada-no-litoral-e-calor-extremo-em-teresina-que-pode-chegar-a-41c\/"},"modified":"2026-09-02T18:00:00","modified_gmt":"2026-09-02T21:00:00","slug":"o-tempo-e-a-temperatura-nordeste-tem-quinta-feira-nublada-no-litoral-e-calor-extremo-em-teresina-que-pode-chegar-a-41c","status":"publish","type":"post","link":"https:\/\/noticiasdestaque.com.br\/index.php\/2026\/09\/02\/o-tempo-e-a-temperatura-nordeste-tem-quinta-feira-nublada-no-litoral-e-calor-extremo-em-teresina-que-pode-chegar-a-41c\/","title":{"rendered":"O TEMPO E A TEMPERATURA: Nordeste tem quinta-feira nublada no litoral e calor extremo em Teresina, que pode chegar a 41\u00b0C"},"content":{"rendered":"<p>\t\t\t\t\t\t\t\t\t\t\t<audio controls class=\"b61_audio_player\" data-noticia=\"91376\" src=\"https:\/\/brasil61.com\/rails\/active_storage\/blobs\/eyJfcmFpbHMiOnsibWVzc2FnZSI6IkJBaHBBL2hiQkE9PSIsImV4cCI6bnVsbCwicHVyIjoiYmxvYl9pZCJ9fQ==--0a9b0fe6951d92069eb6fb632fd85da5a01cbc60\/PTND265157A\"><\/audio><\/p>\n<p>Segundo o<a href=\"https:\/\/portal.inmet.gov.br\/\"> INMET<\/a>, a <strong>quinta-feira (3)<\/strong> no <strong>Nordeste<\/strong> ter\u00e1 o litoral dominado por muitas nuvens, com possibilidade de chuva isolada \u00e0 noite na maioria das capitais.<\/p>\n<p><strong>Salvador (BA)<\/strong> tem m\u00ednima de <strong>22\u00b0C<\/strong> e m\u00e1xima de <strong>28\u00b0C<\/strong>, com chance de chuva j\u00e1 a partir da manh\u00e3.<\/p>\n<p><strong>Recife (PE)<\/strong>, <strong>Macei\u00f3 (AL)<\/strong>, <strong>Jo\u00e3o Pessoa (PB)<\/strong>, <strong>Natal (RN)<\/strong> e <strong>Aracaju (SE)<\/strong> seguem o mesmo padr\u00e3o, com nebulosidade ao longo do dia e temperaturas entre <strong>21\u00b0C<\/strong> e <strong>31\u00b0C<\/strong>.<\/p>\n<p><strong>Fortaleza (CE) <\/strong>tem m\u00ednima de<strong> 25\u00b0C <\/strong>e m\u00e1xima de <strong>32\u00b0C<\/strong>, com c\u00e9u mais aberto durante a tarde.<\/p>\n<p><strong>S\u00e3o Lu\u00eds (MA)<\/strong> fica entre <strong>25\u00b0C<\/strong> e <strong>32\u00b0C<\/strong>, com muitas nuvens em todos os per\u00edodos.<\/p>\n<p>J\u00e1 no interior, <strong>Teresina (PI)<\/strong> se destaca com a maior temperatura entre todas as capitais do Brasil nesta quinta-feira: m\u00ednima de <strong>22\u00b0C<\/strong> e m\u00e1xima de <strong>41\u00b0C<\/strong>, sob c\u00e9u com poucas nuvens e baixa umidade, que pode cair a <strong>30%<\/strong>.<\/p>\n<p>O <strong>INMET<\/strong> chama aten\u00e7\u00e3o para o forte contraste entre a faixa litor\u00e2nea, mais amena e nublada, e o sert\u00e3o nordestino, com calor extremo e risco \u00e0 sa\u00fade para quem se exp\u00f5e ao sol sem prote\u00e7\u00e3o.<\/p>\n<p>\t\t\t\t\t\t\t\t\t\t<img loading=\"lazy\" decoding=\"async\" src=\"https:\/\/brasil61.com\/api\/v1\/serve_pixel\/17677\/91376\" alt=\"Pixel Brasil 61\" class=\"b61_pixel\" width=\"0\" height=\"0\"><\/p>\n<input type=\"hidden\" id=\"baseurl\" value=\"https:\/\/noticiasdestaque.com.br\"><input type=\"hidden\" id=\"audio_nonce\" value=\"5e107ffbaa\">","protected":false},"excerpt":{"rendered":"<p>Enquanto a costa tem nuvens e chuva isolada, o Piau\u00ed registra a maior temperatura do Brasil<\/p>\n","protected":false},"author":1,"featured_media":55090,"comment_status":"open","ping_status":"open","sticky":false,"template":"","format":"standard","meta":{"fifu_image_url":"","fifu_image_alt":"","footnotes":""},"categories":[58],"tags":[],"class_list":["post-55089","post","type-post","status-publish","format-standard","has-post-thumbnail","hentry","category-cotidiano"],"distributor_meta":false,"distributor_terms":false,"distributor_media":false,"distributor_original_site_name":"Noticias em Destaque","distributor_original_site_url":"https:\/\/noticiasdestaque.com.br","push-errors":false,"_links":{"self":[{"href":"https:\/\/noticiasdestaque.com.br\/index.php\/wp-json\/wp\/v2\/posts\/55089","targetHints":{"allow":["GET"]}}],"collection":[{"href":"https:\/\/noticiasdestaque.com.br\/index.php\/wp-json\/wp\/v2\/posts"}],"about":[{"href":"https:\/\/noticiasdestaque.com.br\/index.php\/wp-json\/wp\/v2\/types\/post"}],"author":[{"embeddable":true,"href":"https:\/\/noticiasdestaque.com.br\/index.php\/wp-json\/wp\/v2\/users\/1"}],"replies":[{"embeddable":true,"href":"https:\/\/noticiasdestaque.com.br\/index.php\/wp-json\/wp\/v2\/comments?post=55089"}],"version-history":[{"count":0,"href":"https:\/\/noticiasdestaque.com.br\/index.php\/wp-json\/wp\/v2\/posts\/55089\/revisions"}],"wp:featuredmedia":[{"embeddable":true,"href":"https:\/\/noticiasdestaque.com.br\/index.php\/wp-json\/wp\/v2\/media\/55090"}],"wp:attachment":[{"href":"https:\/\/noticiasdestaque.com.br\/index.php\/wp-json\/wp\/v2\/media?parent=55089"}],"wp:term":[{"taxonomy":"category","embeddable":true,"href":"https:\/\/noticiasdestaque.com.br\/index.php\/wp-json\/wp\/v2\/categories?post=55089"},{"taxonomy":"post_tag","embeddable":true,"href":"https:\/\/noticiasdestaque.com.br\/index.php\/wp-json\/wp\/v2\/tags?post=55089"}],"curies":[{"name":"wp","href":"https:\/\/api.w.org\/{rel}","templated":true}]}}