{"id":55081,"date":"2026-09-02T04:55:00","date_gmt":"2026-09-02T07:55:00","guid":{"rendered":"https:\/\/noticiasdestaque.com.br\/index.php\/2026\/09\/02\/brasil-pode-levar-ate-30-anos-para-compensar-reducao-da-jornada-para-40-horas-semanais\/"},"modified":"2026-09-02T04:55:00","modified_gmt":"2026-09-02T07:55:00","slug":"brasil-pode-levar-ate-30-anos-para-compensar-reducao-da-jornada-para-40-horas-semanais","status":"publish","type":"post","link":"https:\/\/noticiasdestaque.com.br\/index.php\/2026\/09\/02\/brasil-pode-levar-ate-30-anos-para-compensar-reducao-da-jornada-para-40-horas-semanais\/","title":{"rendered":"Brasil pode levar at\u00e9 30 anos para compensar redu\u00e7\u00e3o da jornada para 40 horas semanais"},"content":{"rendered":"<p>\t\t\t\t\t\t\t\t\t\t\t<audio controls class=\"b61_audio_player\" data-noticia=\"91361\" src=\"https:\/\/brasil61.com\/rails\/active_storage\/blobs\/eyJfcmFpbHMiOnsibWVzc2FnZSI6IkJBaHBBMGRiQkE9PSIsImV4cCI6bnVsbCwicHVyIjoiYmxvYl9pZCJ9fQ==--11881ad45db02a92b1808fd54652d3495c154a29\/PIND264806A\"><\/audio><\/p>\n<p>O <strong>Brasil <\/strong>pode levar de <strong>17 a 30 anos para acumular o ganho de produtividade <\/strong>necess\u00e1rio para <strong>compensar <\/strong>uma eventual <strong>redu\u00e7\u00e3o da jornada de trabalho para 40 horas semanais<\/strong>. A estimativa consta em um <a href=\"https:\/\/static.portaldaindustria.com.br\/portaldaindustria\/noticias\/media\/filer_public\/7a\/ee\/7aee241e-2df9-4dff-909f-3295b0f76489\/negociacao_coletiva.pdf\" target=\"_blank\">estudo<\/a> da <strong>Confedera\u00e7\u00e3o Nacional da Ind\u00fastria (<a href=\"http:\/\/www.portaldaindustria.com.br\/cni\/\" target=\"_blank\">CNI<\/a>)<\/strong>.\u00a0<\/p>\n<p>A proje\u00e7\u00e3o considera um cen\u00e1rio em que as<strong> empresas mant\u00eam os empregos e os sal\u00e1rios <\/strong>e <strong>absorvem a redu\u00e7\u00e3o das horas trabalhadas sem diminuir a remunera\u00e7\u00e3o<\/strong>. Com a<strong> jornada menor<\/strong> e a <strong>manuten\u00e7\u00e3o dos postos de trabalho e dos sal\u00e1rios<\/strong>, as empresas teriam de<strong> produzir a mesma quantidade em menos tempo<\/strong>.\u00a0<\/p>\n<p>Nesse cen\u00e1rio, o<strong> total de horas trabalhadas cairia <\/strong>cerca de<strong> 7,8%<\/strong>, enquanto a <strong>produtividade por hora <\/strong>precisaria <strong>aumentar <\/strong>entre<strong> 8,3% e 8,5%<\/strong> para compensar a redu\u00e7\u00e3o.\u00a0<\/p>\n<p>Para a CNI, o principal desafio est\u00e1 na <strong>velocidade de crescimento da produtividade brasileira<\/strong>. Entre <strong>1981 e 2024<\/strong>, a produ\u00e7\u00e3o por hora trabalhada avan\u00e7ou, em m\u00e9dia, <strong>0,5% ao ano<\/strong>. Mantido esse ritmo, seriam necess\u00e1rios aproximadamente <strong>17 anos <\/strong>para<strong> acumular o ganho de produtividade<\/strong> necess\u00e1rio.\u00a0<\/p>\n<p>No entanto, considerando o <strong>desempenho mais recente<\/strong>, o prazo aumenta significativamente. Nos \u00faltimos seis anos analisados, a produtividade cresceu, em m\u00e9dia, <strong>0,28% ao ano<\/strong>. Nesse ritmo, o pa\u00eds levaria cerca de<strong> 30 anos<\/strong> para alcan\u00e7ar o ganho necess\u00e1rio.\u00a0<\/p>\n<p>O presidente da CNI, <strong>Ricardo Alban<\/strong>, defende que a <strong>discuss\u00e3o <\/strong>sobre a redu\u00e7\u00e3o da jornada para 40 horas semanais, associada ao fim da escala 6&#215;1, <strong>seja feita sem a influ\u00eancia do calend\u00e1rio eleitoral<\/strong>.\u00a0<\/p>\n<p>\u201c\u00c9 muito dif\u00edcil para os <strong>senadores e os deputados tomarem decis\u00f5es racionais e equilibradas com a motiva\u00e7\u00e3o eleitoral<\/strong>. Isso n\u00e3o vai ser prudente, nem bom para o pa\u00eds no m\u00e9dio e longo prazo. Ent\u00e3o reitero esse apelo para que deixemos essa <strong>discuss\u00e3o para depois das elei\u00e7\u00f5es<\/strong>. N\u00f3s precisamos faz\u00ea-la de forma respons\u00e1vel e, garanto, o setor produtivo n\u00e3o fugir\u00e1 dessa mesa\u201d, afirma.\u00a0<\/p>\n<h2>Impacto por setor<\/h2>\n<p>O levantamento tamb\u00e9m estima quanto<strong> cada setor precisaria elevar a produtividade <\/strong>para compensar a redu\u00e7\u00e3o da jornada. As diferen\u00e7as refletem caracter\u00edsticas como a<strong> intensidade do uso de m\u00e3o de obra <\/strong>e a<strong> capacidade de reorganiza\u00e7\u00e3o dos processos produtivos<\/strong>.\u00a0<\/p>\n<ul>\n<li><strong>Ind\u00fastria extrativa<\/strong>: entre 6,2% e 10,4%;<\/li>\n<li><strong>Ind\u00fastria de transforma\u00e7\u00e3o<\/strong>: entre 7,7% e 9,3%;<\/li>\n<li><strong>Ind\u00fastria da constru\u00e7\u00e3o<\/strong>: entre 7,7% e 9,8%;<\/li>\n<li><strong>Agropecu\u00e1ria<\/strong>: entre 9,9% e 13,6%;<\/li>\n<li><strong>Com\u00e9rcio<\/strong>: entre 9,8% e 10,6%.<\/li>\n<\/ul>\n<h2>Efeitos sobre o emprego e os sal\u00e1rios\u00a0<\/h2>\n<p>O estudo tamb\u00e9m avalia outros dois cen\u00e1rios de adapta\u00e7\u00e3o das empresas \u00e0 redu\u00e7\u00e3o da jornada.\u00a0<\/p>\n<p>No primeiro, as<strong> empresas n\u00e3o absorveriam o aumento dos custos <\/strong>e poderiam <strong>desligar trabalhadores com jornadas superiores ao novo limite<\/strong>. Nesse caso, o n\u00famero de <strong>empregos formais poderia cair <\/strong>de aproximadamente 41 milh\u00f5es <strong>para 18,9 milh\u00f5es<\/strong>. A redu\u00e7\u00e3o representaria entre <strong>53,7% e 77,5% da folha de pagamento <\/strong>das empresas.\u00a0<\/p>\n<p>No segundo cen\u00e1rio de acomoda\u00e7\u00e3o, as<strong> empresas substituiriam trabalhadores <\/strong>com jornadas superiores ao limite<strong> por profissionais com sal\u00e1rios proporcionalmente menores<\/strong>. Nessa hip\u00f3tese, a <strong>massa salarial poderia recuar entre 2,9% e 6%<\/strong>, o equivalente a aproximadamente <strong>R$ 4,3 bilh\u00f5es a R$ 7,3 bilh\u00f5es por m\u00eas<\/strong>.\u00a0<\/p>\n<p>Alban afirma que, embora milh\u00f5es de <strong>trabalhadores possam ser diretamente beneficiados <\/strong>pela redu\u00e7\u00e3o da jornada, os<strong> efeitos econ\u00f4micos poderiam atingir toda a popula\u00e7\u00e3o<\/strong>.\u00a0<\/p>\n<p>\u201cN\u00f3s temos cerca de <strong>14, 15 milh\u00f5es de trabalhadores e trabalhadoras <\/strong>que poder\u00e3o ser <strong>beneficiados <\/strong>por essa redu\u00e7\u00e3o da jornada. Mas s\u00e3o cerca de <strong>12, 14% da popula\u00e7\u00e3o<\/strong>. <strong>Toda a popula\u00e7\u00e3o vai pagar por um aumento do custo de vida<\/strong>, quer seja de servi\u00e7os, quer seja de produtos\u201d, pondera.<\/p>\n<h2>Brasil tem uma das menores produtividades do mundo<\/h2>\n<p>O <strong>Brasil <\/strong>est\u00e1 entre as economias de<strong> menor produtividade no mundo<\/strong>. Segundo dados da Organiza\u00e7\u00e3o Internacional do Trabalho (<a href=\"https:\/\/www.ilo.org\/pt-pt\/regions-and-countries\/latin-america-and-caribbean\/brasil\/conheca-oit\" target=\"_blank\">OIT<\/a>), o pa\u00eds ocupa a <strong>100\u00aa posi\u00e7\u00e3o mundial em produtividade por trabalhador <\/strong>e a <strong>91\u00aa em produtividade por hora trabalhada<\/strong>.\u00a0<\/p>\n<p>O desempenho brasileiro est\u00e1 <strong>distante <\/strong>do registrado em economias como <strong>Irlanda, Noruega, Estados Unidos e B\u00e9lgica<\/strong>, que apresentam n\u00edveis de produtividade entre<strong> tr\u00eas e seis vezes superiores aos do Brasil<\/strong>.\u00a0<\/p>\n<p>Segundo a CNI, a produtividade \u00e9 influenciada n\u00e3o apenas pelo desempenho dos trabalhadores, mas tamb\u00e9m por fatores como <strong>incorpora\u00e7\u00e3o de tecnologia, qualifica\u00e7\u00e3o profissional, infraestrutura, inova\u00e7\u00e3o e organiza\u00e7\u00e3o dos processos produtivos<\/strong>.\u00a0<\/p>\n<p>A entidade ressalta ainda que uma<strong> produtividade baixa dificulta o crescimento econ\u00f4mico, a eleva\u00e7\u00e3o dos sal\u00e1rios e a amplia\u00e7\u00e3o dos investimentos<\/strong>. O aumento dos custos de produ\u00e7\u00e3o tamb\u00e9m pode <strong>pressionar os pre\u00e7os e reduzir a competitividade das empresas<\/strong>.\u00a0<\/p>\n<h2>Negocia\u00e7\u00e3o coletiva<\/h2>\n<p>Ainda segundo o estudo, a jornada de trabalho aparece em <strong>81,5% dos acordos e conven\u00e7\u00f5es coletivas<\/strong> analisados, o equivalente a mais de <strong>37 mil instrumentos<\/strong> considerados em um per\u00edodo de 12 meses.\u00a0<\/p>\n<p>Do total, <strong>61,8%<\/strong> tratam diretamente da distribui\u00e7\u00e3o do tempo de trabalho, com cl\u00e1usulas relacionadas a<strong> horas extras, compensa\u00e7\u00e3o, carga hor\u00e1ria, intervalos, descansos, turnos, domingos e feriados<\/strong>.<\/p>\n<p>Outros <strong>31,1%<\/strong> abordam os efeitos da jornada sobre diferentes condi\u00e7\u00f5es de trabalho, incluindo <strong>adicional noturno, vale-transporte, participa\u00e7\u00e3o nos lucros e resultados e outros benef\u00edcios<\/strong>.\u00a0<\/p>\n<p>Para a CNI, os dados mostram que a<strong> negocia\u00e7\u00e3o coletiva n\u00e3o trata apenas da dura\u00e7\u00e3o da jornada<\/strong>, mas tamb\u00e9m da <strong>forma como o tempo de trabalho \u00e9 organizado e de seus impactos <\/strong>sobre outras condi\u00e7\u00f5es e direitos negociados.\u00a0<\/p>\n<p>O levantamento completo est\u00e1 dispon\u00edvel no <a href=\"https:\/\/static.portaldaindustria.com.br\/portaldaindustria\/noticias\/media\/filer_public\/7a\/ee\/7aee241e-2df9-4dff-909f-3295b0f76489\/negociacao_coletiva.pdf\" target=\"_blank\">portal da ind\u00fastria<\/a>.\u00a0<\/p>\n<p><strong>VEJA MAIS:<\/strong><\/p>\n<ul>\n<li><a href=\"https:\/\/brasil61.com\/n\/cni-critica-votacao-sobre-fim-da-escala-6x1-durante-periodo-eleitoral-pind264799\" target=\"_blank\">CNI critica vota\u00e7\u00e3o sobre fim da escala 6&#215;1 durante per\u00edodo eleitoral<\/a><\/li>\n<li><a href=\"https:\/\/brasil61.com\/n\/pec-do-fim-da-escala-6x1-e-inadequada-e-inoportuna-avalia-cni-pind264758\" target=\"_blank\">PEC do fim da escala 6&#215;1 \u00e9 \u201cinadequada e inoportuna\u201d, avalia CNI<\/a><\/li>\n<\/ul>\n<p>\t\t\t\t\t\t\t\t\t\t<img loading=\"lazy\" decoding=\"async\" src=\"https:\/\/brasil61.com\/api\/v1\/serve_pixel\/17677\/91361\" alt=\"Pixel Brasil 61\" class=\"b61_pixel\" width=\"0\" height=\"0\"><\/p>\n<input type=\"hidden\" id=\"baseurl\" value=\"https:\/\/noticiasdestaque.com.br\"><input type=\"hidden\" id=\"audio_nonce\" value=\"5e107ffbaa\">","protected":false},"excerpt":{"rendered":"<p>Estudo da CNI estima que produtividade teria de crescer at\u00e9 8,5% para manter a produ\u00e7\u00e3o com menos horas trabalhadas<\/p>\n","protected":false},"author":1,"featured_media":55082,"comment_status":"open","ping_status":"open","sticky":false,"template":"","format":"standard","meta":{"fifu_image_url":"","fifu_image_alt":"","footnotes":""},"categories":[59],"tags":[],"class_list":["post-55081","post","type-post","status-publish","format-standard","has-post-thumbnail","hentry","category-economia"],"distributor_meta":false,"distributor_terms":false,"distributor_media":false,"distributor_original_site_name":"Noticias em Destaque","distributor_original_site_url":"https:\/\/noticiasdestaque.com.br","push-errors":false,"_links":{"self":[{"href":"https:\/\/noticiasdestaque.com.br\/index.php\/wp-json\/wp\/v2\/posts\/55081","targetHints":{"allow":["GET"]}}],"collection":[{"href":"https:\/\/noticiasdestaque.com.br\/index.php\/wp-json\/wp\/v2\/posts"}],"about":[{"href":"https:\/\/noticiasdestaque.com.br\/index.php\/wp-json\/wp\/v2\/types\/post"}],"author":[{"embeddable":true,"href":"https:\/\/noticiasdestaque.com.br\/index.php\/wp-json\/wp\/v2\/users\/1"}],"replies":[{"embeddable":true,"href":"https:\/\/noticiasdestaque.com.br\/index.php\/wp-json\/wp\/v2\/comments?post=55081"}],"version-history":[{"count":0,"href":"https:\/\/noticiasdestaque.com.br\/index.php\/wp-json\/wp\/v2\/posts\/55081\/revisions"}],"wp:featuredmedia":[{"embeddable":true,"href":"https:\/\/noticiasdestaque.com.br\/index.php\/wp-json\/wp\/v2\/media\/55082"}],"wp:attachment":[{"href":"https:\/\/noticiasdestaque.com.br\/index.php\/wp-json\/wp\/v2\/media?parent=55081"}],"wp:term":[{"taxonomy":"category","embeddable":true,"href":"https:\/\/noticiasdestaque.com.br\/index.php\/wp-json\/wp\/v2\/categories?post=55081"},{"taxonomy":"post_tag","embeddable":true,"href":"https:\/\/noticiasdestaque.com.br\/index.php\/wp-json\/wp\/v2\/tags?post=55081"}],"curies":[{"name":"wp","href":"https:\/\/api.w.org\/{rel}","templated":true}]}}