{"id":55075,"date":"2026-09-02T05:35:02","date_gmt":"2026-09-02T08:35:02","guid":{"rendered":"https:\/\/noticiasdestaque.com.br\/?p=55075"},"modified":"2026-09-02T05:35:04","modified_gmt":"2026-09-02T08:35:04","slug":"entenda-como-as-comunidades-terapeuticas-contribuem-para-a-recuperacao-de-dependentes-quimicos","status":"publish","type":"post","link":"https:\/\/noticiasdestaque.com.br\/index.php\/2026\/09\/02\/entenda-como-as-comunidades-terapeuticas-contribuem-para-a-recuperacao-de-dependentes-quimicos\/","title":{"rendered":"Entenda como as Comunidades Terap\u00eauticas Contribuem para a Recupera\u00e7\u00e3o de Dependentes Qu\u00edmicos"},"content":{"rendered":"\n<p class=\"wp-block-paragraph\">Saiba como as comunidades terap\u00eauticas podem contribuir para o acolhimento, recupera\u00e7\u00e3o, fortalecimento de v\u00ednculos e reinser\u00e7\u00e3o social.<\/p>\n\n\n\n<p class=\"wp-block-paragraph\">A recupera\u00e7\u00e3o de pessoas que enfrentam problemas relacionados ao uso de \u00e1lcool e outras drogas pode envolver diferentes formas de cuidado, de acordo com as necessidades de cada pessoa. Nesse contexto, as <strong>comunidades terap\u00eauticas<\/strong> podem exercer um papel importante ao oferecer acolhimento residencial, conviv\u00eancia e atividades voltadas ao desenvolvimento pessoal e \u00e0 reinser\u00e7\u00e3o social.<\/p>\n\n\n\n<p class=\"wp-block-paragraph\">De acordo com a Ag\u00eancia Nacional de Vigil\u00e2ncia Sanit\u00e1ria (Anvisa), as Comunidades Terap\u00eauticas Acolhedoras s\u00e3o institui\u00e7\u00f5es que prestam aten\u00e7\u00e3o a pessoas com transtornos relacionados ao uso, abuso ou depend\u00eancia de subst\u00e2ncias psicoativas em regime residencial, tendo a conviv\u00eancia entre os pares como um dos principais instrumentos utilizados.<\/p>\n\n\n\n<h2 class=\"wp-block-heading\">Um ambiente voltado ao acolhimento e \u00e0 recupera\u00e7\u00e3o<\/h2>\n\n\n\n<p class=\"wp-block-paragraph\">O afastamento tempor\u00e1rio de ambientes e situa\u00e7\u00f5es que possam dificultar a recupera\u00e7\u00e3o pode proporcionar ao residente uma oportunidade para reorganizar sua rotina e desenvolver novas formas de relacionamento consigo mesmo, com a fam\u00edlia e com a sociedade.<\/p>\n\n\n\n<p class=\"wp-block-paragraph\">Dentro de uma comunidade terap\u00eautica, a conviv\u00eancia com outras pessoas que passam por experi\u00eancias semelhantes pode favorecer a constru\u00e7\u00e3o de v\u00ednculos, o compartilhamento de experi\u00eancias e o desenvolvimento de responsabilidades cotidianas.<\/p>\n\n\n\n<p class=\"wp-block-paragraph\">O Minist\u00e9rio da Sa\u00fade descreve as comunidades terap\u00eauticas como espa\u00e7os de acolhimento volunt\u00e1rio e resid\u00eancia transit\u00f3ria, com propostas relacionadas \u00e0 forma\u00e7\u00e3o de v\u00ednculos e ao desenvolvimento pessoal.<\/p>\n\n\n\n<h2 class=\"wp-block-heading\">Rotina e desenvolvimento pessoal<\/h2>\n\n\n\n<p class=\"wp-block-paragraph\">A organiza\u00e7\u00e3o da rotina \u00e9 outro aspecto relevante. Atividades educativas, esportivas, de conviv\u00eancia, organiza\u00e7\u00e3o dos espa\u00e7os, desenvolvimento de habilidades e acompanhamento individual podem fazer parte do processo de acolhimento, conforme a proposta e as condi\u00e7\u00f5es de cada institui\u00e7\u00e3o.<\/p>\n\n\n\n<p class=\"wp-block-paragraph\">Esse conjunto de atividades pode ajudar o residente a recuperar h\u00e1bitos cotidianos, desenvolver responsabilidades e estabelecer objetivos para o per\u00edodo posterior ao acolhimento.<\/p>\n\n\n\n<p class=\"wp-block-paragraph\">A pr\u00f3pria regulamenta\u00e7\u00e3o sanit\u00e1ria prev\u00ea registros e acompanhamento das atividades realizadas, incluindo a\u00e7\u00f5es relacionadas \u00e0 conviv\u00eancia, desenvolvimento pessoal, atendimento individual e em grupo, estudos, profissionaliza\u00e7\u00e3o e reinser\u00e7\u00e3o social.<\/p>\n\n\n\n<h2 class=\"wp-block-heading\">A import\u00e2ncia da conviv\u00eancia entre os pares<\/h2>\n\n\n\n<p class=\"wp-block-paragraph\">Um dos elementos que diferenciam as comunidades terap\u00eauticas acolhedoras \u00e9 a utiliza\u00e7\u00e3o da conviv\u00eancia entre os pares como instrumento central do processo de acolhimento. A troca de experi\u00eancias pode contribuir para que os residentes percebam que n\u00e3o est\u00e3o sozinhos diante dos desafios relacionados \u00e0 recupera\u00e7\u00e3o.<\/p>\n\n\n\n<p class=\"wp-block-paragraph\">Essa conviv\u00eancia tamb\u00e9m pode estimular atitudes de coopera\u00e7\u00e3o, respeito, responsabilidade e participa\u00e7\u00e3o na rotina coletiva.<\/p>\n\n\n\n<p class=\"wp-block-paragraph\">\u00c9 importante, entretanto, compreender que cada pessoa possui uma hist\u00f3ria e necessidades pr\u00f3prias. Por isso, o acolhimento deve respeitar as caracter\u00edsticas individuais e estar articulado com os demais recursos dispon\u00edveis na rede de aten\u00e7\u00e3o.<\/p>\n\n\n\n<h2 class=\"wp-block-heading\">A fam\u00edlia tamb\u00e9m faz parte do processo<\/h2>\n\n\n\n<p class=\"wp-block-paragraph\">A participa\u00e7\u00e3o da fam\u00edlia pode ser significativa durante o processo de recupera\u00e7\u00e3o. Familiares frequentemente precisam de orienta\u00e7\u00e3o para compreender melhor a depend\u00eancia, estabelecer formas mais adequadas de apoio e lidar com as mudan\u00e7as que podem ocorrer ao longo do tratamento.<\/p>\n\n\n\n<p class=\"wp-block-paragraph\">O acompanhamento familiar tamb\u00e9m pode contribuir para preparar o retorno \u00e0 conviv\u00eancia fora da institui\u00e7\u00e3o, fortalecendo v\u00ednculos e favorecendo uma reinser\u00e7\u00e3o social mais estruturada.<\/p>\n\n\n\n<p class=\"wp-block-paragraph\">O Minist\u00e9rio da Sa\u00fade orienta que o planejamento das comunidades terap\u00eauticas seja articulado com a unidade de refer\u00eancia de sa\u00fade, a rede de prote\u00e7\u00e3o social e o acompanhamento das fam\u00edlias.<\/p>\n\n\n\n<h2 class=\"wp-block-heading\">Comunidades terap\u00eauticas e a rede de aten\u00e7\u00e3o<\/h2>\n\n\n\n<p class=\"wp-block-paragraph\">As comunidades terap\u00eauticas n\u00e3o devem ser compreendidas de forma isolada de outros servi\u00e7os de cuidado. Dependendo das necessidades apresentadas pela pessoa, podem existir diferentes recursos de sa\u00fade e assist\u00eancia social que precisam atuar de maneira articulada.<\/p>\n\n\n\n<p class=\"wp-block-paragraph\">Os Centros de Aten\u00e7\u00e3o Psicossocial (CAPS), por exemplo, fazem parte da Rede de Aten\u00e7\u00e3o Psicossocial e oferecem acompanhamento multiprofissional para pessoas em sofrimento ps\u00edquico, incluindo situa\u00e7\u00f5es relacionadas ao uso prejudicial de \u00e1lcool e outras drogas.<\/p>\n\n\n\n<p class=\"wp-block-paragraph\">Quando surgem necessidades cl\u00ednicas que ultrapassam os recursos dispon\u00edveis na comunidade terap\u00eautica, tamb\u00e9m deve existir encaminhamento para a rede de sa\u00fade. A Anvisa destaca a necessidade de mecanismos para encaminhar residentes que apresentem intercorr\u00eancias cl\u00ednicas ou outras necessidades de sa\u00fade.<\/p>\n\n\n\n<h2 class=\"wp-block-heading\">Respeito, seguran\u00e7a e acolhimento<\/h2>\n\n\n\n<p class=\"wp-block-paragraph\">Um processo de recupera\u00e7\u00e3o deve estar fundamentado no respeito \u00e0 dignidade da pessoa. As normas sanit\u00e1rias aplic\u00e1veis \u00e0s comunidades terap\u00eauticas acolhedoras estabelecem requisitos relacionados \u00e0 seguran\u00e7a, funcionamento, registros, equipe e prote\u00e7\u00e3o dos residentes.<\/p>\n\n\n\n<p class=\"wp-block-paragraph\">A Anvisa tamb\u00e9m destaca que a perman\u00eancia em Comunidades Terap\u00eauticas Acolhedoras deve ser volunt\u00e1ria e que s\u00e3o proibidos castigos f\u00edsicos ou psicol\u00f3gicos.<\/p>\n\n\n\n<p class=\"wp-block-paragraph\">Por isso, fam\u00edlias e pessoas que buscam informa\u00e7\u00f5es devem avaliar cuidadosamente a proposta da institui\u00e7\u00e3o, suas condi\u00e7\u00f5es de funcionamento, transpar\u00eancia, estrutura de acolhimento e articula\u00e7\u00e3o com a rede de sa\u00fade.<\/p>\n\n\n\n<h2 class=\"wp-block-heading\">Prepara\u00e7\u00e3o para a reinser\u00e7\u00e3o social<\/h2>\n\n\n\n<p class=\"wp-block-paragraph\">A recupera\u00e7\u00e3o n\u00e3o termina necessariamente quando chega ao fim o per\u00edodo de acolhimento. O retorno \u00e0 fam\u00edlia, aos estudos, ao trabalho e \u00e0 comunidade pode representar uma nova etapa que exige planejamento e continuidade do cuidado.<\/p>\n\n\n\n<p class=\"wp-block-paragraph\">Atividades voltadas ao desenvolvimento de habilidades pessoais e profissionais podem contribuir para que a pessoa construa novos projetos de vida e amplie suas possibilidades de participa\u00e7\u00e3o social.<\/p>\n\n\n\n<p class=\"wp-block-paragraph\">Por essa raz\u00e3o, o trabalho desenvolvido durante o acolhimento pode ser pensado n\u00e3o apenas para o presente, mas tamb\u00e9m para os desafios que surgir\u00e3o depois da sa\u00edda da institui\u00e7\u00e3o.<\/p>\n\n\n\n<h2 class=\"wp-block-heading\">Informa\u00e7\u00e3o ajuda na escolha respons\u00e1vel<\/h2>\n\n\n\n<p class=\"wp-block-paragraph\">Buscar informa\u00e7\u00f5es confi\u00e1veis \u00e9 uma etapa importante para compreender as diferentes possibilidades de cuidado relacionadas \u00e0 depend\u00eancia de \u00e1lcool e outras drogas. Cada situa\u00e7\u00e3o apresenta caracter\u00edsticas pr\u00f3prias e pode exigir avalia\u00e7\u00e3o individualizada.<\/p>\n\n\n\n<p class=\"wp-block-paragraph\">Para conhecer melhor o conceito e o funcionamento das comunidades terap\u00eauticas acolhedoras, \u00e9 poss\u00edvel consultar informa\u00e7\u00f5es institucionais dispon\u00edveis em <a href=\"https:\/\/www.comunidadeterapeutica.com.br\" rel=\"noopener\" target=\"_blank\">comunidades terap\u00eauticas<\/a>, al\u00e9m de conte\u00fados especializados sobre <a href=\"https:\/\/comunidadeterapeutica.net.br\" rel=\"noopener\" target=\"_blank\">comunidade terap\u00eautica<\/a>.<\/p>\n\n\n\n<p class=\"wp-block-paragraph\">Tamb\u00e9m existem iniciativas voltadas \u00e0 divulga\u00e7\u00e3o de informa\u00e7\u00f5es sobre <a href=\"https:\/\/comunidadesterapeuticas.com.br\" rel=\"noopener\" target=\"_blank\">comunidades terap\u00eauticas<\/a>, contribuindo para que fam\u00edlias encontrem conte\u00fados educativos sobre acolhimento e recupera\u00e7\u00e3o.<\/p>\n\n\n\n<h2 class=\"wp-block-heading\">Um processo que exige cuidado e responsabilidade<\/h2>\n\n\n\n<p class=\"wp-block-paragraph\">O trabalho das comunidades terap\u00eauticas pode representar uma alternativa de acolhimento residencial para pessoas que necessitam de um ambiente estruturado, conviv\u00eancia e apoio durante determinada etapa da recupera\u00e7\u00e3o. Entretanto, a escolha deve considerar as necessidades individuais e a integra\u00e7\u00e3o com os recursos de sa\u00fade e assist\u00eancia dispon\u00edveis.<\/p>\n\n\n\n<p class=\"wp-block-paragraph\">Mais do que oferecer um espa\u00e7o de perman\u00eancia, o objetivo deve estar relacionado \u00e0 constru\u00e7\u00e3o de novos h\u00e1bitos, fortalecimento de v\u00ednculos, desenvolvimento pessoal e prepara\u00e7\u00e3o para uma vida com maior autonomia e participa\u00e7\u00e3o social.<\/p>\n\n\n\n<p class=\"wp-block-paragraph\">Quando realizado dentro das normas aplic\u00e1veis e com respeito \u00e0 dignidade dos residentes, o acolhimento pode fazer parte de uma estrat\u00e9gia mais ampla de recupera\u00e7\u00e3o, sempre considerando que o cuidado deve ser individualizado e adequado \u00e0s necessidades de cada pessoa.<\/p>\n<input type=\"hidden\" id=\"baseurl\" value=\"https:\/\/noticiasdestaque.com.br\"><input type=\"hidden\" id=\"audio_nonce\" value=\"5e107ffbaa\">","protected":false},"excerpt":{"rendered":"<p>Saiba como as comunidades terap\u00eauticas podem contribuir para o acolhimento, recupera\u00e7\u00e3o, fortalecimento de v\u00ednculos e reinser\u00e7\u00e3o social. A recupera\u00e7\u00e3o de pessoas que enfrentam problemas relacionados ao uso de \u00e1lcool e outras drogas pode envolver diferentes formas de cuidado, de acordo com as necessidades de cada pessoa. Nesse contexto, as comunidades terap\u00eauticas podem exercer um papel [&hellip;]<\/p>\n","protected":false},"author":1,"featured_media":55076,"comment_status":"open","ping_status":"open","sticky":false,"template":"","format":"standard","meta":{"fifu_image_url":"","fifu_image_alt":"","footnotes":""},"categories":[53,124,51],"tags":[],"class_list":["post-55075","post","type-post","status-publish","format-standard","has-post-thumbnail","hentry","category-artigos","category-bem-estar","category-saude"],"distributor_meta":false,"distributor_terms":false,"distributor_media":false,"distributor_original_site_name":"Noticias em Destaque","distributor_original_site_url":"https:\/\/noticiasdestaque.com.br","push-errors":false,"_links":{"self":[{"href":"https:\/\/noticiasdestaque.com.br\/index.php\/wp-json\/wp\/v2\/posts\/55075","targetHints":{"allow":["GET"]}}],"collection":[{"href":"https:\/\/noticiasdestaque.com.br\/index.php\/wp-json\/wp\/v2\/posts"}],"about":[{"href":"https:\/\/noticiasdestaque.com.br\/index.php\/wp-json\/wp\/v2\/types\/post"}],"author":[{"embeddable":true,"href":"https:\/\/noticiasdestaque.com.br\/index.php\/wp-json\/wp\/v2\/users\/1"}],"replies":[{"embeddable":true,"href":"https:\/\/noticiasdestaque.com.br\/index.php\/wp-json\/wp\/v2\/comments?post=55075"}],"version-history":[{"count":2,"href":"https:\/\/noticiasdestaque.com.br\/index.php\/wp-json\/wp\/v2\/posts\/55075\/revisions"}],"predecessor-version":[{"id":55078,"href":"https:\/\/noticiasdestaque.com.br\/index.php\/wp-json\/wp\/v2\/posts\/55075\/revisions\/55078"}],"wp:featuredmedia":[{"embeddable":true,"href":"https:\/\/noticiasdestaque.com.br\/index.php\/wp-json\/wp\/v2\/media\/55076"}],"wp:attachment":[{"href":"https:\/\/noticiasdestaque.com.br\/index.php\/wp-json\/wp\/v2\/media?parent=55075"}],"wp:term":[{"taxonomy":"category","embeddable":true,"href":"https:\/\/noticiasdestaque.com.br\/index.php\/wp-json\/wp\/v2\/categories?post=55075"},{"taxonomy":"post_tag","embeddable":true,"href":"https:\/\/noticiasdestaque.com.br\/index.php\/wp-json\/wp\/v2\/tags?post=55075"}],"curies":[{"name":"wp","href":"https:\/\/api.w.org\/{rel}","templated":true}]}}