{"id":55072,"date":"2026-09-02T04:40:00","date_gmt":"2026-09-02T07:40:00","guid":{"rendered":"https:\/\/noticiasdestaque.com.br\/index.php\/2026\/09\/02\/estatuto-do-aprendiz-pode-criar-ate-1-milhao-de-vagas-para-jovens\/"},"modified":"2026-09-02T08:07:03","modified_gmt":"2026-09-02T11:07:03","slug":"estatuto-do-aprendiz-pode-criar-ate-1-milhao-de-vagas-para-jovens","status":"publish","type":"post","link":"https:\/\/noticiasdestaque.com.br\/index.php\/2026\/09\/02\/estatuto-do-aprendiz-pode-criar-ate-1-milhao-de-vagas-para-jovens\/","title":{"rendered":"Estatuto do Aprendiz pode criar at\u00e9 1 milh\u00e3o de vagas para jovens"},"content":{"rendered":"<p>\t\t\t\t\t\t\t\t\t\t<audio controls class=\"b61_audio_player\" data-noticia=\"91372\" src=\"https:\/\/brasil61.com\/rails\/active_storage\/blobs\/eyJfcmFpbHMiOnsibWVzc2FnZSI6IkJBaHBBMXRiQkE9PSIsImV4cCI6bnVsbCwicHVyIjoiYmxvYl9pZCJ9fQ==--bb6e239a3de569ed58bb95d126af60208c6c1d5d\/CACB260239A\"><\/audio><\/p>\n<p>O <strong>Senado Federal <\/strong>deve votar em Plen\u00e1rio, nesta quarta-feira (2), o <a href=\"https:\/\/www25.senado.leg.br\/web\/atividade\/materias\/-\/materia\/174061\" target=\"_blank\">Projeto de Lei n\u00ba 6.461\/2019<\/a>, que cria o <strong>Estatuto do Aprendiz<\/strong>. A proposta<strong> altera normas trabalhistas<\/strong> para estimular a <strong>contrata\u00e7\u00e3o de aprendizes<\/strong>, estabelece <strong>direitos e deveres de jovens e empregadores<\/strong> e cria <strong>mecanismos para ampliar a inclus\u00e3o social e profissional<\/strong>.\u00a0<\/p>\n<p>A expectativa era de que o texto fosse <strong>analisado ainda no primeiro semestre deste ano<\/strong>. No entanto, em <strong>junho<\/strong>, <strong>o projeto foi retirado da pauta <\/strong>do Senado.\u00a0<\/p>\n<p>Desde ent\u00e3o, o <strong>Centro de Integra\u00e7\u00e3o Empresa-Escola (<a href=\"https:\/\/portal.ciee.org.br\/\" target=\"_blank\">Ciee<\/a>)<\/strong> e a <strong>Federa\u00e7\u00e3o Brasileira de Associa\u00e7\u00f5es Socioeducacionais de Adolescentes (<a href=\"https:\/\/febraeda.org.br\/\" target=\"_blank\">Febraeda<\/a>)<\/strong> <strong>t\u00eam articulado com parlamentares <\/strong>para garantir a manuten\u00e7\u00e3o da proposta na pauta de vota\u00e7\u00f5es.\u00a0<\/p>\n<p>Segundo as entidades, a aprova\u00e7\u00e3o do Estatuto \u2014 que <strong>tramita no Congresso Nacional h\u00e1 mais de sete anos<\/strong> \u2014 poder\u00e1 <strong>modernizar as regras<\/strong> da aprendizagem profissional e<strong> reduzir a inseguran\u00e7a jur\u00eddica<\/strong> enfrentada por empresas e entidades qualificadoras. A expectativa \u00e9 que a nova legisla\u00e7\u00e3o crie condi\u00e7\u00f5es para a<strong> abertura de at\u00e9 1 milh\u00e3o de novas vagas de aprendizagem <\/strong>nos pr\u00f3ximos anos.\u00a0<\/p>\n<p>O presidente do Ciee, <strong>Humberto Casagrande<\/strong>, destaca que a proposta pode ampliar as oportunidades de <strong>primeiro emprego para jovens de 14 a 24 anos<\/strong>.\u00a0<\/p>\n<p>\u201cVamos passar de 700 mil vagas que o Brasil tem hoje para mais de <strong>1 milh\u00e3o de vagas<\/strong>. Precisamos do apoio de todos para que esse projeto seja aprovado. O Brasil precisa <strong>apoiar a nossa juventude<\/strong>, aprovando esse projeto e gerando<strong> milhares de novos empregos<\/strong> que os nossos jovens precisam\u201d, afirma.\u00a0<\/p>\n<p>Em defesa da aprova\u00e7\u00e3o do projeto, o presidente da <strong>Confedera\u00e7\u00e3o das Associa\u00e7\u00f5es Comerciais e Empresariais do Brasil (<a href=\"https:\/\/cacb.org.br\/\" target=\"_blank\">CACB<\/a>)<\/strong>, da <strong>Associa\u00e7\u00e3o Comercial de S\u00e3o Paulo (<a href=\"https:\/\/www.instagram.com\/acsp_oficial\/\" target=\"_blank\">ACSP<\/a>)<\/strong> e da <strong>Federa\u00e7\u00e3o das Associa\u00e7\u00f5es Comerciais de S\u00e3o Paulo (<a href=\"https:\/\/www.facesp.com.br\/\" target=\"_blank\">FACESP<\/a>)<\/strong>, <strong>Alfredo Cotait Neto<\/strong>, afirma que a proposta \u00e9 importante para preservar <strong>oportunidades de forma\u00e7\u00e3o e inser\u00e7\u00e3o de jovens <\/strong>no <strong>mercado de trabalho<\/strong>.<\/p>\n<p>\u201cFortalece uma pol\u00edtica que j\u00e1 transformou a vida de milhares de jovens, garantindo<strong> acesso \u00e0 forma\u00e7\u00e3o, qualifica\u00e7\u00e3o profissional, renda e primeira experi\u00eancia no mundo do trabalho<\/strong>. A aprova\u00e7\u00e3o preserva uma pol\u00edtica p\u00fablica fundamental e<strong> evita a perda de centenas de milhares de oportunidades de aprendizado<\/strong>. Estamos falando de jovens que ter\u00e3o a chance de<strong> aprender uma profiss\u00e3o, conquistar sua primeira renda, desenvolver autonomia e construir novas perspectivas para o futuro<\/strong>\u201d, destaca.<\/p>\n<h2>Mais inclus\u00e3o e qualifica\u00e7\u00e3o profissional<\/h2>\n<p>Al\u00e9m de ampliar as oportunidades de trabalho e renda, o autor do projeto defende que o <strong>Estatuto do Aprendiz <\/strong>poder\u00e1 contribuir para:\u00a0<\/p>\n<ul>\n<li>promover a<strong> inclus\u00e3o social de jovens em situa\u00e7\u00e3o de vulnerabilidade <\/strong>ou risco social;\u00a0<\/li>\n<li>incentivar a <strong>profissionaliza\u00e7\u00e3o <\/strong>e contribuir para o <strong>combate ao trabalho infantil<\/strong>;\u00a0<\/li>\n<li>melhorar a <strong>qualifica\u00e7\u00e3o profissional dos jovens <\/strong>e prepar\u00e1-los para o mercado de trabalho;\u00a0<\/li>\n<li>criar um <strong>ambiente mais seguro e educativo <\/strong>para o desenvolvimento dos aprendizes.\u00a0<\/li>\n<\/ul>\n<p>A <a href=\"https:\/\/www25.senado.leg.br\/web\/atividade\/sessao-plenaria\/-\/pauta\/586478\" target=\"_blank\">sess\u00e3o plen\u00e1ria no Senado<\/a> est\u00e1 marcada para esta <strong>quarta-feira (2) a partir das 14h<\/strong>.<\/p>\n<p><strong>VEJA MAIS:<\/strong><\/p>\n<ul>\n<li><a href=\"https:\/\/brasil61.com\/n\/novo-balcao-do-empreendedor-na-avenida-paulista-deve-atender-cerca-de-5-mil-empresas-cacb260235\" target=\"_blank\">Novo Balc\u00e3o do Empreendedor na Avenida Paulista deve atender cerca de 5 mil empresas<\/a><\/li>\n<li><a href=\"https:\/\/brasil61.com\/n\/associacoes-comerciais-se-organizam-para-transicao-da-reforma-tributaria-cacb260225\" target=\"_blank\">Associa\u00e7\u00f5es comerciais se organizam para transi\u00e7\u00e3o da Reforma Tribut\u00e1ria<\/a><\/li>\n<\/ul>\n<p>\t\t\t\t\t\t\t\t\t<img loading=\"lazy\" decoding=\"async\" src=\"https:\/\/brasil61.com\/api\/v1\/serve_pixel\/17677\/91372\" alt=\"Pixel Brasil 61\" class=\"b61_pixel\" width=\"0\" height=\"0\"><\/p>\n<input type=\"hidden\" id=\"baseurl\" value=\"https:\/\/noticiasdestaque.com.br\"><input type=\"hidden\" id=\"audio_nonce\" value=\"5e107ffbaa\">","protected":false},"excerpt":{"rendered":"<p>Senado deve votar nesta quarta-feira (2) projeto que moderniza as regras da aprendizagem profissional e amplia oportunidades de contrata\u00e7\u00e3o<\/p>\n","protected":false},"author":1,"featured_media":55084,"comment_status":"open","ping_status":"open","sticky":false,"template":"","format":"standard","meta":{"fifu_image_url":"","fifu_image_alt":"","footnotes":""},"categories":[48],"tags":[],"class_list":["post-55072","post","type-post","status-publish","format-standard","has-post-thumbnail","hentry","category-mundo"],"distributor_meta":false,"distributor_terms":false,"distributor_media":false,"distributor_original_site_name":"Noticias em Destaque","distributor_original_site_url":"https:\/\/noticiasdestaque.com.br","push-errors":false,"_links":{"self":[{"href":"https:\/\/noticiasdestaque.com.br\/index.php\/wp-json\/wp\/v2\/posts\/55072","targetHints":{"allow":["GET"]}}],"collection":[{"href":"https:\/\/noticiasdestaque.com.br\/index.php\/wp-json\/wp\/v2\/posts"}],"about":[{"href":"https:\/\/noticiasdestaque.com.br\/index.php\/wp-json\/wp\/v2\/types\/post"}],"author":[{"embeddable":true,"href":"https:\/\/noticiasdestaque.com.br\/index.php\/wp-json\/wp\/v2\/users\/1"}],"replies":[{"embeddable":true,"href":"https:\/\/noticiasdestaque.com.br\/index.php\/wp-json\/wp\/v2\/comments?post=55072"}],"version-history":[{"count":1,"href":"https:\/\/noticiasdestaque.com.br\/index.php\/wp-json\/wp\/v2\/posts\/55072\/revisions"}],"predecessor-version":[{"id":55083,"href":"https:\/\/noticiasdestaque.com.br\/index.php\/wp-json\/wp\/v2\/posts\/55072\/revisions\/55083"}],"wp:featuredmedia":[{"embeddable":true,"href":"https:\/\/noticiasdestaque.com.br\/index.php\/wp-json\/wp\/v2\/media\/55084"}],"wp:attachment":[{"href":"https:\/\/noticiasdestaque.com.br\/index.php\/wp-json\/wp\/v2\/media?parent=55072"}],"wp:term":[{"taxonomy":"category","embeddable":true,"href":"https:\/\/noticiasdestaque.com.br\/index.php\/wp-json\/wp\/v2\/categories?post=55072"},{"taxonomy":"post_tag","embeddable":true,"href":"https:\/\/noticiasdestaque.com.br\/index.php\/wp-json\/wp\/v2\/tags?post=55072"}],"curies":[{"name":"wp","href":"https:\/\/api.w.org\/{rel}","templated":true}]}}