{"id":55068,"date":"2026-09-02T04:30:00","date_gmt":"2026-09-02T07:30:00","guid":{"rendered":"https:\/\/noticiasdestaque.com.br\/index.php\/2026\/09\/02\/simples-nacional-empresas-tem-ate-30-de-setembro-para-optar-pelo-regime-em-2027\/"},"modified":"2026-09-02T04:30:00","modified_gmt":"2026-09-02T07:30:00","slug":"simples-nacional-empresas-tem-ate-30-de-setembro-para-optar-pelo-regime-em-2027","status":"publish","type":"post","link":"https:\/\/noticiasdestaque.com.br\/index.php\/2026\/09\/02\/simples-nacional-empresas-tem-ate-30-de-setembro-para-optar-pelo-regime-em-2027\/","title":{"rendered":"Simples Nacional: empresas t\u00eam at\u00e9 30 de setembro para optar pelo regime em 2027"},"content":{"rendered":"<p>\t\t\t\t\t\t\t\t\t\t\t<audio controls class=\"b61_audio_player\" data-noticia=\"91363\" src=\"https:\/\/brasil61.com\/rails\/active_storage\/blobs\/eyJfcmFpbHMiOnsibWVzc2FnZSI6IkJBaHBBMWhiQkE9PSIsImV4cCI6bnVsbCwicHVyIjoiYmxvYl9pZCJ9fQ==--b5a54042022c99632fc5be83298894f62ad4a4e2\/BRAS2617052A\"><\/audio><\/p>\n<p dir=\"ltr\">Nesta<strong> ter\u00e7a-feira (1\u00ba)<\/strong> teve\u00a0in\u00edcio o prazo para micro e pequenas empresas\u00a0\u2014 aquelas com faturamento de at\u00e9<strong> R$ 4,8 milh\u00f5es<\/strong> por ano \u2014solicitarem a op\u00e7\u00e3o pelo <strong>Simples Nacional<\/strong>. Por causa da reforma tribut\u00e1ria, o <strong>Comit\u00ea Gestor do Simples Nacional (CGSN)<\/strong> antecipou em quatro meses essa escolha: quem quiser entrar no regime a partir de janeiro de 2027 deve fazer a solicita\u00e7\u00e3o entre 1\u00ba e 30 de setembro de 2026, e n\u00e3o mais em janeiro, como era antes.<\/p>\n<p dir=\"ltr\">A mudan\u00e7a foi regulamentada pela Resolu\u00e7\u00e3o CGSN n\u00ba 186, que incorporou ao Simples o<strong> Imposto sobre Bens e Servi\u00e7os (IBS)<\/strong> e a <strong>Contribui\u00e7\u00e3o sobre Bens e Servi\u00e7os (CBS)<\/strong>, novos tributos sobre o consumo criados pela reforma.<\/p>\n<h2 dir=\"ltr\">Principais prazos<\/h2>\n<ul dir=\"ltr\">\n<li><strong>1\u00ba a 30 de setembro de 2026:<\/strong> pedido de op\u00e7\u00e3o pelo Simples Nacional para 2027;<\/li>\n<li><strong>1\u00ba de janeiro de 2027:<\/strong> in\u00edcio dos efeitos da op\u00e7\u00e3o;<\/li>\n<li><strong>at\u00e9 30 de novembro de 2026:<\/strong> prazo para desistir do pedido feito em setembro (desist\u00eancia irretrat\u00e1vel);<\/li>\n<li><strong>1\u00ba a 31 de mar\u00e7o de 2027:<\/strong> nova chance de escolher o recolhimento do IBS e da CBS pelo regime regular, com efeitos no segundo semestre.<\/li>\n<\/ul>\n<p dir=\"ltr\">As empresas tamb\u00e9m poder\u00e3o permanecer no Simples e, ao mesmo tempo, optar por recolher o <strong>IBS<\/strong> e a <strong>CBS<\/strong> pelo regime regular, escolha que deve ser feita em setembro para valer no primeiro semestre de 2027, e pode ser revista em mar\u00e7o. Essa decis\u00e3o pesa mais sobre empresas que vendem para outras empresas, pela gera\u00e7\u00e3o e o aproveitamento de cr\u00e9ditos tribut\u00e1rios, e deve considerar tamb\u00e9m o perfil dos clientes, a cadeia de fornecedores e o impacto no fluxo de caixa n\u00e3o s\u00f3 a al\u00edquota.<\/p>\n<p dir=\"ltr\">Quem j\u00e1 \u00e9 optante do Simples n\u00e3o precisa pedir de novo, mas \u00e9 recomend\u00e1vel checar a situa\u00e7\u00e3o fiscal em setembro para evitar pend\u00eancias.\u00a0As empresas abertas entre outubro e dezembro de 2026 seguem uma regra pr\u00f3pria: a op\u00e7\u00e3o feita no momento da abertura do CNPJ j\u00e1 ter\u00e1 validade para 2027. O calend\u00e1rio do Microempreendedor Individual (MEI) n\u00e3o muda e permanece com prazo de op\u00e7\u00e3o em janeiro.<\/p>\n<p dir=\"ltr\">O CGSN tamb\u00e9m adiou de 1\u00ba de setembro para 1\u00ba de novembro a obrigatoriedade da Nota Fiscal de Servi\u00e7o eletr\u00f4nica (NFS-e) no emissor nacional para empresas do Simples, dando mais tempo para adapta\u00e7\u00e3o. Outra mudan\u00e7a \u00e9 que a Defis deixa de ser uma declara\u00e7\u00e3o separada e passa a ser incorporada ao PGDAS-D, com entrega anual entre janeiro e mar\u00e7o.<\/p>\n<p dir=\"ltr\">Especialistas recomendam que empresas e contadores antecipem a an\u00e1lise tribut\u00e1ria, simulem os cen\u00e1rios com e sem o Simples para o IBS e a CBS, e planejem o caixa para 2027.<\/p>\n<p dir=\"ltr\"><em>Com informa\u00e7\u00f5es da Ag\u00eancia Brasil.<\/em><\/p>\n<p>\t\t\t\t\t\t\t\t\t\t<img loading=\"lazy\" decoding=\"async\" src=\"https:\/\/brasil61.com\/api\/v1\/serve_pixel\/17677\/91363\" alt=\"Pixel Brasil 61\" class=\"b61_pixel\" width=\"0\" height=\"0\"><\/p>\n<input type=\"hidden\" id=\"baseurl\" value=\"https:\/\/noticiasdestaque.com.br\"><input type=\"hidden\" id=\"audio_nonce\" value=\"5e107ffbaa\">","protected":false},"excerpt":{"rendered":"<p>Reforma tribut\u00e1ria antecipou em quatro meses o prazo para micro e pequenas empresas fazerem a escolha<\/p>\n","protected":false},"author":1,"featured_media":55069,"comment_status":"open","ping_status":"open","sticky":false,"template":"","format":"standard","meta":{"fifu_image_url":"","fifu_image_alt":"","footnotes":""},"categories":[48],"tags":[],"class_list":["post-55068","post","type-post","status-publish","format-standard","has-post-thumbnail","hentry","category-mundo"],"distributor_meta":false,"distributor_terms":false,"distributor_media":false,"distributor_original_site_name":"Noticias em Destaque","distributor_original_site_url":"https:\/\/noticiasdestaque.com.br","push-errors":false,"_links":{"self":[{"href":"https:\/\/noticiasdestaque.com.br\/index.php\/wp-json\/wp\/v2\/posts\/55068","targetHints":{"allow":["GET"]}}],"collection":[{"href":"https:\/\/noticiasdestaque.com.br\/index.php\/wp-json\/wp\/v2\/posts"}],"about":[{"href":"https:\/\/noticiasdestaque.com.br\/index.php\/wp-json\/wp\/v2\/types\/post"}],"author":[{"embeddable":true,"href":"https:\/\/noticiasdestaque.com.br\/index.php\/wp-json\/wp\/v2\/users\/1"}],"replies":[{"embeddable":true,"href":"https:\/\/noticiasdestaque.com.br\/index.php\/wp-json\/wp\/v2\/comments?post=55068"}],"version-history":[{"count":0,"href":"https:\/\/noticiasdestaque.com.br\/index.php\/wp-json\/wp\/v2\/posts\/55068\/revisions"}],"wp:featuredmedia":[{"embeddable":true,"href":"https:\/\/noticiasdestaque.com.br\/index.php\/wp-json\/wp\/v2\/media\/55069"}],"wp:attachment":[{"href":"https:\/\/noticiasdestaque.com.br\/index.php\/wp-json\/wp\/v2\/media?parent=55068"}],"wp:term":[{"taxonomy":"category","embeddable":true,"href":"https:\/\/noticiasdestaque.com.br\/index.php\/wp-json\/wp\/v2\/categories?post=55068"},{"taxonomy":"post_tag","embeddable":true,"href":"https:\/\/noticiasdestaque.com.br\/index.php\/wp-json\/wp\/v2\/tags?post=55068"}],"curies":[{"name":"wp","href":"https:\/\/api.w.org\/{rel}","templated":true}]}}