{"id":55062,"date":"2026-09-02T04:40:00","date_gmt":"2026-09-02T07:40:00","guid":{"rendered":"https:\/\/noticiasdestaque.com.br\/index.php\/2026\/09\/02\/taxa-das-blusinhas-cacb-pede-que-congresso-rejeite-a-isencao-do-imposto\/"},"modified":"2026-09-02T23:37:32","modified_gmt":"2026-09-03T02:37:32","slug":"taxa-das-blusinhas-cacb-pede-que-congresso-rejeite-a-isencao-do-imposto","status":"publish","type":"post","link":"https:\/\/noticiasdestaque.com.br\/index.php\/2026\/09\/02\/taxa-das-blusinhas-cacb-pede-que-congresso-rejeite-a-isencao-do-imposto\/","title":{"rendered":"\u201cTaxa das blusinhas\u201d: CACB pede que Congresso rejeite a isen\u00e7\u00e3o do imposto"},"content":{"rendered":"<p>\t\t\t\t\t\t\t\t\t\t<audio controls class=\"b61_audio_player\" data-noticia=\"91373\" src=\"https:\/\/brasil61.com\/rails\/active_storage\/blobs\/eyJfcmFpbHMiOnsibWVzc2FnZSI6IkJBaHBBMkZiQkE9PSIsImV4cCI6bnVsbCwicHVyIjoiYmxvYl9pZCJ9fQ==--60829acf35d245245e0f9ec10846a61b9b7f50ae\/CACB260240A\"><\/audio><\/p>\n<p>A <a href=\"https:\/\/cacb.org.br\/\">Confedera\u00e7\u00e3o das Associa\u00e7\u00f5es Comerciais e Empresariais do Brasil (CACB)<\/a> <strong>entregou a parlamentares<\/strong>, na segunda-feira (31), <strong>uma <a href=\"https:\/\/cacb.org.br\/cacb-posicionamento-taxa-blusinhas\/\">nota p\u00fablica<\/a> pela rejei\u00e7\u00e3o ou tratamento ison\u00f4mico em rela\u00e7\u00e3o \u00e0 isen\u00e7\u00e3o da chamada \u201cTaxa das Blusinhas\u201d<\/strong>. O conte\u00fado da carta foi lido no plen\u00e1rio da <a href=\"https:\/\/www.camara.leg.br\/\">C\u00e2mara dos Deputados<\/a> nesta ter\u00e7a-feira (1\u00ba) pela <a href=\"https:\/\/www.camara.leg.br\/deputados\/204528\">deputada federal Adriana Ventura (NOVO-SP)<\/a>.<\/p>\n<p>O documento, protocolado nos gabinetes dos presidentes do Senado, <a href=\"https:\/\/www25.senado.leg.br\/web\/senadores\/senador\/-\/perfil\/3830\">Davi Alcolumbre (Uni\u00e3o-AP)<\/a>, da C\u00e2mara, <a href=\"https:\/\/www.camara.leg.br\/deputados\/160674\">Hugo Motta (Republicanos-PB)<\/a>, da <a href=\"https:\/\/legis.senado.leg.br\/atividade\/comissoes\/comissao\/2856\/\">comiss\u00e3o que analisa o tema<\/a>, o <a href=\"https:\/\/www.camara.leg.br\/deputados\/74161\">deputado Reginaldo Lopes (PT-MG)<\/a>, e da relatora da <a href=\"https:\/\/www.in.gov.br\/web\/dou\/-\/medida-provisoria-n-1.357-de-12-de-maio-de-2026-704974550\">Medida Provis\u00f3ria n\u00ba 1.357\/2026<\/a>, a senadora <a href=\"https:\/\/www25.senado.leg.br\/web\/senadores\/senador\/-\/perfil\/5979\">Leila Barros (PDT-DF)<\/a>, <strong>pede ao Congresso Nacional para derrubar a MP<\/strong> e restabelecer o regime da <a href=\"https:\/\/www.planalto.gov.br\/ccivil_03\/_ato2023-2026\/2024\/lei\/l14902.htm\">Lei n\u00ba 14.902\/2024<\/a>, aprovada pelo Legislativo e sancionada pela presid\u00eancia da Rep\u00fablica.<\/p>\n<p>Caso o Congresso mantenha a isen\u00e7\u00e3o aos produtos importados, o setor produtivo solicita que <strong>a desonera\u00e7\u00e3o seja estendida<\/strong>, em igualdade de condi\u00e7\u00f5es, <strong>\u00e0 mercadoria id\u00eantica vendida pelo com\u00e9rcio brasileiro<\/strong>. A entidade representa mais de 2.300 associa\u00e7\u00f5es comerciais e mais de 2 milh\u00f5es de empreendedores.<\/p>\n<p>\u201cO que a CACB pede \u00e9 tratamento igual, n\u00e3o prote\u00e7\u00e3o. Se o governo entende que a compra de at\u00e9 US$ 50 merece desonera\u00e7\u00e3o, que estenda o mesmo benef\u00edcio \u00e0 mesma mercadoria vendida pelo com\u00e9rcio nacional\u201d, leu a parlamentar. \u201cAprovada, a medida consagrar\u00e1 uma distor\u00e7\u00e3o inaceit\u00e1vel: o Estado brasileiro cobrando do seu pr\u00f3prio empreendedor o imposto que dispensa da mercadoria id\u00eantica vendida de fora do pa\u00eds\u201d, acrescenta.<\/p>\n<p>Sem esse mecanismo, Alfredo Cotait Neto, presidente da CACB, da <a href=\"https:\/\/www.facesp.com.br\/\">Federa\u00e7\u00e3o das Associa\u00e7\u00f5es Comerciais do Estado de S\u00e3o Paulo (FACESP)<\/a> e da <a href=\"https:\/\/acsp.org.br\/\">Associa\u00e7\u00e3o Comercial de SP (ACSP)<\/a>, <strong>teme que o setor produtivo nacional n\u00e3o seja capaz de enfrentar a concorr\u00eancia internacional<\/strong> e pede por uma contramedida que reequilibre o mercado.<\/p>\n<p>\u201cA longo prazo, se voc\u00ea n\u00e3o restabelece a isonomia, voc\u00ea prejudica a ind\u00fastria nacional, prejudica as empresas brasileiras e prejudica a gera\u00e7\u00e3o de emprego e renda, que est\u00e1 problem\u00e1tica no nosso pa\u00eds. Portanto, \u00e9 fundamental a volta da cobran\u00e7a\u201d, afirma o executivo.<\/p>\n<h2>Elei\u00e7\u00f5es<\/h2>\n<p>A Medida Provis\u00f3ria, <strong>prevista para perder a validade no pr\u00f3ximo dia 8 de setembro<\/strong>, zera a al\u00edquota de importa\u00e7\u00e3o para compras at\u00e9 50 d\u00f3lares em plataformas de e-commerce, anteriormente definida em 20% sobre o valor do produto. Criada em 2024 com a inten\u00e7\u00e3o declarada de proteger o com\u00e9rcio nacional, a taxa foi suspensa pelo pr\u00f3prio governo em maio deste ano.<\/p>\n<p>Para Cotait Neto, o momento em que a discuss\u00e3o \u00e9 feita tamb\u00e9m \u00e9 prejudicial. O representante empresarial entende que o per\u00edodo eleitoral dificulta a an\u00e1lise racional e de impactos que a volta da isen\u00e7\u00e3o do imposto pode ter sobre toda a cadeia produtiva brasileira.<\/p>\n<p>\u201cTudo que \u00e9 no momento eleitoral tem v\u00e1rios significados. Por isso \u00e9 que eu acho que \u00e9 inadequado, e foi inadequado, o governo ter retirado a taxa. Mandaram uma Medida Provis\u00f3ria para o Congresso que est\u00e1 vencendo exatamente por causa do momento eleitoral. Ent\u00e3o, a volta, se houver, \u00e9 mais uma quest\u00e3o de justi\u00e7a, de voc\u00ea voltar a tentar blindar e defender um pouco as empresas brasileiras\u201d, conclui.<\/p>\n<h2>Compensa\u00e7\u00e3o<\/h2>\n<p>Diante das rea\u00e7\u00f5es e press\u00f5es do setor produtivo, parlamentares governistas anunciaram que devem inserir no relat\u00f3rio um <strong>dispositivo que permita a compensa\u00e7\u00e3o \u00e0 ind\u00fastria e varejo nacionais<\/strong>. A ideia \u00e9 determinar a reavalia\u00e7\u00e3o da medida periodicamente pelo Minist\u00e9rio da Fazenda para constatar os impactos e, em caso de preju\u00edzos consider\u00e1veis, disponibilizar formas de compensa\u00e7\u00e3o.<\/p>\n<p>A previs\u00e3o era que o relat\u00f3rio fosse lido na comiss\u00e3o que analisa a MP na segunda-feira. No entanto, ap\u00f3s impasses, reuni\u00f5es com as lideran\u00e7as do Congresso e dois adiamentos, uma nova sess\u00e3o do colegiado foi marcada para esta quarta-feira (2) para que o parecer seja discutido.<\/p>\n<p>\t\t\t\t\t\t\t\t\t<img loading=\"lazy\" decoding=\"async\" src=\"https:\/\/brasil61.com\/api\/v1\/serve_pixel\/17677\/91373\" alt=\"Pixel Brasil 61\" class=\"b61_pixel\" width=\"0\" height=\"0\"><\/p>\n<input type=\"hidden\" id=\"baseurl\" value=\"https:\/\/noticiasdestaque.com.br\"><input type=\"hidden\" id=\"audio_nonce\" value=\"5e107ffbaa\">","protected":false},"excerpt":{"rendered":"<p>Entidade, que representa mais de 2,3 mil associa\u00e7\u00f5es e 2 milh\u00f5es de empreendedores, defende tratamento ison\u00f4mico entre empresas nacionais e estrangeiras<\/p>\n","protected":false},"author":1,"featured_media":55105,"comment_status":"open","ping_status":"open","sticky":false,"template":"","format":"standard","meta":{"fifu_image_url":"","fifu_image_alt":"","footnotes":""},"categories":[59],"tags":[],"class_list":["post-55062","post","type-post","status-publish","format-standard","has-post-thumbnail","hentry","category-economia"],"distributor_meta":false,"distributor_terms":false,"distributor_media":false,"distributor_original_site_name":"Noticias em Destaque","distributor_original_site_url":"https:\/\/noticiasdestaque.com.br","push-errors":false,"_links":{"self":[{"href":"https:\/\/noticiasdestaque.com.br\/index.php\/wp-json\/wp\/v2\/posts\/55062","targetHints":{"allow":["GET"]}}],"collection":[{"href":"https:\/\/noticiasdestaque.com.br\/index.php\/wp-json\/wp\/v2\/posts"}],"about":[{"href":"https:\/\/noticiasdestaque.com.br\/index.php\/wp-json\/wp\/v2\/types\/post"}],"author":[{"embeddable":true,"href":"https:\/\/noticiasdestaque.com.br\/index.php\/wp-json\/wp\/v2\/users\/1"}],"replies":[{"embeddable":true,"href":"https:\/\/noticiasdestaque.com.br\/index.php\/wp-json\/wp\/v2\/comments?post=55062"}],"version-history":[{"count":1,"href":"https:\/\/noticiasdestaque.com.br\/index.php\/wp-json\/wp\/v2\/posts\/55062\/revisions"}],"predecessor-version":[{"id":55085,"href":"https:\/\/noticiasdestaque.com.br\/index.php\/wp-json\/wp\/v2\/posts\/55062\/revisions\/55085"}],"wp:featuredmedia":[{"embeddable":true,"href":"https:\/\/noticiasdestaque.com.br\/index.php\/wp-json\/wp\/v2\/media\/55105"}],"wp:attachment":[{"href":"https:\/\/noticiasdestaque.com.br\/index.php\/wp-json\/wp\/v2\/media?parent=55062"}],"wp:term":[{"taxonomy":"category","embeddable":true,"href":"https:\/\/noticiasdestaque.com.br\/index.php\/wp-json\/wp\/v2\/categories?post=55062"},{"taxonomy":"post_tag","embeddable":true,"href":"https:\/\/noticiasdestaque.com.br\/index.php\/wp-json\/wp\/v2\/tags?post=55062"}],"curies":[{"name":"wp","href":"https:\/\/api.w.org\/{rel}","templated":true}]}}