{"id":55060,"date":"2026-09-02T04:30:00","date_gmt":"2026-09-02T07:30:00","guid":{"rendered":"https:\/\/noticiasdestaque.com.br\/index.php\/2026\/09\/02\/orcamento-de-2027-governo-estima-salario-minimo-de-r-1-741-e-nao-reajusta-bolsa-familia\/"},"modified":"2026-09-02T04:30:00","modified_gmt":"2026-09-02T07:30:00","slug":"orcamento-de-2027-governo-estima-salario-minimo-de-r-1-741-e-nao-reajusta-bolsa-familia","status":"publish","type":"post","link":"https:\/\/noticiasdestaque.com.br\/index.php\/2026\/09\/02\/orcamento-de-2027-governo-estima-salario-minimo-de-r-1-741-e-nao-reajusta-bolsa-familia\/","title":{"rendered":"Or\u00e7amento de 2027: governo estima sal\u00e1rio m\u00ednimo de R$ 1.741 e n\u00e3o reajusta Bolsa Fam\u00edlia"},"content":{"rendered":"<p>\t\t\t\t\t\t\t\t\t\t\t<audio controls class=\"b61_audio_player\" data-noticia=\"91371\" src=\"https:\/\/brasil61.com\/rails\/active_storage\/blobs\/eyJfcmFpbHMiOnsibWVzc2FnZSI6IkJBaHBBMUJiQkE9PSIsImV4cCI6bnVsbCwicHVyIjoiYmxvYl9pZCJ9fQ==--10555bd76d238667022237ae4e435d383a29c47e\/BRAS2617057A\"><\/audio><\/p>\n<p>\u00a0<\/p>\n<\/p>\n<p>O Governo Federal enviou a <a href=\"https:\/\/www.gov.br\/planejamento\/pt-br\/assuntos\/orcamento\/orcamentos-anuais\/2027\/ploa-2027\/2026_08_31-9h50-00_book_oc_ploa_2026_2027-1.pdf\/@@display-file\/file\" target=\"_blank\">Proposta de Lei Or\u00e7ament\u00e1ria Anual (PLOA) de 2027 (PLN 24\/2026)<\/a> ao Congresso Nacional na \u00faltima segunda-feira (31). Entre os pontos abordados para o or\u00e7amento do ano que vem, o Executivo estima o<strong> sal\u00e1rio m\u00ednimo no valor de R$ 1.741<\/strong>, infla\u00e7\u00e3o de 3,6% e crescimento do produto interno bruto (PIB) de 2,46%. Os <strong>valores para o Programa Bolsa Fam\u00edlia n\u00e3o foram reajustados.<\/strong><\/p>\n<p>O documento tamb\u00e9m apresenta as expectativas de arrecada\u00e7\u00e3o e a fixa\u00e7\u00e3o de quanto o governo vai gastar em cada \u00e1rea. Pelo texto, o <strong>Executivo prev\u00ea taxa b\u00e1sica de juros (Selic) em 12,53% e c\u00e2mbio m\u00e9dio de R$ 5,22 para o d\u00f3lar.<\/strong><\/p>\n<h2>Sal\u00e1rio m\u00ednimo<\/h2>\n<p><strong>O reajuste do sal\u00e1rio m\u00ednimo para 2027 de R$ 1.741 representa aumento de R$ 120 em rela\u00e7\u00e3o ao valor atual, de R$ 1.621. O valor equivale a uma alta de cerca de 7,4% no valor nominal. O montante \u00e9 resultado dos 4,93% do INPC previsto em 12 meses at\u00e9 novembro, e incorpora mais 2,3% de aumento real.<\/strong><\/p>\n<p><strong>O economista Andr\u00e9 Galhardo avalia que o aumento do sal\u00e1rio m\u00ednimo tem efeitos positivos e negativos para a economia. De um lado, o reajuste melhora o poder de compra dos trabalhadores, principalmente das fam\u00edlias de menor renda. De outro, eleva as despesas previdenci\u00e1rias e pressiona as contas p\u00fablicas.<\/strong><\/p>\n<p>Galhardo considera que o ganho real previsto para o sal\u00e1rio m\u00ednimo \u00e9 importante diante do aumento do custo de vida.<\/p>\n<p>\u201cPor outro lado, representa um ganho para o trabalhador. Nada mais justo do que promover algum ganho real, j\u00e1 que s\u00f3 ajustar o sal\u00e1rio m\u00ednimo a partir da varia\u00e7\u00e3o do INPC pode criar algum tipo de distor\u00e7\u00e3o e penalizar algumas regi\u00f5es onde a varia\u00e7\u00e3o do \u00edndice nacional de pre\u00e7o ao consumidor, que \u00e9 utilizada como par\u00e2metro para reajuste, foi eventualmente maior do que a m\u00e9dia nacional\u201d, explica o economista.<\/p>\n<p><strong>Segundo ele, o aumento pode refor\u00e7ar o poder de compra das fam\u00edlias de menor renda, que ainda sentem os efeitos da alta de pre\u00e7os desde a pandemia, especialmente nos produtos essenciais e com alimenta\u00e7\u00e3o, como prote\u00edna animal.<\/strong><\/p>\n<h2>Bolsa Fam\u00edlia<\/h2>\n<p><strong>O PLOA 2027 reserva R$ 157,09 bilh\u00f5es para o programa Bolsa Fam\u00edlia. O montante ficou abaixo dos R$ 158,6 bilh\u00f5es que constam no Or\u00e7amento de 2026 e dos R$ 167,2 bilh\u00f5es projetados para 2025.<\/strong><\/p>\n<p>Em rela\u00e7\u00e3o ao programa social, o economista Andr\u00e9 Galhardo avalia que a manuten\u00e7\u00e3o dos gastos previstos no Or\u00e7amento para 2027 acompanha a redu\u00e7\u00e3o do n\u00famero de benefici\u00e1rios observada nos \u00faltimos anos. Segundo ele, a queda est\u00e1 relacionada tanto ao processo de revis\u00e3o dos cadastros quanto \u00e0 melhora do mercado de trabalho.<\/p>\n<p>\u201cA gente viu um aumento significativo do n\u00famero de benefici\u00e1rios na esteira das elei\u00e7\u00f5es de 2022. O volume de pessoas que recebem o Bolsa Fam\u00edlia aumentou de forma substancial e vem caindo desde 2023, seja por a\u00e7\u00f5es do governo, que vem passando pente-fino para avaliar se as pessoas que est\u00e3o recebendo de fato se enquadram no programa, ou pela quest\u00e3o do mercado de trabalho\u201d, destaca.<\/p>\n<p>\u201cUm mercado de trabalho forte que certamente contribuiu para a redu\u00e7\u00e3o do n\u00famero de benefici\u00e1rios do Bolsa Fam\u00edlia\u201d, completa.<\/p>\n<h2>Super\u00e1vit prim\u00e1rio<\/h2>\n<p><strong>Conforme o texto do Executivo, o super\u00e1vit prim\u00e1rio \u2013 que \u00e9 a diferen\u00e7a entre o que o governo arrecada e o que gasta \u2013 deve ficar em R$ 18,6 bilh\u00f5es. O valor representa pouco mais de 0,1% do PIB.\u00a0<\/strong><\/p>\n<p>Segundo o Minist\u00e9rio do Planejamento e Or\u00e7amento (MPO), o<strong> resultado ajustado<\/strong>, que inclui os descontos previstos pela lei do Regime Fiscal Sustent\u00e1vel, v\u00e1lido para o efeito do cumprimento da meta fiscal, \u00e9 de <strong>R$ 83,4 bilh\u00f5es.\u00a0<\/strong><\/p>\n<p>Na avalia\u00e7\u00e3o do economista, a previs\u00e3o de super\u00e1vit prim\u00e1rio de quase R$ 19 bilh\u00f5es representa um avan\u00e7o na trajet\u00f3ria de reequil\u00edbrio das contas p\u00fablicas. Ele destaca, por\u00e9m, que a margem fiscal continua estreita e exigir\u00e1 esfor\u00e7o do governo para controlar as despesas ao longo de 2027.\u00a0<\/p>\n<p>\u201cH\u00e1 um processo gradual de reequil\u00edbrio das contas p\u00fablicas brasileiras, que \u00e9 o melhor caminho. Um choque para produzir efeitos mais contundentes pode colocar a economia em recess\u00e3o e piorar ainda mais a situa\u00e7\u00e3o fiscal do Brasil\u201d, menciona Galhardo.<\/p>\n<p>O especialista ressalta que, diferentemente dos anos anteriores, a proposta para 2027 prev\u00ea um super\u00e1vit prim\u00e1rio efetivo nas contas p\u00fablicas. Segundo ele, nos exerc\u00edcios anteriores, o resultado fiscal foi beneficiado pela exclus\u00e3o de determinadas despesas extraordin\u00e1rias do c\u00e1lculo da meta, como gastos relacionados \u00e0 recupera\u00e7\u00e3o de desastres e precat\u00f3rios.<\/p>\n<p>Apesar do resultado positivo, Galhardo pondera que o<strong> espa\u00e7o para novas despesas \u00e9 limitado e que o governo poder\u00e1 precisar contingenciar ou bloquear recursos para cumprir a meta.<\/strong><\/p>\n<p>\u201cDe fato, \u00e9 uma margem muito apertada e, para que isso aconte\u00e7a, o governo certamente ter\u00e1 que contingenciar, congelar, bloquear algumas despesas ao longo do caminho. Como n\u00e3o tem uma reforma substancial do lado da despesa, isso limita a capacidade do governo de construir super\u00e1vits mais contundentes\u201d, salienta o economista.<\/p>\n<p>Para ele, o <strong>cen\u00e1rio exigir\u00e1 aten\u00e7\u00e3o durante todo o pr\u00f3ximo ano<\/strong>, especialmente diante de poss\u00edveis press\u00f5es sobre gastos previdenci\u00e1rios e do comportamento da economia.<\/p>\n<h2>Tramita\u00e7\u00e3o<\/h2>\n<p>A proposta do Executivo para a Lei Or\u00e7ament\u00e1ria Anual de 2027 ser\u00e1 examinada pela Comiss\u00e3o Mista de Or\u00e7amento (CMO). Ap\u00f3s, o texto ser\u00e1 apreciado pelo Congresso e seguir\u00e1 para san\u00e7\u00e3o do presidente Lula.<\/p>\n<p>\t\t\t\t\t\t\t\t\t\t<img loading=\"lazy\" decoding=\"async\" src=\"https:\/\/brasil61.com\/api\/v1\/serve_pixel\/17677\/91371\" alt=\"Pixel Brasil 61\" class=\"b61_pixel\" width=\"0\" height=\"0\"><\/p>\n<input type=\"hidden\" id=\"baseurl\" value=\"https:\/\/noticiasdestaque.com.br\"><input type=\"hidden\" id=\"audio_nonce\" value=\"5e107ffbaa\">","protected":false},"excerpt":{"rendered":"<p>Proposta de Lei Or\u00e7ament\u00e1ria Anual (PLOA) de 2027 (PLN 24\/2026) foi enviada pelo Executivo ao Congresso Nacional e prev\u00ea super\u00e1vit prim\u00e1rio efetivo pouco acima de 0,1% do Produto Interno Bruto (PIB)<\/p>\n","protected":false},"author":1,"featured_media":55061,"comment_status":"open","ping_status":"open","sticky":false,"template":"","format":"standard","meta":{"fifu_image_url":"","fifu_image_alt":"","footnotes":""},"categories":[59],"tags":[],"class_list":["post-55060","post","type-post","status-publish","format-standard","has-post-thumbnail","hentry","category-economia"],"distributor_meta":false,"distributor_terms":false,"distributor_media":false,"distributor_original_site_name":"Noticias em Destaque","distributor_original_site_url":"https:\/\/noticiasdestaque.com.br","push-errors":false,"_links":{"self":[{"href":"https:\/\/noticiasdestaque.com.br\/index.php\/wp-json\/wp\/v2\/posts\/55060","targetHints":{"allow":["GET"]}}],"collection":[{"href":"https:\/\/noticiasdestaque.com.br\/index.php\/wp-json\/wp\/v2\/posts"}],"about":[{"href":"https:\/\/noticiasdestaque.com.br\/index.php\/wp-json\/wp\/v2\/types\/post"}],"author":[{"embeddable":true,"href":"https:\/\/noticiasdestaque.com.br\/index.php\/wp-json\/wp\/v2\/users\/1"}],"replies":[{"embeddable":true,"href":"https:\/\/noticiasdestaque.com.br\/index.php\/wp-json\/wp\/v2\/comments?post=55060"}],"version-history":[{"count":0,"href":"https:\/\/noticiasdestaque.com.br\/index.php\/wp-json\/wp\/v2\/posts\/55060\/revisions"}],"wp:featuredmedia":[{"embeddable":true,"href":"https:\/\/noticiasdestaque.com.br\/index.php\/wp-json\/wp\/v2\/media\/55061"}],"wp:attachment":[{"href":"https:\/\/noticiasdestaque.com.br\/index.php\/wp-json\/wp\/v2\/media?parent=55060"}],"wp:term":[{"taxonomy":"category","embeddable":true,"href":"https:\/\/noticiasdestaque.com.br\/index.php\/wp-json\/wp\/v2\/categories?post=55060"},{"taxonomy":"post_tag","embeddable":true,"href":"https:\/\/noticiasdestaque.com.br\/index.php\/wp-json\/wp\/v2\/tags?post=55060"}],"curies":[{"name":"wp","href":"https:\/\/api.w.org\/{rel}","templated":true}]}}