{"id":55046,"date":"2026-09-01T18:40:00","date_gmt":"2026-09-01T21:40:00","guid":{"rendered":"https:\/\/noticiasdestaque.com.br\/index.php\/2026\/09\/01\/o-tempo-e-a-temperatura-sul-tera-quarta-feira-com-poucas-nuvens-e-temperaturas-entre-6c-e-19c\/"},"modified":"2026-09-01T18:40:00","modified_gmt":"2026-09-01T21:40:00","slug":"o-tempo-e-a-temperatura-sul-tera-quarta-feira-com-poucas-nuvens-e-temperaturas-entre-6c-e-19c","status":"publish","type":"post","link":"https:\/\/noticiasdestaque.com.br\/index.php\/2026\/09\/01\/o-tempo-e-a-temperatura-sul-tera-quarta-feira-com-poucas-nuvens-e-temperaturas-entre-6c-e-19c\/","title":{"rendered":"O TEMPO E A TEMPERATURA: Sul ter\u00e1 quarta-feira com poucas nuvens e temperaturas entre 6\u00b0C e 19\u00b0C"},"content":{"rendered":"<p>\t\t\t\t\t\t\t\t\t\t\t<audio controls class=\"b61_audio_player\" data-noticia=\"91360\" src=\"https:\/\/brasil61.com\/rails\/active_storage\/blobs\/eyJfcmFpbHMiOnsibWVzc2FnZSI6IkJBaHBBME5iQkE9PSIsImV4cCI6bnVsbCwicHVyIjoiYmxvYl9pZCJ9fQ==--575bd9bf814031a0ea99682c24b6afd65d15a438\/PTRS264430A\"><\/audio><\/p>\n<p>A quarta-feira (2) ter\u00e1 predom\u00ednio de<strong> poucas nuvens nos tr\u00eas estados da Regi\u00e3o Sul<\/strong>, sem indica\u00e7\u00e3o de chuva, segundo o <a href=\"https:\/\/portal.inmet.gov.br\/\"><strong>Instituto Nacional de Meteorologia (Inmet)<\/strong><\/a>.<\/p>\n<p>No <strong>Paran\u00e1<\/strong>, a condi\u00e7\u00e3o de <strong>poucas nuvens <\/strong>predomina no estado. Em <strong>Curitiba<\/strong>, os term\u00f4metros variam entre <strong>6\u00b0C <\/strong>e <strong>19\u00b0C<\/strong>.<\/p>\n<p>Em<strong> Santa Catarina<\/strong>, o cen\u00e1rio tamb\u00e9m ser\u00e1 de <strong>poucas nuvens<\/strong> ao longo do dia. Na capital, <strong>Florian\u00f3polis<\/strong>, a temperatura m\u00ednima ser\u00e1 de <strong>12\u00b0C<\/strong>, e a m\u00e1xima chega a <strong>18\u00b0C<\/strong>.<\/p>\n<p>No <strong>Rio Grande do Sul<\/strong>, a previs\u00e3o indica <strong>poucas nuvens<\/strong> na maior parte do estado. Em<strong> Porto Alegre<\/strong>, a m\u00ednima prevista \u00e9 de<strong> 8\u00b0C<\/strong>, enquanto a m\u00e1xima alcan\u00e7a <strong>18\u00b0C<\/strong>.<br \/>\n\u00a0<\/p>\n<h2><strong>5 motivos para acompanhar as previs\u00f5es do tempo<\/strong><\/h2>\n<ul>\n<li>Agricultura: garantia de uma boa colheita;<\/li>\n<li>Marinha: prote\u00e7\u00e3o de marinheiros, navios e passageiros;<\/li>\n<li>Aeron\u00e1utica: seguran\u00e7a de pilotos, aeronaves e passageiros;<\/li>\n<li>Pesca: condi\u00e7\u00f5es favor\u00e1veis e seguras para a atividade;<\/li>\n<li>Turismo: garantia de passeios e viagens tranquilas e agrad\u00e1veis.<\/li>\n<\/ul>\n<h2><strong>Import\u00e2ncia das observa\u00e7\u00f5es meteorol\u00f3gicas no INMET<\/strong><\/h2>\n<p>As observa\u00e7\u00f5es meteorol\u00f3gicas do INMET s\u00e3o essenciais para previs\u00f5es em tempo real, estat\u00edsticas clim\u00e1ticas e coopera\u00e7\u00e3o internacional. Esses dados precisos ajudam a estudar o clima passado e a produzir Normais Climatol\u00f3gicas conforme a Organiza\u00e7\u00e3o Meteorol\u00f3gica Mundial (<a href=\"https:\/\/worldweather.wmo.int\/pt\/home.html\">OMM<\/a>).<\/p>\n<p data-end=\"305\" data-start=\"0\"><strong>As informa\u00e7\u00f5es s\u00e3o do Instituto Nacional de Meteorologia (<a href=\"https:\/\/portal.inmet.gov.br\/\">Inmet<\/a>).<\/strong><\/p>\n<p>\u00a0<\/p>\n<p>\t\t\t\t\t\t\t\t\t\t<img loading=\"lazy\" decoding=\"async\" src=\"https:\/\/brasil61.com\/api\/v1\/serve_pixel\/17677\/91360\" alt=\"Pixel Brasil 61\" class=\"b61_pixel\" width=\"0\" height=\"0\"><\/p>\n<input type=\"hidden\" id=\"baseurl\" value=\"https:\/\/noticiasdestaque.com.br\"><input type=\"hidden\" id=\"audio_nonce\" value=\"5e107ffbaa\">","protected":false},"excerpt":{"rendered":"<p>Tempo permanece sem previs\u00e3o de chuva nas capitais dos tr\u00eas estados da Regi\u00e3o Sul<\/p>\n","protected":false},"author":1,"featured_media":55047,"comment_status":"open","ping_status":"open","sticky":false,"template":"","format":"standard","meta":{"fifu_image_url":"","fifu_image_alt":"","footnotes":""},"categories":[58],"tags":[],"class_list":["post-55046","post","type-post","status-publish","format-standard","has-post-thumbnail","hentry","category-cotidiano"],"distributor_meta":false,"distributor_terms":false,"distributor_media":false,"distributor_original_site_name":"Noticias em Destaque","distributor_original_site_url":"https:\/\/noticiasdestaque.com.br","push-errors":false,"_links":{"self":[{"href":"https:\/\/noticiasdestaque.com.br\/index.php\/wp-json\/wp\/v2\/posts\/55046","targetHints":{"allow":["GET"]}}],"collection":[{"href":"https:\/\/noticiasdestaque.com.br\/index.php\/wp-json\/wp\/v2\/posts"}],"about":[{"href":"https:\/\/noticiasdestaque.com.br\/index.php\/wp-json\/wp\/v2\/types\/post"}],"author":[{"embeddable":true,"href":"https:\/\/noticiasdestaque.com.br\/index.php\/wp-json\/wp\/v2\/users\/1"}],"replies":[{"embeddable":true,"href":"https:\/\/noticiasdestaque.com.br\/index.php\/wp-json\/wp\/v2\/comments?post=55046"}],"version-history":[{"count":0,"href":"https:\/\/noticiasdestaque.com.br\/index.php\/wp-json\/wp\/v2\/posts\/55046\/revisions"}],"wp:featuredmedia":[{"embeddable":true,"href":"https:\/\/noticiasdestaque.com.br\/index.php\/wp-json\/wp\/v2\/media\/55047"}],"wp:attachment":[{"href":"https:\/\/noticiasdestaque.com.br\/index.php\/wp-json\/wp\/v2\/media?parent=55046"}],"wp:term":[{"taxonomy":"category","embeddable":true,"href":"https:\/\/noticiasdestaque.com.br\/index.php\/wp-json\/wp\/v2\/categories?post=55046"},{"taxonomy":"post_tag","embeddable":true,"href":"https:\/\/noticiasdestaque.com.br\/index.php\/wp-json\/wp\/v2\/tags?post=55046"}],"curies":[{"name":"wp","href":"https:\/\/api.w.org\/{rel}","templated":true}]}}